{"id":22207,"date":"2021-11-21T08:33:11","date_gmt":"2021-11-21T09:33:11","guid":{"rendered":"https:\/\/guidetotheazores.pt\/webcams-auf-den-azoren\/"},"modified":"2026-05-30T15:28:31","modified_gmt":"2026-05-30T16:28:31","slug":"webcams-auf-den-azoren","status":"publish","type":"post","link":"https:\/\/guidetotheazores.pt\/it\/webcams-auf-den-azoren\/","title":{"rendered":"Webcam nelle Azzorre"},"content":{"rendered":"\t\t<div data-elementor-type=\"wp-post\" data-elementor-id=\"22207\" class=\"elementor elementor-22207 elementor-6869\" data-elementor-post-type=\"post\">\n\t\t\t\t\t\t<section class=\"wd-negative-gap elementor-section elementor-top-section elementor-element elementor-element-087bbfe elementor-section-boxed elementor-section-height-default elementor-section-height-default\" data-id=\"087bbfe\" data-element_type=\"section\" data-e-type=\"section\">\n\t\t\t\t\t\t<div class=\"elementor-container elementor-column-gap-default\">\n\t\t\t\t\t<div class=\"elementor-column elementor-col-100 elementor-top-column elementor-element elementor-element-4db95f4\" data-id=\"4db95f4\" data-element_type=\"column\" data-e-type=\"column\">\n\t\t\t<div class=\"elementor-widget-wrap elementor-element-populated\">\n\t\t\t\t\t\t<div class=\"elementor-element elementor-element-bbd17df color-scheme-inherit text-left elementor-widget elementor-widget-text-editor\" data-id=\"bbd17df\" data-element_type=\"widget\" data-e-type=\"widget\" data-widget_type=\"text-editor.default\">\n\t\t\t\t<div class=\"elementor-widget-container\">\n\t\t\t\t\t\t\t\t\t<h2 style=\"text-align: center;\">Una raccolta di webcam nelle Azzorre<\/h2><p style=\"text-align: center;\">Hai una webcam?<\/p><p style=\"text-align: center;\"><a href=\"https:\/\/guidetotheazores.pt\/it\/contattateci\/\">Contattateci<\/a> per aggiungerla a questa pagina!<\/p>\t\t\t\t\t\t\t\t<\/div>\n\t\t\t\t<\/div>\n\t\t\t\t\t<\/div>\n\t\t<\/div>\n\t\t\t\t\t<\/div>\n\t\t<\/section>\n\t\t\t\t<section class=\"wd-negative-gap elementor-section elementor-top-section elementor-element elementor-element-8f6faa1 elementor-section-boxed elementor-section-height-default elementor-section-height-default\" data-id=\"8f6faa1\" data-element_type=\"section\" data-e-type=\"section\">\n\t\t\t\t\t\t<div class=\"elementor-container elementor-column-gap-default\">\n\t\t\t\t\t<div class=\"elementor-column elementor-col-50 elementor-top-column elementor-element elementor-element-922e11a\" data-id=\"922e11a\" data-element_type=\"column\" data-e-type=\"column\">\n\t\t\t<div class=\"elementor-widget-wrap elementor-element-populated\">\n\t\t\t\t\t\t<div class=\"elementor-element elementor-element-72ab5da elementor-widget elementor-widget-heading\" data-id=\"72ab5da\" data-element_type=\"widget\" data-e-type=\"widget\" data-widget_type=\"heading.default\">\n\t\t\t\t<div class=\"elementor-widget-container\">\n\t\t\t\t\t<h2 class=\"elementor-heading-title elementor-size-default\">Faial - Capelinhos Volcano<\/h2>\t\t\t\t<\/div>\n\t\t\t\t<\/div>\n\t\t\t\t<div class=\"elementor-element elementor-element-bc10c4b elementor-widget elementor-widget-html\" data-id=\"bc10c4b\" data-element_type=\"widget\" data-e-type=\"widget\" data-widget_type=\"html.default\">\n\t\t\t\t<div class=\"elementor-widget-container\">\n\t\t\t\t\t<a name=\"windy-webcam-timelapse-player\" data-id=\"1700124824\" data-play=\"day\" data-loop=\"0\" data-auto-play=\"0\" data-force-full-screen-on-overlay-play=\"0\" data-interactive=\"1\" href=\"https:\/\/windy.com\/webcams\/1700124824\" target=\"_blank\" rel=\"noopener\">Capelo ' Ovest: Parcheggio del vulcano Capelinhos - Centro di interpretazione del vulcano Capelinhos<\/a><script async=\"\" type=\"text\/javascript\" src=\"https:\/\/webcams.windy.com\/webcams\/public\/embed\/v2\/script\/player.js\"><\/script>\t\t\t\t<\/div>\n\t\t\t\t<\/div>\n\t\t\t\t\t<\/div>\n\t\t<\/div>\n\t\t\t\t<div class=\"elementor-column elementor-col-50 elementor-top-column elementor-element elementor-element-74743cd\" data-id=\"74743cd\" data-element_type=\"column\" data-e-type=\"column\">\n\t\t\t<div class=\"elementor-widget-wrap elementor-element-populated\">\n\t\t\t\t\t\t<div class=\"elementor-element elementor-element-8e1d429 elementor-widget elementor-widget-heading\" data-id=\"8e1d429\" data-element_type=\"widget\" data-e-type=\"widget\" data-widget_type=\"heading.default\">\n\t\t\t\t<div class=\"elementor-widget-container\">\n\t\t\t\t\t<h2 class=\"elementor-heading-title elementor-size-default\">Pico - Lajes do Pico<\/h2>\t\t\t\t<\/div>\n\t\t\t\t<\/div>\n\t\t\t\t<div class=\"elementor-element elementor-element-47cd491 elementor-widget elementor-widget-html\" data-id=\"47cd491\" data-element_type=\"widget\" data-e-type=\"widget\" data-widget_type=\"html.default\">\n\t\t\t\t<div class=\"elementor-widget-container\">\n\t\t\t\t\t<a name=\"windy-webcam-timelapse-player\" data-id=\"1516812292\" data-play=\"day\" data-loop=\"0\" data-auto-play=\"0\" data-force-full-screen-on-overlay-play=\"0\" data-interactive=\"1\" href=\"https:\/\/windy.com\/webcams\/1516812292\" target=\"_blank\" rel=\"noopener\">Ribeira do Meio: Isola di Pico - Monte Pico<\/a><script async=\"\" type=\"text\/javascript\" src=\"https:\/\/webcams.windy.com\/webcams\/public\/embed\/v2\/script\/player.js\"><\/script>\t\t\t\t<\/div>\n\t\t\t\t<\/div>\n\t\t\t\t\t<\/div>\n\t\t<\/div>\n\t\t\t\t\t<\/div>\n\t\t<\/section>\n\t\t\t\t<section class=\"wd-negative-gap elementor-section elementor-top-section elementor-element elementor-element-8054072 elementor-section-boxed elementor-section-height-default elementor-section-height-default\" data-id=\"8054072\" data-element_type=\"section\" data-e-type=\"section\">\n\t\t\t\t\t\t<div class=\"elementor-container elementor-column-gap-default\">\n\t\t\t\t\t<div class=\"elementor-column elementor-col-100 elementor-top-column elementor-element elementor-element-2107b9b\" data-id=\"2107b9b\" data-element_type=\"column\" data-e-type=\"column\">\n\t\t\t<div class=\"elementor-widget-wrap elementor-element-populated\">\n\t\t\t\t\t\t<div class=\"elementor-element elementor-element-ccb8fa1 elementor-widget-divider--view-line elementor-widget elementor-widget-divider\" data-id=\"ccb8fa1\" data-element_type=\"widget\" data-e-type=\"widget\" data-widget_type=\"divider.default\">\n\t\t\t\t<div class=\"elementor-widget-container\">\n\t\t\t\t\t\t\t<div class=\"elementor-divider\">\n\t\t\t<span class=\"elementor-divider-separator\">\n\t\t\t\t\t\t<\/span>\n\t\t<\/div>\n\t\t\t\t\t\t<\/div>\n\t\t\t\t<\/div>\n\t\t\t\t\t<\/div>\n\t\t<\/div>\n\t\t\t\t\t<\/div>\n\t\t<\/section>\n\t\t\t\t<section class=\"elementor-section elementor-top-section elementor-element elementor-element-156fe14 elementor-section-boxed elementor-section-height-default elementor-section-height-default\" data-id=\"156fe14\" data-element_type=\"section\" data-e-type=\"section\">\n\t\t\t\t\t\t<div class=\"elementor-container elementor-column-gap-default\">\n\t\t\t\t\t<div class=\"elementor-column elementor-col-100 elementor-top-column elementor-element elementor-element-52496eb\" data-id=\"52496eb\" data-element_type=\"column\" data-e-type=\"column\">\n\t\t\t<div class=\"elementor-widget-wrap elementor-element-populated\">\n\t\t\t\t\t\t<div class=\"elementor-element elementor-element-8b7aacf wd-width-100 elementor-widget elementor-widget-wd_products\" data-id=\"8b7aacf\" data-element_type=\"widget\" data-e-type=\"widget\" data-widget_type=\"wd_products.default\">\n\t\t\t\t<div class=\"elementor-widget-container\">\n\t\t\t\t\t\t\t\t\t\t<div class=\"wd-products-element with-title\">\n\n\t\t\t\t\t\t\t<h4 class=\"wd-el-title title element-title\">Tour e alloggi selezionati dai nostri partner locali<\/h4>\t\t\t\n\t\t\t\n\t\t\t\n\t\t\t\n\t\t\t<div class=\"products wd-products grid-columns-3 elements-grid title-line-two wd-grid-g\" data-paged=\"1\" data-atts=\"{&quot;speed&quot;:null,&quot;slides_per_view&quot;:null,&quot;slides_per_view_tablet&quot;:null,&quot;slides_per_view_mobile&quot;:null,&quot;wrap&quot;:null,&quot;autoplay&quot;:null,&quot;autoheight&quot;:null,&quot;hide_pagination_control&quot;:null,&quot;hide_pagination_control_tablet&quot;:null,&quot;hide_pagination_control_mobile&quot;:null,&quot;dynamic_pagination_control&quot;:null,&quot;hide_prev_next_buttons&quot;:null,&quot;carousel_arrows_position&quot;:null,&quot;hide_scrollbar&quot;:null,&quot;hide_scrollbar_tablet&quot;:null,&quot;hide_scrollbar_mobile&quot;:null,&quot;scroll_per_page&quot;:null,&quot;center_mode&quot;:null,&quot;spacing&quot;:&quot;&quot;,&quot;carousel_sync&quot;:null,&quot;sync_parent_id&quot;:null,&quot;sync_child_id&quot;:null,&quot;scroll_carousel_init&quot;:null,&quot;disable_overflow_carousel&quot;:null,&quot;element_title&quot;:&quot;Tour e alloggi selezionati dai nostri partner locali&quot;,&quot;include&quot;:null,&quot;taxonomies&quot;:[&quot;638&quot;,&quot;19261&quot;],&quot;orderby&quot;:&quot;rand&quot;,&quot;meta_key&quot;:null,&quot;shop_tools&quot;:null,&quot;ajax_recently_viewed&quot;:null,&quot;pagination_arrows_position&quot;:null,&quot;items_per_page&quot;:3,&quot;columns&quot;:{&quot;unit&quot;:&quot;px&quot;,&quot;size&quot;:3,&quot;sizes&quot;:[]},&quot;columns_tablet&quot;:{&quot;unit&quot;:&quot;px&quot;,&quot;size&quot;:&quot;&quot;,&quot;sizes&quot;:[]},&quot;columns_mobile&quot;:{&quot;unit&quot;:&quot;px&quot;,&quot;size&quot;:&quot;&quot;,&quot;sizes&quot;:[]},&quot;products_masonry&quot;:&quot;&quot;,&quot;products_different_sizes&quot;:&quot;&quot;,&quot;product_quantity&quot;:&quot;&quot;,&quot;sale_countdown&quot;:&quot;0&quot;,&quot;stretch_product&quot;:null,&quot;stretch_product_tablet&quot;:null,&quot;stretch_product_mobile&quot;:null,&quot;stock_progress_bar&quot;:&quot;0&quot;,&quot;highlighted_products&quot;:&quot;0&quot;,&quot;products_divider&quot;:null,&quot;products_bordered_grid&quot;:&quot;&quot;,&quot;products_bordered_grid_style&quot;:null,&quot;products_with_background&quot;:&quot;0&quot;,&quot;products_shadow&quot;:&quot;0&quot;,&quot;img_size_custom&quot;:null,&quot;grid_gallery_control&quot;:null,&quot;grid_gallery_enable_arrows&quot;:null,&quot;elementor&quot;:true,&quot;force_not_ajax&quot;:&quot;no&quot;}\" data-source=\"shortcode\" data-columns=\"3\" data-grid-gallery=\"\" style=\"--wd-col-lg:3;--wd-col-md:3;--wd-col-sm:2;--wd-gap-lg:20px;--wd-gap-sm:10px;\">\n\t\t\n\t\t\t\t\t\t\t\t<div class=\"wd-product wd-hover-base wd-hover-with-fade wd-col product-grid-item product product-no-swatches type-product post-15994 status-publish instock product_cat-alloggiamento-locale product_cat-pico-it product_cat-sistemazione product_cat-tutte-le-isole product_tag-isoladipico has-post-thumbnail virtual sold-individually taxable purchasable product-type-phive_booking\" data-loop=\"1\" data-id=\"15994\">\n\t\n\t\n<div class=\"product-wrapper\">\n\t<div class=\"content-product-imagin\"><\/div>\n\t<div class=\"product-element-top wd-quick-shop\">\n\t\t<a href=\"https:\/\/guidetotheazores.pt\/it\/prodotto\/suite-pico\/\" class=\"product-image-link\" tabindex=\"-1\" aria-label=\"Suite Pico &#8211; Matrimoniale con vasca idromassaggio\">\n\t\t\t<img decoding=\"async\" width=\"300\" height=\"225\" src=\"https:\/\/guidetotheazores.pt\/wp-content\/uploads\/2024\/03\/Miradouro-da-Papalva-Guide-to-the-Azores-Pico-2-300x225.jpg\" class=\"attachment-woocommerce_thumbnail size-woocommerce_thumbnail\" alt=\"Miradouro da Papalva - Guida alle Azzorre - Pico\" \/>\t\t<\/a>\n\n\t\t\t\t\t<div class=\"hover-img\">\n\t\t\t\t<img decoding=\"async\" width=\"300\" height=\"225\" src=\"https:\/\/guidetotheazores.pt\/wp-content\/uploads\/2024\/03\/Miradouro-da-Papalva-Guide-to-the-Azores-Pico-2-300x225.png\" class=\"attachment-woocommerce_thumbnail size-woocommerce_thumbnail\" alt=\"Miradouro da Papalva - Guida alle Azzorre - Pico\" \/>\t\t\t<\/div>\n\t\t\t\n\t\t<div class=\"wrapp-swatches\"><\/div>\n\t<\/div>\n\n\t<div class=\"product-element-bottom product-information\">\n\t\t<h3 class=\"wd-entities-title\"><a href=\"https:\/\/guidetotheazores.pt\/it\/prodotto\/suite-pico\/\">Suite Pico &#8211; Matrimoniale con vasca idromassaggio<\/a><\/h3>\t\t\t\t<div class=\"product-rating-price\">\n\t\t\t<div class=\"wrapp-product-price\">\n\t\t\t\t\n\t<span class=\"price\"><span class=\"woocommerce-Price-amount amount\"><bdi><span class=\"woocommerce-Price-currencySymbol\">&euro;<\/span>130.00<\/bdi><\/span>&nbsp;<span class = \"ph-bookings-display-cost-suffix\">From<\/span><\/span>\n        <\/a>\n                            <span class=\"details\">\n                        <a href=\"https:\/\/guidetotheazores.pt\/it\/partner\/miradouro-da-papalva\/\">Miradouro da Papalva<\/a>                    <\/span>\n            \t\t\t\t\t\t\t<\/div>\n\t\t<\/div>\n\t\t\t\t<div class=\"fade-in-block wd-scroll\">\n\t\t\t<div class=\"hover-content wd-more-desc\">\n\t\t\t\t<div class=\"hover-content-inner wd-more-desc-inner\">\n\t\t\t\t\t<p style=\"color: #000000; font-family: 'Helvetica Neue', Helvetica, Roboto, Arial, sans-serif; margin: 0px 0px 20px;\">Con una vista sulla maestosa Montagna Pico e sull'Oceano Atlantico, la Pico Suite offre agli ospiti una favolosa prospettiva panoramica.<span class=\"Apple-converted-space\"> <\/span><\/p>\n<p style=\"color: #000000; font-family: 'Helvetica Neue', Helvetica, Roboto, Arial, sans-serif; margin: 0px 0px 20px;\">Le caratteristiche includono un comodo letto matrimoniale (o due singoli) con la comodit\u00e0 di una lussuosa vasca idromassaggio, un frigorifero, un set per la preparazione di t\u00e8 e caff\u00e8 e un tavolo in pietra lavica.<\/p>\t\t\t\t<\/div>\n\t\t\t\t<a href=\"#\" rel=\"nofollow\" class=\"wd-more-desc-btn\" aria-label=\"Read more description\"><\/a>\n\t\t\t<\/div>\n\t\t\t<div class=\" wd-bottom-actions\">\n\t\t\t\t<div class=\"wrap-wishlist-button\"><\/div>\n\t\t\t\t<div class=\"wd-add-btn wd-add-btn-replace\">\n\t\t\t\t\t<a href=\"https:\/\/guidetotheazores.pt\/it\/prodotto\/suite-pico\/\" aria-describedby=\"woocommerce_loop_add_to_cart_link_describedby_15994\" data-quantity=\"1\" class=\"button product_type_phive_booking add_to_cart_button add-to-cart-loop\" data-product_id=\"15994\" data-product_sku=\"\" aria-label=\"Leggi di pi\u00f9 su &quot;Suite Pico - Matrimoniale con vasca idromassaggio&quot;\" rel=\"nofollow\"><span>Prenota Ora<\/span><\/a>\t<span id=\"woocommerce_loop_add_to_cart_link_describedby_15994\" class=\"screen-reader-text\">\n\t\t\t<\/span>\n\t\t\t\t\t\t\t\t\t\t\t\t\t\t\t\t\t\t\t\t<\/div>\n\t\t\t\t<div class=\"wrap-quickview-button\"><\/div>\n\t\t\t<\/div>\n\n\t\t\t\t\t\t\n\t\t\t\t\t<\/div>\n\t<\/div>\n<\/div>\n<\/div>\n\t\t\t\t\t\t\t\t<div class=\"wd-product wd-hover-base wd-hover-with-fade wd-col product-grid-item product product-no-swatches type-product post-13699 status-publish instock product_cat-attivita product_cat-pico-it product_cat-tutte-le-isole product_cat-visite-guidate product_tag-isoladipico has-post-thumbnail taxable shipping-taxable product-type-external\" data-loop=\"2\" data-id=\"13699\">\n\t\n\t\n<div class=\"product-wrapper\">\n\t<div class=\"content-product-imagin\"><\/div>\n\t<div class=\"product-element-top wd-quick-shop\">\n\t\t<a href=\"https:\/\/guidetotheazores.pt\/it\/prodotto\/tour-del-vino-di-mezza-giornata\/\" class=\"product-image-link\" tabindex=\"-1\" aria-label=\"Tour del vino di mezza giornata\">\n\t\t\t<img decoding=\"async\" width=\"300\" height=\"225\" src=\"https:\/\/guidetotheazores.pt\/wp-content\/uploads\/2024\/02\/Tripix-Guide-to-the-Azores-Wine-Half-Day-Tour-I-300x225.jpg\" class=\"attachment-woocommerce_thumbnail size-woocommerce_thumbnail\" alt=\"Tripix - Guida delle Azzorre - Tour del vino di mezza giornata\" srcset=\"https:\/\/guidetotheazores.pt\/wp-content\/uploads\/2024\/02\/Tripix-Guide-to-the-Azores-Wine-Half-Day-Tour-I-300x225.jpg 300w, https:\/\/guidetotheazores.pt\/wp-content\/uploads\/2024\/02\/Tripix-Guide-to-the-Azores-Wine-Half-Day-Tour-I-1024x768.jpg 1024w, https:\/\/guidetotheazores.pt\/wp-content\/uploads\/2024\/02\/Tripix-Guide-to-the-Azores-Wine-Half-Day-Tour-I-768x576.jpg 768w, https:\/\/guidetotheazores.pt\/wp-content\/uploads\/2024\/02\/Tripix-Guide-to-the-Azores-Wine-Half-Day-Tour-I-1536x1152.jpg 1536w, https:\/\/guidetotheazores.pt\/wp-content\/uploads\/2024\/02\/Tripix-Guide-to-the-Azores-Wine-Half-Day-Tour-I-600x450.jpg 600w, https:\/\/guidetotheazores.pt\/wp-content\/uploads\/2024\/02\/Tripix-Guide-to-the-Azores-Wine-Half-Day-Tour-I-150x113.jpg 150w, https:\/\/guidetotheazores.pt\/wp-content\/uploads\/2024\/02\/Tripix-Guide-to-the-Azores-Wine-Half-Day-Tour-I.jpg 2048w\" sizes=\"(max-width: 300px) 100vw, 300px\" \/>\t\t<\/a>\n\n\t\t\t\t\t<div class=\"hover-img\">\n\t\t\t\t<img decoding=\"async\" width=\"300\" height=\"225\" src=\"https:\/\/guidetotheazores.pt\/wp-content\/uploads\/2024\/02\/Tripix-Guide-to-the-Azores-Wine-Half-Day-Tour-II-300x225.jpg\" class=\"attachment-woocommerce_thumbnail size-woocommerce_thumbnail\" alt=\"Tripix - Guida delle Azzorre - Tour del vino di mezza giornata\" srcset=\"https:\/\/guidetotheazores.pt\/wp-content\/uploads\/2024\/02\/Tripix-Guide-to-the-Azores-Wine-Half-Day-Tour-II-300x225.jpg 300w, https:\/\/guidetotheazores.pt\/wp-content\/uploads\/2024\/02\/Tripix-Guide-to-the-Azores-Wine-Half-Day-Tour-II-600x450.jpg 600w\" sizes=\"(max-width: 300px) 100vw, 300px\" \/>\t\t\t<\/div>\n\t\t\t\n\t\t<div class=\"wrapp-swatches\"><\/div>\n\t<\/div>\n\n\t<div class=\"product-element-bottom product-information\">\n\t\t<h3 class=\"wd-entities-title\"><a href=\"https:\/\/guidetotheazores.pt\/it\/prodotto\/tour-del-vino-di-mezza-giornata\/\">Tour del vino di mezza giornata<\/a><\/h3>\t\t\t\t<div class=\"product-rating-price\">\n\t\t\t<div class=\"wrapp-product-price\">\n\t\t\t\t\n        <\/a>\n                            <span class=\"details\">\n                        <a href=\"https:\/\/guidetotheazores.pt\/it\/partner\/tripix\/\">Tripix Azores<\/a>                    <\/span>\n            \t\t\t\t\t\t\t<\/div>\n\t\t<\/div>\n\t\t\t\t<div class=\"fade-in-block wd-scroll\">\n\t\t\t<div class=\"hover-content wd-more-desc\">\n\t\t\t\t<div class=\"hover-content-inner wd-more-desc-inner\">\n\t\t\t\t\tIn questa esperienza condensata ma arricchente, immergiti nel mondo dei vini Pico, rinomati per il loro carattere unico e la loro ricca storia. Visita vigneti storici, assaggia vini eccezionali e incontra produttori appassionati che danno vita a questa tradizione vinicola. \n\n<script src=\"https:\/\/fareharbor.com\/embeds\/script\/calendar\/tripixazores\/items\/614411\/?asn=fhdn-eur&amp;asn-ref=guidetotheazores&amp;ref=guidetotheazores&amp;bookable-only=yes&amp;full-items=yes&amp;marketplace=yes&amp;flow=no&amp;branding=no\"><\/script>\n\nDurata: 4 ore\nPunto di incontro: Ufficio Tripix delle Azzorre\t\t\t\t<\/div>\n\t\t\t\t<a href=\"#\" rel=\"nofollow\" class=\"wd-more-desc-btn\" aria-label=\"Read more description\"><\/a>\n\t\t\t<\/div>\n\t\t\t<div class=\" wd-bottom-actions\">\n\t\t\t\t<div class=\"wrap-wishlist-button\"><\/div>\n\t\t\t\t<div class=\"wd-add-btn wd-add-btn-replace\">\n\t\t\t\t\t<a href=\"\" aria-describedby=\"woocommerce_loop_add_to_cart_link_describedby_13699\" data-quantity=\"1\" class=\"button product_type_external add-to-cart-loop\" data-product_id=\"13699\" data-product_sku=\"\" aria-label=\"Compra &ldquo;Tour del vino di mezza giornata&rdquo;\" rel=\"nofollow\"><span>Acquista prodotto<\/span><\/a>\t<span id=\"woocommerce_loop_add_to_cart_link_describedby_13699\" class=\"screen-reader-text\">\n\t\t\t<\/span>\n\t\t\t\t\t\t\t\t\t\t\t\t\t\t\t\t\t\t\t\t<\/div>\n\t\t\t\t<div class=\"wrap-quickview-button\"><\/div>\n\t\t\t<\/div>\n\n\t\t\t\t\t\t\n\t\t\t\t\t<\/div>\n\t<\/div>\n<\/div>\n<\/div>\n\t\t\t\t\t\t\t\t<div class=\"wd-product wd-hover-base wd-hover-with-fade wd-col product-grid-item product product-no-swatches type-product post-13390 status-publish last instock product_cat-attivita product_cat-pico-it product_cat-tutte-le-isole product_cat-visite-guidate product_tag-isoladipico has-post-thumbnail taxable shipping-taxable product-type-external\" data-loop=\"3\" data-id=\"13390\">\n\t\n\t\n<div class=\"product-wrapper\">\n\t<div class=\"content-product-imagin\"><\/div>\n\t<div class=\"product-element-top wd-quick-shop\">\n\t\t<a href=\"https:\/\/guidetotheazores.pt\/it\/prodotto\/tour-di-pico-di-unintera-giornata\/\" class=\"product-image-link\" tabindex=\"-1\" aria-label=\"Tour di Pico di un&#8217;intera giornata\">\n\t\t\t<img decoding=\"async\" width=\"300\" height=\"225\" src=\"https:\/\/guidetotheazores.pt\/wp-content\/uploads\/2024\/02\/Tripix-Guide-to-the-Azores-Pico-Full-Day-Tour-III-300x225.jpg\" class=\"attachment-woocommerce_thumbnail size-woocommerce_thumbnail\" alt=\"Tripix - Guida delle Azzorre - Tour di Pico di una giornata intera\" srcset=\"https:\/\/guidetotheazores.pt\/wp-content\/uploads\/2024\/02\/Tripix-Guide-to-the-Azores-Pico-Full-Day-Tour-III-300x225.jpg 300w, https:\/\/guidetotheazores.pt\/wp-content\/uploads\/2024\/02\/Tripix-Guide-to-the-Azores-Pico-Full-Day-Tour-III-600x450.jpg 600w\" sizes=\"(max-width: 300px) 100vw, 300px\" \/>\t\t<\/a>\n\n\t\t\t\t\t<div class=\"hover-img\">\n\t\t\t\t<img decoding=\"async\" width=\"300\" height=\"225\" src=\"https:\/\/guidetotheazores.pt\/wp-content\/uploads\/2024\/02\/Tripix-Guide-to-the-Azores-Pico-Full-Day-Tour-I-300x225.jpg\" class=\"attachment-woocommerce_thumbnail size-woocommerce_thumbnail\" alt=\"Tripix - Guida delle Azzorre - Tour di Pico di una giornata intera\" srcset=\"https:\/\/guidetotheazores.pt\/wp-content\/uploads\/2024\/02\/Tripix-Guide-to-the-Azores-Pico-Full-Day-Tour-I-300x225.jpg 300w, https:\/\/guidetotheazores.pt\/wp-content\/uploads\/2024\/02\/Tripix-Guide-to-the-Azores-Pico-Full-Day-Tour-I-600x450.jpg 600w\" sizes=\"(max-width: 300px) 100vw, 300px\" \/>\t\t\t<\/div>\n\t\t\t\n\t\t<div class=\"wrapp-swatches\"><\/div>\n\t<\/div>\n\n\t<div class=\"product-element-bottom product-information\">\n\t\t<h3 class=\"wd-entities-title\"><a href=\"https:\/\/guidetotheazores.pt\/it\/prodotto\/tour-di-pico-di-unintera-giornata\/\">Tour di Pico di un&#8217;intera giornata<\/a><\/h3>\t\t\t\t<div class=\"product-rating-price\">\n\t\t\t<div class=\"wrapp-product-price\">\n\t\t\t\t\n        <\/a>\n                            <span class=\"details\">\n                        <a href=\"https:\/\/guidetotheazores.pt\/it\/partner\/tripix\/\">Tripix Azores<\/a>                    <\/span>\n            \t\t\t\t\t\t\t<\/div>\n\t\t<\/div>\n\t\t\t\t<div class=\"fade-in-block wd-scroll\">\n\t\t\t<div class=\"hover-content wd-more-desc\">\n\t\t\t\t<div class=\"hover-content-inner wd-more-desc-inner\">\n\t\t\t\t\tImmergiti in una giornata ricca di panorami mozzafiato e di un ricco patrimonio culturale. Esplora i vigneti patrimonio dell'UNESCO, scopri le tradizioni baleniere dell'isola e ammira la costa rocciosa che definisce il carattere unico di Pico. Accompagnata dal maestoso Monte Pico, questa esperienza rivela l'autenticit\u00e0 e l'identit\u00e0 dell'isola, offrendo una connessione pi\u00f9 profonda con la sua natura e la sua cultura.  \n\n<script src=\"https:\/\/fareharbor.com\/embeds\/script\/calendar\/tripixazores\/items\/614401\/?asn=fhdn-eur&amp;asn-ref=guidetotheazores&amp;ref=guidetotheazores&amp;bookable-only=yes&amp;full-items=yes&amp;marketplace=yes&amp;flow=no&amp;branding=no\"><\/script>\n\nDurata - 8 ore\nPunto d'incontro - Ufficio Tripix delle Azzorre\t\t\t\t<\/div>\n\t\t\t\t<a href=\"#\" rel=\"nofollow\" class=\"wd-more-desc-btn\" aria-label=\"Read more description\"><\/a>\n\t\t\t<\/div>\n\t\t\t<div class=\" wd-bottom-actions\">\n\t\t\t\t<div class=\"wrap-wishlist-button\"><\/div>\n\t\t\t\t<div class=\"wd-add-btn wd-add-btn-replace\">\n\t\t\t\t\t<a href=\"\" aria-describedby=\"woocommerce_loop_add_to_cart_link_describedby_13390\" data-quantity=\"1\" class=\"button product_type_external add-to-cart-loop\" data-product_id=\"13390\" data-product_sku=\"\" aria-label=\"Compra &ldquo;Tour di Pico di un&#039;intera giornata&rdquo;\" rel=\"nofollow\"><span>Acquista prodotto<\/span><\/a>\t<span id=\"woocommerce_loop_add_to_cart_link_describedby_13390\" class=\"screen-reader-text\">\n\t\t\t<\/span>\n\t\t\t\t\t\t\t\t\t\t\t\t\t\t\t\t\t\t\t\t<\/div>\n\t\t\t\t<div class=\"wrap-quickview-button\"><\/div>\n\t\t\t<\/div>\n\n\t\t\t\t\t\t\n\t\t\t\t\t<\/div>\n\t<\/div>\n<\/div>\n<\/div>\n\t\t\n\t\t\t\t<\/div>\n\t\n\t\t\n\t\t\n\t\t\t\t\t<\/div>\n\t\t\n\t\t\t\t\t\t<\/div>\n\t\t\t\t<\/div>\n\t\t\t\t<div class=\"elementor-element elementor-element-ed4b635 elementor-widget-divider--view-line elementor-widget elementor-widget-divider\" data-id=\"ed4b635\" data-element_type=\"widget\" data-e-type=\"widget\" data-widget_type=\"divider.default\">\n\t\t\t\t<div class=\"elementor-widget-container\">\n\t\t\t\t\t\t\t<div class=\"elementor-divider\">\n\t\t\t<span class=\"elementor-divider-separator\">\n\t\t\t\t\t\t<\/span>\n\t\t<\/div>\n\t\t\t\t\t\t<\/div>\n\t\t\t\t<\/div>\n\t\t\t\t\t<\/div>\n\t\t<\/div>\n\t\t\t\t\t<\/div>\n\t\t<\/section>\n\t\t\t\t<section class=\"wd-negative-gap elementor-section elementor-top-section elementor-element elementor-element-9de8948 elementor-section-boxed elementor-section-height-default elementor-section-height-default\" data-id=\"9de8948\" data-element_type=\"section\" data-e-type=\"section\">\n\t\t\t\t\t\t<div class=\"elementor-container elementor-column-gap-default\">\n\t\t\t\t\t<div class=\"elementor-column elementor-col-50 elementor-top-column elementor-element elementor-element-502bed9\" data-id=\"502bed9\" data-element_type=\"column\" data-e-type=\"column\">\n\t\t\t<div class=\"elementor-widget-wrap elementor-element-populated\">\n\t\t\t\t\t\t<div class=\"elementor-element elementor-element-ac17aec elementor-widget elementor-widget-heading\" data-id=\"ac17aec\" data-element_type=\"widget\" data-e-type=\"widget\" data-widget_type=\"heading.default\">\n\t\t\t\t<div class=\"elementor-widget-container\">\n\t\t\t\t\t<h2 class=\"elementor-heading-title elementor-size-default\">Pico - Cais do Galego<\/h2>\t\t\t\t<\/div>\n\t\t\t\t<\/div>\n\t\t\t\t<div class=\"elementor-element elementor-element-f7fb9c1 elementor-widget elementor-widget-html\" data-id=\"f7fb9c1\" data-element_type=\"widget\" data-e-type=\"widget\" data-widget_type=\"html.default\">\n\t\t\t\t<div class=\"elementor-widget-container\">\n\t\t\t\t\t<a name=\"windy-webcam-timelapse-player\" data-id=\"1214156612\" data-play=\"day\" data-loop=\"0\" data-auto-play=\"0\" data-force-full-screen-on-overlay-play=\"0\" data-interactive=\"1\" href=\"https:\/\/windy.com\/webcams\/1214156612\" target=\"_blank\" rel=\"noopener\">Piedade: Altamora: Cais Do Galego<\/a><script async=\"\" type=\"text\/javascript\" src=\"https:\/\/webcams.windy.com\/webcams\/public\/embed\/v2\/script\/player.js\"><\/script>\t\t\t\t<\/div>\n\t\t\t\t<\/div>\n\t\t\t\t\t<\/div>\n\t\t<\/div>\n\t\t\t\t<div class=\"elementor-column elementor-col-50 elementor-top-column elementor-element elementor-element-c2b63b3\" data-id=\"c2b63b3\" data-element_type=\"column\" data-e-type=\"column\">\n\t\t\t<div class=\"elementor-widget-wrap elementor-element-populated\">\n\t\t\t\t\t\t<div class=\"elementor-element elementor-element-9af6135 elementor-widget elementor-widget-heading\" data-id=\"9af6135\" data-element_type=\"widget\" data-e-type=\"widget\" data-widget_type=\"heading.default\">\n\t\t\t\t<div class=\"elementor-widget-container\">\n\t\t\t\t\t<h2 class=\"elementor-heading-title elementor-size-default\">Terceira - Angra do Heroismo<\/h2>\t\t\t\t<\/div>\n\t\t\t\t<\/div>\n\t\t\t\t<div class=\"elementor-element elementor-element-5733961 elementor-widget elementor-widget-html\" data-id=\"5733961\" data-element_type=\"widget\" data-e-type=\"widget\" data-widget_type=\"html.default\">\n\t\t\t\t<div class=\"elementor-widget-container\">\n\t\t\t\t\t<a name=\"windy-webcam-timelapse-player\" data-id=\"1685451389\" data-play=\"day\" href=\"https:\/\/windy.com\/webcams\/1685451389\" target=\"_blank\" rel=\"noopener\">Angra do Heroismo: Alto da Mem\u00f3ria<\/a><script async=\"\" type=\"text\/javascript\" src=\"https:\/\/webcams.windy.com\/webcams\/public\/embed\/script\/player.js\"><\/script>\t\t\t\t<\/div>\n\t\t\t\t<\/div>\n\t\t\t\t\t<\/div>\n\t\t<\/div>\n\t\t\t\t\t<\/div>\n\t\t<\/section>\n\t\t\t\t<section class=\"elementor-section elementor-top-section elementor-element elementor-element-f44dadd elementor-section-boxed elementor-section-height-default elementor-section-height-default\" data-id=\"f44dadd\" data-element_type=\"section\" data-e-type=\"section\">\n\t\t\t\t\t\t<div class=\"elementor-container elementor-column-gap-default\">\n\t\t\t\t\t<div class=\"elementor-column elementor-col-100 elementor-top-column elementor-element elementor-element-94d2cf4\" data-id=\"94d2cf4\" data-element_type=\"column\" data-e-type=\"column\">\n\t\t\t<div class=\"elementor-widget-wrap elementor-element-populated\">\n\t\t\t\t\t\t<div class=\"elementor-element elementor-element-d70334f wd-width-100 elementor-widget elementor-widget-wd_products\" data-id=\"d70334f\" data-element_type=\"widget\" data-e-type=\"widget\" data-widget_type=\"wd_products.default\">\n\t\t\t\t<div class=\"elementor-widget-container\">\n\t\t\t\t\t\t\t\t\t\t<div class=\"wd-products-element with-title\">\n\n\t\t\t\t\t\t\t<h4 class=\"wd-el-title title element-title\">Tour e alloggi selezionati dai nostri partner locali<\/h4>\t\t\t\n\t\t\t\n\t\t\t\n\t\t\t\n\t\t\t<div class=\"products wd-products grid-columns-3 elements-grid title-line-two wd-grid-g\" data-paged=\"1\" data-atts=\"{&quot;speed&quot;:null,&quot;slides_per_view&quot;:null,&quot;slides_per_view_tablet&quot;:null,&quot;slides_per_view_mobile&quot;:null,&quot;wrap&quot;:null,&quot;autoplay&quot;:null,&quot;autoheight&quot;:null,&quot;hide_pagination_control&quot;:null,&quot;hide_pagination_control_tablet&quot;:null,&quot;hide_pagination_control_mobile&quot;:null,&quot;dynamic_pagination_control&quot;:null,&quot;hide_prev_next_buttons&quot;:null,&quot;carousel_arrows_position&quot;:null,&quot;hide_scrollbar&quot;:null,&quot;hide_scrollbar_tablet&quot;:null,&quot;hide_scrollbar_mobile&quot;:null,&quot;scroll_per_page&quot;:null,&quot;center_mode&quot;:null,&quot;spacing&quot;:&quot;&quot;,&quot;carousel_sync&quot;:null,&quot;sync_parent_id&quot;:null,&quot;sync_child_id&quot;:null,&quot;scroll_carousel_init&quot;:null,&quot;disable_overflow_carousel&quot;:null,&quot;element_title&quot;:&quot;Tour e alloggi selezionati dai nostri partner locali&quot;,&quot;include&quot;:null,&quot;taxonomies&quot;:[&quot;19347&quot;,&quot;19278&quot;],&quot;meta_key&quot;:null,&quot;shop_tools&quot;:null,&quot;ajax_recently_viewed&quot;:null,&quot;pagination_arrows_position&quot;:null,&quot;items_per_page&quot;:3,&quot;columns&quot;:{&quot;unit&quot;:&quot;px&quot;,&quot;size&quot;:3,&quot;sizes&quot;:[]},&quot;columns_tablet&quot;:{&quot;unit&quot;:&quot;px&quot;,&quot;size&quot;:&quot;&quot;,&quot;sizes&quot;:[]},&quot;columns_mobile&quot;:{&quot;unit&quot;:&quot;px&quot;,&quot;size&quot;:&quot;&quot;,&quot;sizes&quot;:[]},&quot;products_masonry&quot;:&quot;&quot;,&quot;products_different_sizes&quot;:&quot;&quot;,&quot;product_quantity&quot;:&quot;&quot;,&quot;sale_countdown&quot;:&quot;0&quot;,&quot;stretch_product&quot;:null,&quot;stretch_product_tablet&quot;:null,&quot;stretch_product_mobile&quot;:null,&quot;stock_progress_bar&quot;:&quot;0&quot;,&quot;highlighted_products&quot;:&quot;0&quot;,&quot;products_divider&quot;:null,&quot;products_bordered_grid&quot;:&quot;0&quot;,&quot;products_bordered_grid_style&quot;:null,&quot;products_with_background&quot;:&quot;0&quot;,&quot;products_shadow&quot;:&quot;0&quot;,&quot;img_size_custom&quot;:null,&quot;grid_gallery_control&quot;:null,&quot;grid_gallery_enable_arrows&quot;:null,&quot;elementor&quot;:true,&quot;force_not_ajax&quot;:&quot;no&quot;}\" data-source=\"shortcode\" data-columns=\"3\" data-grid-gallery=\"\" style=\"--wd-col-lg:3;--wd-col-md:3;--wd-col-sm:2;--wd-gap-lg:20px;--wd-gap-sm:10px;\">\n\t\t\n\t\t\t\t\t\t\t\t<div class=\"wd-product wd-hover-base wd-hover-with-fade wd-col product-grid-item product product-no-swatches type-product post-18876 status-publish instock product_cat-attivita product_cat-terceira-it product_cat-tutte-le-isole product_cat-visite-guidate product_tag-isoladiterceira has-post-thumbnail virtual sold-individually taxable purchasable product-type-phive_booking\" data-loop=\"1\" data-id=\"18876\">\n\t\n\t\n<div class=\"product-wrapper\">\n\t<div class=\"content-product-imagin\"><\/div>\n\t<div class=\"product-element-top wd-quick-shop\">\n\t\t<a href=\"https:\/\/guidetotheazores.pt\/it\/prodotto\/4-picchi-4-vulcani\/\" class=\"product-image-link\" tabindex=\"-1\" aria-label=\"4 picchi, 4 vulcani\">\n\t\t\t<img decoding=\"async\" width=\"300\" height=\"225\" src=\"https:\/\/guidetotheazores.pt\/wp-content\/uploads\/2025\/05\/4-Peaks-4-Vulcanoes-Terceira-Guide-to-the-Azores-4-300x225.jpg\" class=\"attachment-woocommerce_thumbnail size-woocommerce_thumbnail\" alt=\"4 cime, 4 vulcani - Terceira - Guida alle Azzorre\" srcset=\"https:\/\/guidetotheazores.pt\/wp-content\/uploads\/2025\/05\/4-Peaks-4-Vulcanoes-Terceira-Guide-to-the-Azores-4-300x225.jpg 300w, https:\/\/guidetotheazores.pt\/wp-content\/uploads\/2025\/05\/4-Peaks-4-Vulcanoes-Terceira-Guide-to-the-Azores-4-600x450.jpg 600w\" sizes=\"(max-width: 300px) 100vw, 300px\" \/>\t\t<\/a>\n\n\t\t\t\t\t<div class=\"hover-img\">\n\t\t\t\t<img decoding=\"async\" width=\"300\" height=\"225\" src=\"https:\/\/guidetotheazores.pt\/wp-content\/uploads\/2025\/05\/4-Peaks-4-Vulcanoes-Terceira-Guide-to-the-Azores-2-300x225.jpg\" class=\"attachment-woocommerce_thumbnail size-woocommerce_thumbnail\" alt=\"4 Peaks, 4 Vulcanoes - Terceira - Guide to the Azores\" srcset=\"https:\/\/guidetotheazores.pt\/wp-content\/uploads\/2025\/05\/4-Peaks-4-Vulcanoes-Terceira-Guide-to-the-Azores-2-300x225.jpg 300w, https:\/\/guidetotheazores.pt\/wp-content\/uploads\/2025\/05\/4-Peaks-4-Vulcanoes-Terceira-Guide-to-the-Azores-2-600x450.jpg 600w\" sizes=\"(max-width: 300px) 100vw, 300px\" \/>\t\t\t<\/div>\n\t\t\t\n\t\t<div class=\"wrapp-swatches\"><\/div>\n\t<\/div>\n\n\t<div class=\"product-element-bottom product-information\">\n\t\t<h3 class=\"wd-entities-title\"><a href=\"https:\/\/guidetotheazores.pt\/it\/prodotto\/4-picchi-4-vulcani\/\">4 picchi, 4 vulcani<\/a><\/h3>\t\t\t\t<div class=\"product-rating-price\">\n\t\t\t<div class=\"wrapp-product-price\">\n\t\t\t\t\n\t<span class=\"price\"><span class=\"woocommerce-Price-amount amount\"><bdi><span class=\"woocommerce-Price-currencySymbol\">&euro;<\/span>69.00<\/bdi><\/span><\/span>\n        <\/a>\n                            <span class=\"details\">\n                        <a href=\"https:\/\/guidetotheazores.pt\/it\/partner\/greengeneration\/\">GreenGeneration<\/a>                    <\/span>\n            \t\t\t\t\t\t\t<\/div>\n\t\t<\/div>\n\t\t\t\t<div class=\"fade-in-block wd-scroll\">\n\t\t\t<div class=\"hover-content wd-more-desc\">\n\t\t\t\t<div class=\"hover-content-inner wd-more-desc-inner\">\n\t\t\t\t\tNel corso di questa esperienza, scoprirai l'isola di Terceira e i principali fenomeni vulcanici che l'hanno plasmata, che oggi ospitano paesaggi mozzafiato - come l'Algar do Carv\u00e3o, l'unico vulcano al mondo che pu\u00f2 essere visitato a piedi.\t\t\t\t<\/div>\n\t\t\t\t<a href=\"#\" rel=\"nofollow\" class=\"wd-more-desc-btn\" aria-label=\"Read more description\"><\/a>\n\t\t\t<\/div>\n\t\t\t<div class=\" wd-bottom-actions\">\n\t\t\t\t<div class=\"wrap-wishlist-button\"><\/div>\n\t\t\t\t<div class=\"wd-add-btn wd-add-btn-replace\">\n\t\t\t\t\t<a href=\"https:\/\/guidetotheazores.pt\/it\/prodotto\/4-picchi-4-vulcani\/\" aria-describedby=\"woocommerce_loop_add_to_cart_link_describedby_18876\" data-quantity=\"1\" class=\"button product_type_phive_booking add_to_cart_button add-to-cart-loop\" data-product_id=\"18876\" data-product_sku=\"\" aria-label=\"Leggi di pi\u00f9 su &quot;4 picchi, 4 vulcani&quot;\" rel=\"nofollow\"><span>Prenota Ora<\/span><\/a>\t<span id=\"woocommerce_loop_add_to_cart_link_describedby_18876\" class=\"screen-reader-text\">\n\t\t\t<\/span>\n\t\t\t\t\t\t\t\t\t\t\t\t\t\t\t\t\t\t\t\t<\/div>\n\t\t\t\t<div class=\"wrap-quickview-button\"><\/div>\n\t\t\t<\/div>\n\n\t\t\t\t\t\t\n\t\t\t\t\t<\/div>\n\t<\/div>\n<\/div>\n<\/div>\n\t\t\t\t\t\t\t\t<div class=\"wd-product wd-hover-base wd-hover-with-fade wd-col product-grid-item product product-no-swatches type-product post-18432 status-publish instock product_cat-campeggio-e-glamping product_cat-sistemazione product_cat-terceira-it product_cat-tutte-le-isole product_tag-isoladiterceira has-post-thumbnail sold-individually taxable shipping-taxable purchasable product-type-phive_booking\" data-loop=\"2\" data-id=\"18432\">\n\t\n\t\n<div class=\"product-wrapper\">\n\t<div class=\"content-product-imagin\"><\/div>\n\t<div class=\"product-element-top wd-quick-shop\">\n\t\t<a href=\"https:\/\/guidetotheazores.pt\/it\/prodotto\/bolla-di-cristallo\/\" class=\"product-image-link\" tabindex=\"-1\" aria-label=\"Bolla di cristallo\">\n\t\t\t<img decoding=\"async\" width=\"300\" height=\"225\" src=\"https:\/\/guidetotheazores.pt\/wp-content\/uploads\/2025\/03\/IMG_2282-Copia-300x225.jpg\" class=\"attachment-woocommerce_thumbnail size-woocommerce_thumbnail\" alt=\"\" srcset=\"https:\/\/guidetotheazores.pt\/wp-content\/uploads\/2025\/03\/IMG_2282-Copia-300x225.jpg 300w, https:\/\/guidetotheazores.pt\/wp-content\/uploads\/2025\/03\/IMG_2282-Copia-600x450.jpg 600w\" sizes=\"(max-width: 300px) 100vw, 300px\">\t\t<\/a>\n\n\t\t\n\t\t<div class=\"wrapp-swatches\"><\/div>\n\t<\/div>\n\n\t<div class=\"product-element-bottom product-information\">\n\t\t<h3 class=\"wd-entities-title\"><a href=\"https:\/\/guidetotheazores.pt\/it\/prodotto\/bolla-di-cristallo\/\">Bolla di cristallo<\/a><\/h3>\t\t\t\t<div class=\"product-rating-price\">\n\t\t\t<div class=\"wrapp-product-price\">\n\t\t\t\t\n\t<span class=\"price\"><span class=\"woocommerce-Price-amount amount\"><bdi><span class=\"woocommerce-Price-currencySymbol\">&euro;<\/span>80.00<\/bdi><\/span><\/span>\n        <\/a>\n                            <span class=\"details\">\n                        <a href=\"https:\/\/guidetotheazores.pt\/it\/partner\/quintadoabacate\/\">Quinta Do Abacate<\/a>                    <\/span>\n            \t\t\t\t\t\t\t<\/div>\n\t\t<\/div>\n\t\t\t\t<div class=\"fade-in-block wd-scroll\">\n\t\t\t<div class=\"hover-content wd-more-desc\">\n\t\t\t\t<div class=\"hover-content-inner wd-more-desc-inner\">\n\t\t\t\t\tUn'esperienza unica di glamping sull'isola di Terceira.\t\t\t\t<\/div>\n\t\t\t\t<a href=\"#\" rel=\"nofollow\" class=\"wd-more-desc-btn\" aria-label=\"Read more description\"><\/a>\n\t\t\t<\/div>\n\t\t\t<div class=\" wd-bottom-actions\">\n\t\t\t\t<div class=\"wrap-wishlist-button\"><\/div>\n\t\t\t\t<div class=\"wd-add-btn wd-add-btn-replace\">\n\t\t\t\t\t<a href=\"https:\/\/guidetotheazores.pt\/it\/prodotto\/bolla-di-cristallo\/\" aria-describedby=\"woocommerce_loop_add_to_cart_link_describedby_18432\" data-quantity=\"1\" class=\"button product_type_phive_booking add_to_cart_button add-to-cart-loop\" data-product_id=\"18432\" data-product_sku=\"\" aria-label=\"Leggi di pi\u00f9 su &quot;Bolla di cristallo&quot;\" rel=\"nofollow\"><span>Prenota Ora<\/span><\/a>\t<span id=\"woocommerce_loop_add_to_cart_link_describedby_18432\" class=\"screen-reader-text\">\n\t\t\t<\/span>\n\t\t\t\t\t\t\t\t\t\t\t\t\t\t\t\t\t\t\t\t<\/div>\n\t\t\t\t<div class=\"wrap-quickview-button\"><\/div>\n\t\t\t<\/div>\n\n\t\t\t\t\t\t\n\t\t\t\t\t<\/div>\n\t<\/div>\n<\/div>\n<\/div>\n\t\t\t\t\t\t\t\t<div class=\"wd-product wd-hover-base wd-hover-with-fade wd-col product-grid-item product product-no-swatches type-product post-24835 status-publish last instock product_cat-campeggio-e-glamping product_cat-sistemazione product_cat-terceira-it product_cat-tutte-le-isole product_tag-isoladiterceira has-post-thumbnail sold-individually taxable shipping-taxable purchasable product-type-phive_booking\" data-loop=\"3\" data-id=\"24835\">\n\t\n\t\n<div class=\"product-wrapper\">\n\t<div class=\"content-product-imagin\"><\/div>\n\t<div class=\"product-element-top wd-quick-shop\">\n\t\t<a href=\"https:\/\/guidetotheazores.pt\/it\/prodotto\/cupole-horta-cupola-geodetica\/\" class=\"product-image-link\" tabindex=\"-1\" aria-label=\"Cupole Horta &#8211; Cupola geodetica\">\n\t\t\t<img decoding=\"async\" width=\"300\" height=\"225\" src=\"https:\/\/guidetotheazores.pt\/wp-content\/uploads\/2025\/03\/273577625_1695871144138244_4865771212621812175_n-300x225.jpg\" class=\"attachment-woocommerce_thumbnail size-woocommerce_thumbnail\" alt=\"\" srcset=\"https:\/\/guidetotheazores.pt\/wp-content\/uploads\/2025\/03\/273577625_1695871144138244_4865771212621812175_n-300x225.jpg 300w, https:\/\/guidetotheazores.pt\/wp-content\/uploads\/2025\/03\/273577625_1695871144138244_4865771212621812175_n-768x576.jpg 768w, https:\/\/guidetotheazores.pt\/wp-content\/uploads\/2025\/03\/273577625_1695871144138244_4865771212621812175_n-600x450.jpg 600w, https:\/\/guidetotheazores.pt\/wp-content\/uploads\/2025\/03\/273577625_1695871144138244_4865771212621812175_n-150x113.jpg 150w, https:\/\/guidetotheazores.pt\/wp-content\/uploads\/2025\/03\/273577625_1695871144138244_4865771212621812175_n.jpg 960w\" sizes=\"(max-width: 300px) 100vw, 300px\">\t\t<\/a>\n\n\t\t\n\t\t<div class=\"wrapp-swatches\"><\/div>\n\t<\/div>\n\n\t<div class=\"product-element-bottom product-information\">\n\t\t<h3 class=\"wd-entities-title\"><a href=\"https:\/\/guidetotheazores.pt\/it\/prodotto\/cupole-horta-cupola-geodetica\/\">Cupole Horta &#8211; Cupola geodetica<\/a><\/h3>\t\t\t\t<div class=\"product-rating-price\">\n\t\t\t<div class=\"wrapp-product-price\">\n\t\t\t\t\n\t<span class=\"price\"><span class=\"woocommerce-Price-amount amount\"><bdi><span class=\"woocommerce-Price-currencySymbol\">&euro;<\/span>65.00<\/bdi><\/span><\/span>\n        <\/a>\n                            <span class=\"details\">\n                        <a href=\"https:\/\/guidetotheazores.pt\/it\/partner\/quintadoabacate\/\">Quinta Do Abacate<\/a>                    <\/span>\n            \t\t\t\t\t\t\t<\/div>\n\t\t<\/div>\n\t\t\t\t<div class=\"fade-in-block wd-scroll\">\n\t\t\t<div class=\"hover-content wd-more-desc\">\n\t\t\t\t<div class=\"hover-content-inner wd-more-desc-inner\">\n\t\t\t\t\tProva il lusso unico del glamping sull'isola di Terceira: il comfort di un hotel con il fascino del campeggio.\t\t\t\t<\/div>\n\t\t\t\t<a href=\"#\" rel=\"nofollow\" class=\"wd-more-desc-btn\" aria-label=\"Read more description\"><\/a>\n\t\t\t<\/div>\n\t\t\t<div class=\" wd-bottom-actions\">\n\t\t\t\t<div class=\"wrap-wishlist-button\"><\/div>\n\t\t\t\t<div class=\"wd-add-btn wd-add-btn-replace\">\n\t\t\t\t\t<a href=\"https:\/\/guidetotheazores.pt\/it\/prodotto\/cupole-horta-cupola-geodetica\/\" aria-describedby=\"woocommerce_loop_add_to_cart_link_describedby_24835\" data-quantity=\"1\" class=\"button product_type_phive_booking add_to_cart_button add-to-cart-loop\" data-product_id=\"24835\" data-product_sku=\"\" aria-label=\"Leggi di pi\u00f9 su &quot;Cupole Horta - Cupola geodetica&quot;\" rel=\"nofollow\"><span>Prenota Ora<\/span><\/a>\t<span id=\"woocommerce_loop_add_to_cart_link_describedby_24835\" class=\"screen-reader-text\">\n\t\t\t<\/span>\n\t\t\t\t\t\t\t\t\t\t\t\t\t\t\t\t\t\t\t\t<\/div>\n\t\t\t\t<div class=\"wrap-quickview-button\"><\/div>\n\t\t\t<\/div>\n\n\t\t\t\t\t\t\n\t\t\t\t\t<\/div>\n\t<\/div>\n<\/div>\n<\/div>\n\t\t\n\t\t\t\t<\/div>\n\t\n\t\t\n\t\t\n\t\t\t\t\t<\/div>\n\t\t\n\t\t\t\t\t\t<\/div>\n\t\t\t\t<\/div>\n\t\t\t\t<div class=\"elementor-element elementor-element-15f5e31 elementor-widget-divider--view-line elementor-widget elementor-widget-divider\" data-id=\"15f5e31\" data-element_type=\"widget\" data-e-type=\"widget\" data-widget_type=\"divider.default\">\n\t\t\t\t<div class=\"elementor-widget-container\">\n\t\t\t\t\t\t\t<div class=\"elementor-divider\">\n\t\t\t<span class=\"elementor-divider-separator\">\n\t\t\t\t\t\t<\/span>\n\t\t<\/div>\n\t\t\t\t\t\t<\/div>\n\t\t\t\t<\/div>\n\t\t\t\t\t<\/div>\n\t\t<\/div>\n\t\t\t\t\t<\/div>\n\t\t<\/section>\n\t\t\t\t<section class=\"wd-negative-gap elementor-section elementor-top-section elementor-element elementor-element-b964bd4 elementor-section-boxed elementor-section-height-default elementor-section-height-default\" data-id=\"b964bd4\" data-element_type=\"section\" data-e-type=\"section\">\n\t\t\t\t\t\t<div class=\"elementor-container elementor-column-gap-default\">\n\t\t\t\t\t<div class=\"elementor-column elementor-col-50 elementor-top-column elementor-element elementor-element-9c49514\" data-id=\"9c49514\" data-element_type=\"column\" data-e-type=\"column\">\n\t\t\t<div class=\"elementor-widget-wrap elementor-element-populated\">\n\t\t\t\t\t\t<div class=\"elementor-element elementor-element-950f396 elementor-widget elementor-widget-heading\" data-id=\"950f396\" data-element_type=\"widget\" data-e-type=\"widget\" data-widget_type=\"heading.default\">\n\t\t\t\t<div class=\"elementor-widget-container\">\n\t\t\t\t\t<h2 class=\"elementor-heading-title elementor-size-default\">S\u00e3o Miguel - Mosteiros<\/h2>\t\t\t\t<\/div>\n\t\t\t\t<\/div>\n\t\t\t\t<div class=\"elementor-element elementor-element-3ca7766 elementor-widget elementor-widget-html\" data-id=\"3ca7766\" data-element_type=\"widget\" data-e-type=\"widget\" data-widget_type=\"html.default\">\n\t\t\t\t<div class=\"elementor-widget-container\">\n\t\t\t\t\t<a name=\"windy-webcam-timelapse-player\" data-id=\"1355482794\" data-play=\"day\" data-loop=\"0\" data-auto-play=\"0\" data-force-full-screen-on-overlay-play=\"0\" data-interactive=\"1\" href=\"https:\/\/windy.com\/webcams\/1355482794\" target=\"_blank\" rel=\"noopener\">Mosteiros ' Ovest: Ponta do Castelo - Ilh\u00e9u dos Mosteiros - Oceano Atlantico settentrionale<\/a><script async=\"\" type=\"text\/javascript\" src=\"https:\/\/webcams.windy.com\/webcams\/public\/embed\/v2\/script\/player.js\"><\/script>\t\t\t\t<\/div>\n\t\t\t\t<\/div>\n\t\t\t\t\t<\/div>\n\t\t<\/div>\n\t\t\t\t<div class=\"elementor-column elementor-col-50 elementor-top-column elementor-element elementor-element-bad39c2\" data-id=\"bad39c2\" data-element_type=\"column\" data-e-type=\"column\">\n\t\t\t<div class=\"elementor-widget-wrap elementor-element-populated\">\n\t\t\t\t\t\t<div class=\"elementor-element elementor-element-485d519 elementor-widget elementor-widget-heading\" data-id=\"485d519\" data-element_type=\"widget\" data-e-type=\"widget\" data-widget_type=\"heading.default\">\n\t\t\t\t<div class=\"elementor-widget-container\">\n\t\t\t\t\t<h2 class=\"elementor-heading-title elementor-size-default\">Santa Maria - S\u00e3o Louren\u00e7o<\/h2>\t\t\t\t<\/div>\n\t\t\t\t<\/div>\n\t\t\t\t<div class=\"elementor-element elementor-element-f86dda1 elementor-widget elementor-widget-html\" data-id=\"f86dda1\" data-element_type=\"widget\" data-e-type=\"widget\" data-widget_type=\"html.default\">\n\t\t\t\t<div class=\"elementor-widget-container\">\n\t\t\t\t\t<a name=\"windy-webcam-timelapse-player\" data-id=\"1754833210\" data-play=\"day\" data-loop=\"0\" data-auto-play=\"0\" data-force-full-screen-on-overlay-play=\"0\" data-interactive=\"1\" href=\"https:\/\/windy.com\/webcams\/1754833210\" target=\"_blank\" rel=\"noopener\">Santa Barbara ' Est: Praia de S\u00e3o Louren\u00e7o<\/a><script async=\"\" type=\"text\/javascript\" src=\"https:\/\/webcams.windy.com\/webcams\/public\/embed\/v2\/script\/player.js\"><\/script>\t\t\t\t<\/div>\n\t\t\t\t<\/div>\n\t\t\t\t\t<\/div>\n\t\t<\/div>\n\t\t\t\t\t<\/div>\n\t\t<\/section>\n\t\t\t\t<section class=\"elementor-section elementor-top-section elementor-element elementor-element-0df8d78 elementor-section-boxed elementor-section-height-default elementor-section-height-default\" data-id=\"0df8d78\" data-element_type=\"section\" data-e-type=\"section\">\n\t\t\t\t\t\t<div class=\"elementor-container elementor-column-gap-default\">\n\t\t\t\t\t<div class=\"elementor-column elementor-col-100 elementor-top-column elementor-element elementor-element-55e3b23\" data-id=\"55e3b23\" data-element_type=\"column\" data-e-type=\"column\">\n\t\t\t<div class=\"elementor-widget-wrap elementor-element-populated\">\n\t\t\t\t\t\t<div class=\"elementor-element elementor-element-2a8c485 wd-width-100 elementor-widget elementor-widget-wd_products\" data-id=\"2a8c485\" data-element_type=\"widget\" data-e-type=\"widget\" data-widget_type=\"wd_products.default\">\n\t\t\t\t<div class=\"elementor-widget-container\">\n\t\t\t\t\t\t\t\t\t\t<div class=\"wd-products-element with-title\">\n\n\t\t\t\t\t\t\t<h4 class=\"wd-el-title title element-title\">Tour e alloggi selezionati dai nostri partner locali<\/h4>\t\t\t\n\t\t\t\n\t\t\t\n\t\t\t\n\t\t\t<div class=\"products wd-products grid-columns-3 elements-grid title-line-two wd-grid-g\" data-paged=\"1\" data-atts=\"{&quot;speed&quot;:null,&quot;slides_per_view&quot;:null,&quot;slides_per_view_tablet&quot;:null,&quot;slides_per_view_mobile&quot;:null,&quot;wrap&quot;:null,&quot;autoplay&quot;:null,&quot;autoheight&quot;:null,&quot;hide_pagination_control&quot;:null,&quot;hide_pagination_control_tablet&quot;:null,&quot;hide_pagination_control_mobile&quot;:null,&quot;dynamic_pagination_control&quot;:null,&quot;hide_prev_next_buttons&quot;:null,&quot;carousel_arrows_position&quot;:null,&quot;hide_scrollbar&quot;:null,&quot;hide_scrollbar_tablet&quot;:null,&quot;hide_scrollbar_mobile&quot;:null,&quot;scroll_per_page&quot;:null,&quot;center_mode&quot;:null,&quot;spacing&quot;:&quot;&quot;,&quot;carousel_sync&quot;:null,&quot;sync_parent_id&quot;:null,&quot;sync_child_id&quot;:null,&quot;scroll_carousel_init&quot;:null,&quot;disable_overflow_carousel&quot;:null,&quot;element_title&quot;:&quot;Tour e alloggi selezionati dai nostri partner locali&quot;,&quot;include&quot;:null,&quot;taxonomies&quot;:[&quot;19292&quot;,&quot;19296&quot;],&quot;orderby&quot;:&quot;rand&quot;,&quot;meta_key&quot;:null,&quot;shop_tools&quot;:null,&quot;ajax_recently_viewed&quot;:null,&quot;pagination_arrows_position&quot;:null,&quot;items_per_page&quot;:3,&quot;columns&quot;:{&quot;unit&quot;:&quot;px&quot;,&quot;size&quot;:3,&quot;sizes&quot;:[]},&quot;columns_tablet&quot;:{&quot;unit&quot;:&quot;px&quot;,&quot;size&quot;:&quot;&quot;,&quot;sizes&quot;:[]},&quot;columns_mobile&quot;:{&quot;unit&quot;:&quot;px&quot;,&quot;size&quot;:&quot;&quot;,&quot;sizes&quot;:[]},&quot;products_masonry&quot;:&quot;&quot;,&quot;products_different_sizes&quot;:&quot;&quot;,&quot;product_quantity&quot;:&quot;&quot;,&quot;sale_countdown&quot;:&quot;0&quot;,&quot;stretch_product&quot;:null,&quot;stretch_product_tablet&quot;:null,&quot;stretch_product_mobile&quot;:null,&quot;stock_progress_bar&quot;:&quot;0&quot;,&quot;highlighted_products&quot;:&quot;0&quot;,&quot;products_divider&quot;:null,&quot;products_bordered_grid&quot;:&quot;0&quot;,&quot;products_bordered_grid_style&quot;:null,&quot;products_with_background&quot;:&quot;0&quot;,&quot;products_shadow&quot;:&quot;0&quot;,&quot;img_size_custom&quot;:null,&quot;grid_gallery_control&quot;:null,&quot;grid_gallery_enable_arrows&quot;:null,&quot;elementor&quot;:true,&quot;force_not_ajax&quot;:&quot;no&quot;}\" data-source=\"shortcode\" data-columns=\"3\" data-grid-gallery=\"\" style=\"--wd-col-lg:3;--wd-col-md:3;--wd-col-sm:2;--wd-gap-lg:20px;--wd-gap-sm:10px;\">\n\t\t\n\t\t\t\t\t\t\t\t<div class=\"wd-product wd-hover-base wd-hover-with-fade wd-col product-grid-item product product-no-swatches type-product post-25151 status-publish instock product_cat-attivita product_cat-flores-it product_cat-tutte-le-isole product_cat-visite-guidate product_tag-isoladiflores has-post-thumbnail taxable shipping-taxable product-type-external\" data-loop=\"1\" data-id=\"25151\">\n\t\n\t\n<div class=\"product-wrapper\">\n\t<div class=\"content-product-imagin\"><\/div>\n\t<div class=\"product-element-top wd-quick-shop\">\n\t\t<a href=\"https:\/\/guidetotheazores.pt\/it\/prodotto\/tour-di-mezza-giornata-lagune-e-sud-bagno-facoltativo-a-poco-redondo\/\" class=\"product-image-link\" tabindex=\"-1\" aria-label=\"Tour di mezza giornata Lagune e Sud &#8211; bagno facoltativo a Po\u00e7o Redondo\">\n\t\t\t<img decoding=\"async\" width=\"300\" height=\"225\" src=\"https:\/\/guidetotheazores.pt\/wp-content\/uploads\/2026\/05\/Half-Day-Tour-Lagoons-South-optional-swim-at-Poco-Redondo-Experienceoc-Guidetotheazores2-300x225.jpeg\" class=\"attachment-woocommerce_thumbnail size-woocommerce_thumbnail\" alt=\"Tour di mezza giornata Lagune e Sud - nuoto opzionale a Po\u00e7o Redondo-Esperienzaoc-Guidetotheazores\" \/>\t\t<\/a>\n\n\t\t\t\t\t<div class=\"hover-img\">\n\t\t\t\t<img decoding=\"async\" width=\"300\" height=\"225\" src=\"https:\/\/guidetotheazores.pt\/wp-content\/uploads\/2026\/05\/Half-Day-Tour-Lagoons-South-optional-swim-at-Poco-Redondo-Experienceoc-Guidetotheazores-300x225.jpg\" class=\"attachment-woocommerce_thumbnail size-woocommerce_thumbnail\" alt=\"Tour di mezza giornata Lagune e Sud - nuoto opzionale a Po\u00e7o Redondo-Esperienzaoc-Guidetotheazores\" \/>\t\t\t<\/div>\n\t\t\t\n\t\t<div class=\"wrapp-swatches\"><\/div>\n\t<\/div>\n\n\t<div class=\"product-element-bottom product-information\">\n\t\t<h3 class=\"wd-entities-title\"><a href=\"https:\/\/guidetotheazores.pt\/it\/prodotto\/tour-di-mezza-giornata-lagune-e-sud-bagno-facoltativo-a-poco-redondo\/\">Tour di mezza giornata Lagune e Sud &#8211; bagno facoltativo a Po\u00e7o Redondo<\/a><\/h3>\t\t\t\t<div class=\"product-rating-price\">\n\t\t\t<div class=\"wrapp-product-price\">\n\t\t\t\t\n        <\/a>\n                            <span class=\"details\">\n                        <a href=\"https:\/\/guidetotheazores.pt\/it\/partner\/experience-oc\/\">Experience OC<\/a>                    <\/span>\n            \t\t\t\t\t\t\t<\/div>\n\t\t<\/div>\n\t\t\t\t<div class=\"fade-in-block wd-scroll\">\n\t\t\t<div class=\"hover-content wd-more-desc\">\n\t\t\t\t<div class=\"hover-content-inner wd-more-desc-inner\">\n\t\t\t\t\tIn questo tour, pensato per chi ha poco tempo a disposizione sull'isola, visiteremo le lagune pi\u00f9 rappresentative dell'isola. Le 7 lagune: Negra, Comprida, Branca, Seca, Rasa, Funda e Lomba - circondate da una vegetazione quasi incontaminata. \n\n<script src=\"https:\/\/fareharbor.com\/embeds\/script\/calendar\/experienceoc\/items\/127197\/?asn=fhdn-eur&amp;asn-ref=guidetotheazores&amp;ref=guidetotheazores&amp;bookable-only=yes&amp;full-items=yes&amp;marketplace=yes&amp;flow=no&amp;branding=no\"><\/script>\n<div class=\"flex items-start gap-4 mb-4 last:mb-0\" data-v-a5b16f77=\"\">\n<div class=\"min-w-0 flex-1\"><span class=\"fh-text fh-text--body-sm fh-text--medium\" data-v-3872b9c5=\"\">Durata: <\/span>4H<\/div>\n<\/div>\n<div class=\"flex items-start gap-4 mb-4 last:mb-0\" data-v-a5b16f77=\"\">\n<div class=\"mt-1 shrink-0\"><\/div>\n<div class=\"min-w-0 flex-1\"><span class=\"fh-text fh-text--body-sm fh-text--medium\" data-v-3872b9c5=\"\">Punto d'incontro: <\/span>Loja Experience OC<\/div>\n<\/div>\n<div class=\"flex items-start gap-4 mb-4 last:mb-0\" data-v-a5b16f77=\"\">\n<div class=\"mt-1 shrink-0\"><\/div>\n<div class=\"min-w-0 flex-1\"><span class=\"fh-text fh-text--body-sm fh-text--medium\" data-v-3872b9c5=\"\">Offerto in: <\/span>Inglese, spagnolo, francese<\/div>\n<\/div>\n<div class=\"flex items-start gap-4 mb-4 last:mb-0\" data-v-a5b16f77=\"\">\n<div class=\"mt-1 shrink-0\"><\/div>\n<div class=\"min-w-0 flex-1\"><\/div>\n<\/div>\t\t\t\t<\/div>\n\t\t\t\t<a href=\"#\" rel=\"nofollow\" class=\"wd-more-desc-btn\" aria-label=\"Read more description\"><\/a>\n\t\t\t<\/div>\n\t\t\t<div class=\" wd-bottom-actions\">\n\t\t\t\t<div class=\"wrap-wishlist-button\"><\/div>\n\t\t\t\t<div class=\"wd-add-btn wd-add-btn-replace\">\n\t\t\t\t\t<a href=\"\" aria-describedby=\"woocommerce_loop_add_to_cart_link_describedby_25151\" data-quantity=\"1\" class=\"button product_type_external add-to-cart-loop\" data-product_id=\"25151\" data-product_sku=\"\" aria-label=\"Compra &ldquo;Tour di mezza giornata Lagune e Sud - bagno facoltativo a Po\u00e7o Redondo&rdquo;\" rel=\"nofollow\"><span>Acquista prodotto<\/span><\/a>\t<span id=\"woocommerce_loop_add_to_cart_link_describedby_25151\" class=\"screen-reader-text\">\n\t\t\t<\/span>\n\t\t\t\t\t\t\t\t\t\t\t\t\t\t\t\t\t\t\t\t<\/div>\n\t\t\t\t<div class=\"wrap-quickview-button\"><\/div>\n\t\t\t<\/div>\n\n\t\t\t\t\t\t\n\t\t\t\t\t<\/div>\n\t<\/div>\n<\/div>\n<\/div>\n\t\t\t\t\t\t\t\t<div class=\"wd-product wd-hover-base wd-hover-with-fade wd-col product-grid-item product product-no-swatches type-product post-18228 status-publish instock product_cat-alloggiamento-locale product_cat-flores-it product_cat-sistemazione product_cat-tutte-le-isole product_tag-isoladiflores has-post-thumbnail virtual sold-individually taxable purchasable product-type-phive_booking\" data-loop=\"2\" data-id=\"18228\">\n\t\n\t\n<div class=\"product-wrapper\">\n\t<div class=\"content-product-imagin\"><\/div>\n\t<div class=\"product-element-top wd-quick-shop\">\n\t\t<a href=\"https:\/\/guidetotheazores.pt\/it\/prodotto\/casa-do-sol\/\" class=\"product-image-link\" tabindex=\"-1\" aria-label=\"Casa do Sol &#8211; La casa del Sole\">\n\t\t\t<img decoding=\"async\" width=\"300\" height=\"225\" src=\"https:\/\/guidetotheazores.pt\/wp-content\/uploads\/2024\/03\/Casa-do-Sol-Guide-to-the-Azores-Casa-Atlantida-Flores-Cover-300x225.jpg\" class=\"attachment-woocommerce_thumbnail size-woocommerce_thumbnail\" alt=\"Casa do Sol - Guida alle Azzorre - Casa Atlantida - Copertina Flores\" srcset=\"https:\/\/guidetotheazores.pt\/wp-content\/uploads\/2024\/03\/Casa-do-Sol-Guide-to-the-Azores-Casa-Atlantida-Flores-Cover-300x225.jpg 300w, https:\/\/guidetotheazores.pt\/wp-content\/uploads\/2024\/03\/Casa-do-Sol-Guide-to-the-Azores-Casa-Atlantida-Flores-Cover-600x450.jpg 600w\" sizes=\"(max-width: 300px) 100vw, 300px\" \/>\t\t<\/a>\n\n\t\t\t\t\t<div class=\"hover-img\">\n\t\t\t\t<img decoding=\"async\" width=\"300\" height=\"225\" src=\"https:\/\/guidetotheazores.pt\/wp-content\/uploads\/2024\/03\/WhatsApp-Image-2024-03-04-at-15.41.42-300x225.jpeg\" class=\"attachment-woocommerce_thumbnail size-woocommerce_thumbnail\" alt=\"\" srcset=\"https:\/\/guidetotheazores.pt\/wp-content\/uploads\/2024\/03\/WhatsApp-Image-2024-03-04-at-15.41.42-300x225.jpeg 300w, https:\/\/guidetotheazores.pt\/wp-content\/uploads\/2024\/03\/WhatsApp-Image-2024-03-04-at-15.41.42-600x450.jpeg 600w\" sizes=\"(max-width: 300px) 100vw, 300px\">\t\t\t<\/div>\n\t\t\t\n\t\t<div class=\"wrapp-swatches\"><\/div>\n\t<\/div>\n\n\t<div class=\"product-element-bottom product-information\">\n\t\t<h3 class=\"wd-entities-title\"><a href=\"https:\/\/guidetotheazores.pt\/it\/prodotto\/casa-do-sol\/\">Casa do Sol &#8211; La casa del Sole<\/a><\/h3>\t\t\t\t<div class=\"product-rating-price\">\n\t\t\t<div class=\"wrapp-product-price\">\n\t\t\t\t\n\t<span class=\"price\"><span class=\"woocommerce-Price-amount amount\"><bdi><span class=\"woocommerce-Price-currencySymbol\">&euro;<\/span>140.00<\/bdi><\/span>&nbsp;<span class = \"ph-bookings-display-cost-suffix\">From<\/span><\/span>\n        <\/a>\n                            <span class=\"details\">\n                        <a href=\"https:\/\/guidetotheazores.pt\/it\/partner\/casa-atlantida\/\">Casa Atlantida<\/a>                    <\/span>\n            \t\t\t\t\t\t\t<\/div>\n\t\t<\/div>\n\t\t\t\t<div class=\"fade-in-block wd-scroll\">\n\t\t\t<div class=\"hover-content wd-more-desc\">\n\t\t\t\t<div class=\"hover-content-inner wd-more-desc-inner\">\n\t\t\t\t\tCasa do Sol\" \u00e8 una grande casa in pietra con accesso diretto al mare. Ha una una bellissima vista sul mare, sul tramonto ed a sud, sulle montagne e sull'oceano.\t\t\t\t<\/div>\n\t\t\t\t<a href=\"#\" rel=\"nofollow\" class=\"wd-more-desc-btn\" aria-label=\"Read more description\"><\/a>\n\t\t\t<\/div>\n\t\t\t<div class=\" wd-bottom-actions\">\n\t\t\t\t<div class=\"wrap-wishlist-button\"><\/div>\n\t\t\t\t<div class=\"wd-add-btn wd-add-btn-replace\">\n\t\t\t\t\t<a href=\"https:\/\/guidetotheazores.pt\/it\/prodotto\/casa-do-sol\/\" aria-describedby=\"woocommerce_loop_add_to_cart_link_describedby_18228\" data-quantity=\"1\" class=\"button product_type_phive_booking add_to_cart_button add-to-cart-loop\" data-product_id=\"18228\" data-product_sku=\"\" aria-label=\"Leggi di pi\u00f9 su &quot;Casa do Sol - La casa del Sole&quot;\" rel=\"nofollow\"><span>Prenota Ora<\/span><\/a>\t<span id=\"woocommerce_loop_add_to_cart_link_describedby_18228\" class=\"screen-reader-text\">\n\t\t\t<\/span>\n\t\t\t\t\t\t\t\t\t\t\t\t\t\t\t\t\t\t\t\t<\/div>\n\t\t\t\t<div class=\"wrap-quickview-button\"><\/div>\n\t\t\t<\/div>\n\n\t\t\t\t\t\t\n\t\t\t\t\t<\/div>\n\t<\/div>\n<\/div>\n<\/div>\n\t\t\t\t\t\t\t\t<div class=\"wd-product wd-hover-base wd-hover-with-fade wd-col product-grid-item product product-no-swatches type-product post-12350 status-publish last instock product_cat-attivita product_cat-flores-it product_cat-tutte-le-isole product_cat-visite-guidate product_tag-isoladiflores has-post-thumbnail taxable shipping-taxable product-type-external\" data-loop=\"3\" data-id=\"12350\">\n\t\n\t\n<div class=\"product-wrapper\">\n\t<div class=\"content-product-imagin\"><\/div>\n\t<div class=\"product-element-top wd-quick-shop\">\n\t\t<a href=\"https:\/\/guidetotheazores.pt\/it\/prodotto\/maravilha-verde-giornata-intera-sullisola-di-flores\/\" class=\"product-image-link\" tabindex=\"-1\" aria-label=\"Maravilha Verde &#8211; Giornata intera sull&#8217;isola di Flores\">\n\t\t\t<img decoding=\"async\" width=\"300\" height=\"225\" src=\"https:\/\/guidetotheazores.pt\/wp-content\/uploads\/2024\/02\/Experience-OC-Guide-to-the-Azores-Flores-XIVI-300x225.jpg\" class=\"attachment-woocommerce_thumbnail size-woocommerce_thumbnail\" alt=\"\" srcset=\"https:\/\/guidetotheazores.pt\/wp-content\/uploads\/2024\/02\/Experience-OC-Guide-to-the-Azores-Flores-XIVI-300x225.jpg 300w, https:\/\/guidetotheazores.pt\/wp-content\/uploads\/2024\/02\/Experience-OC-Guide-to-the-Azores-Flores-XIVI-600x450.jpg 600w\" sizes=\"(max-width: 300px) 100vw, 300px\">\t\t<\/a>\n\n\t\t\t\t\t<div class=\"hover-img\">\n\t\t\t\t<img decoding=\"async\" width=\"300\" height=\"225\" src=\"https:\/\/guidetotheazores.pt\/wp-content\/uploads\/2024\/02\/Experience-OC-Guide-to-the-Azores-Flores-XIII-300x225.jpg\" class=\"attachment-woocommerce_thumbnail size-woocommerce_thumbnail\" alt=\"Esperienza OC - Guida alle Azzorre - Flores\" srcset=\"https:\/\/guidetotheazores.pt\/wp-content\/uploads\/2024\/02\/Experience-OC-Guide-to-the-Azores-Flores-XIII-300x225.jpg 300w, https:\/\/guidetotheazores.pt\/wp-content\/uploads\/2024\/02\/Experience-OC-Guide-to-the-Azores-Flores-XIII-600x450.jpg 600w\" sizes=\"(max-width: 300px) 100vw, 300px\" \/>\t\t\t<\/div>\n\t\t\t\n\t\t<div class=\"wrapp-swatches\"><\/div>\n\t<\/div>\n\n\t<div class=\"product-element-bottom product-information\">\n\t\t<h3 class=\"wd-entities-title\"><a href=\"https:\/\/guidetotheazores.pt\/it\/prodotto\/maravilha-verde-giornata-intera-sullisola-di-flores\/\">Maravilha Verde &#8211; Giornata intera sull&#8217;isola di Flores<\/a><\/h3>\t\t\t\t<div class=\"product-rating-price\">\n\t\t\t<div class=\"wrapp-product-price\">\n\t\t\t\t\n        <\/a>\n                            <span class=\"details\">\n                        <a href=\"https:\/\/guidetotheazores.pt\/it\/partner\/experience-oc\/\">Experience OC<\/a>                    <\/span>\n            \t\t\t\t\t\t\t<\/div>\n\t\t<\/div>\n\t\t\t\t<div class=\"fade-in-block wd-scroll\">\n\t\t\t<div class=\"hover-content wd-more-desc\">\n\t\t\t\t<div class=\"hover-content-inner wd-more-desc-inner\">\n\t\t\t\t\tIl Tour Maravilha Verde offre un viaggio esclusivo attraverso le bellezze naturali dell'isola di Flores.\n\nDella durata di 7 ore, il tour \u00e8 perfetto per chi si ferma poco sull'isola. Le nostre guide sono locali e certificate da Experience OC, e condivideranno tutte le loro conoscenze sulle specie endemiche dell'isola, sulla gastronomia e sui fatti storici. \n\n<script src=\"https:\/\/fareharbor.com\/embeds\/script\/calendar\/experienceoc\/items\/127277\/?asn=fhdn-eur&amp;asn-ref=guidetotheazores&amp;ref=guidetotheazores&amp;bookable-only=yes&amp;full-items=yes&amp;marketplace=yes&amp;flow=no&amp;branding=no\"><\/script>\n<div class=\"flex items-start gap-4 mb-4 last:mb-0\" data-v-68eac83b=\"\">\n<div class=\"min-w-0 flex-1\"><label class=\"fh-label\" data-v-671f692c=\"\">Durata: 7h<\/label><\/div>\n<\/div>\n<div class=\"flex items-start gap-4 mb-4 last:mb-0\" data-v-68eac83b=\"\">\n<div class=\"mt-1 shrink-0\"><\/div>\n<div class=\"min-w-0 flex-1\"><label class=\"fh-label\" data-v-671f692c=\"\"><span class=\"fh-text fh-text--body-md fh-text--medium fh-label-text\" data-v-3872b9c5=\"\" data-v-671f692c=\"\">Punto d'incontro: <\/span><span class=\"fh-text fh-text--body-sm fh-text--regular fh-help-text\" data-v-3872b9c5=\"\" data-v-3553cfb6=\"\" data-v-671f692c=\"\">Santa Cruz das Flores<\/span><\/label><\/div>\n<\/div>\n<div class=\"flex items-start gap-4 mb-4 last:mb-0\" data-v-68eac83b=\"\">\n<div class=\"mt-1 shrink-0\"><\/div>\n<div class=\"min-w-0 flex-1\"><label class=\"fh-label\" data-v-671f692c=\"\"><span class=\"fh-text fh-text--body-md fh-text--medium fh-label-text\" data-v-3872b9c5=\"\" data-v-671f692c=\"\">Cancellazioni: per cancellazioni effettuate con meno di 72 ore di anticipo verr\u00e0 addebitato il 100% dell'importo totale.<\/span><\/label><\/div>\n<\/div>\t\t\t\t<\/div>\n\t\t\t\t<a href=\"#\" rel=\"nofollow\" class=\"wd-more-desc-btn\" aria-label=\"Read more description\"><\/a>\n\t\t\t<\/div>\n\t\t\t<div class=\" wd-bottom-actions\">\n\t\t\t\t<div class=\"wrap-wishlist-button\"><\/div>\n\t\t\t\t<div class=\"wd-add-btn wd-add-btn-replace\">\n\t\t\t\t\t<a href=\"\" aria-describedby=\"woocommerce_loop_add_to_cart_link_describedby_12350\" data-quantity=\"1\" class=\"button product_type_external add-to-cart-loop\" data-product_id=\"12350\" data-product_sku=\"\" aria-label=\"Compra &ldquo;Maravilha Verde - Giornata intera sull&#039;isola di Flores&rdquo;\" rel=\"nofollow\"><span>Acquista prodotto<\/span><\/a>\t<span id=\"woocommerce_loop_add_to_cart_link_describedby_12350\" class=\"screen-reader-text\">\n\t\t\t<\/span>\n\t\t\t\t\t\t\t\t\t\t\t\t\t\t\t\t\t\t\t\t<\/div>\n\t\t\t\t<div class=\"wrap-quickview-button\"><\/div>\n\t\t\t<\/div>\n\n\t\t\t\t\t\t\n\t\t\t\t\t<\/div>\n\t<\/div>\n<\/div>\n<\/div>\n\t\t\n\t\t\t\t<\/div>\n\t\n\t\t\n\t\t\n\t\t\t\t\t<\/div>\n\t\t\n\t\t\t\t\t\t<\/div>\n\t\t\t\t<\/div>\n\t\t\t\t<div class=\"elementor-element elementor-element-8c78b7a elementor-widget-divider--view-line elementor-widget elementor-widget-divider\" data-id=\"8c78b7a\" data-element_type=\"widget\" data-e-type=\"widget\" data-widget_type=\"divider.default\">\n\t\t\t\t<div class=\"elementor-widget-container\">\n\t\t\t\t\t\t\t<div class=\"elementor-divider\">\n\t\t\t<span class=\"elementor-divider-separator\">\n\t\t\t\t\t\t<\/span>\n\t\t<\/div>\n\t\t\t\t\t\t<\/div>\n\t\t\t\t<\/div>\n\t\t\t\t\t<\/div>\n\t\t<\/div>\n\t\t\t\t\t<\/div>\n\t\t<\/section>\n\t\t\t\t<section class=\"wd-negative-gap elementor-section elementor-top-section elementor-element elementor-element-39f9345 elementor-section-boxed elementor-section-height-default elementor-section-height-default\" data-id=\"39f9345\" data-element_type=\"section\" data-e-type=\"section\">\n\t\t\t\t\t\t<div class=\"elementor-container elementor-column-gap-default\">\n\t\t\t\t\t<div class=\"elementor-column elementor-col-50 elementor-top-column elementor-element elementor-element-ef41150\" data-id=\"ef41150\" data-element_type=\"column\" data-e-type=\"column\">\n\t\t\t<div class=\"elementor-widget-wrap elementor-element-populated\">\n\t\t\t\t\t\t<div class=\"elementor-element elementor-element-c3e62a1 elementor-widget elementor-widget-heading\" data-id=\"c3e62a1\" data-element_type=\"widget\" data-e-type=\"widget\" data-widget_type=\"heading.default\">\n\t\t\t\t<div class=\"elementor-widget-container\">\n\t\t\t\t\t<h2 class=\"elementor-heading-title elementor-size-default\">S\u00e3o Miguel - Praia de Santa B\u00e1rbara<\/h2>\t\t\t\t<\/div>\n\t\t\t\t<\/div>\n\t\t\t\t<div class=\"elementor-element elementor-element-25b3e0a elementor-widget elementor-widget-html\" data-id=\"25b3e0a\" data-element_type=\"widget\" data-e-type=\"widget\" data-widget_type=\"html.default\">\n\t\t\t\t<div class=\"elementor-widget-container\">\n\t\t\t\t\t<a name=\"windy-webcam-timelapse-player\" data-id=\"1344444586\" data-play=\"day\" data-loop=\"0\" data-auto-play=\"0\" data-force-full-screen-on-overlay-play=\"0\" data-interactive=\"1\" href=\"https:\/\/windy.com\/webcams\/1344444586\" target=\"_blank\" rel=\"noopener\">Ribeira Seca: Praia de Santa B\u00e1rbara<\/a><script async=\"\" type=\"text\/javascript\" src=\"https:\/\/webcams.windy.com\/webcams\/public\/embed\/v2\/script\/player.js\"><\/script>\t\t\t\t<\/div>\n\t\t\t\t<\/div>\n\t\t\t\t\t<\/div>\n\t\t<\/div>\n\t\t\t\t<div class=\"elementor-column elementor-col-50 elementor-top-column elementor-element elementor-element-fce24e3\" data-id=\"fce24e3\" data-element_type=\"column\" data-e-type=\"column\">\n\t\t\t<div class=\"elementor-widget-wrap elementor-element-populated\">\n\t\t\t\t\t\t<div class=\"elementor-element elementor-element-b019fe4 elementor-widget elementor-widget-heading\" data-id=\"b019fe4\" data-element_type=\"widget\" data-e-type=\"widget\" data-widget_type=\"heading.default\">\n\t\t\t\t<div class=\"elementor-widget-container\">\n\t\t\t\t\t<h2 class=\"elementor-heading-title elementor-size-default\">S\u00e3o Miguel - Furnas<\/h2>\t\t\t\t<\/div>\n\t\t\t\t<\/div>\n\t\t\t\t<div class=\"elementor-element elementor-element-b7e6a63 elementor-widget elementor-widget-html\" data-id=\"b7e6a63\" data-element_type=\"widget\" data-e-type=\"widget\" data-widget_type=\"html.default\">\n\t\t\t\t<div class=\"elementor-widget-container\">\n\t\t\t\t\t<a name=\"windy-webcam-timelapse-player\" data-id=\"1344443906\" data-play=\"day\" data-loop=\"0\" data-auto-play=\"0\" data-force-full-screen-on-overlay-play=\"0\" data-interactive=\"1\" href=\"https:\/\/windy.com\/webcams\/1344443906\" target=\"_blank\" rel=\"noopener\">Furnas<\/a><script async=\"\" type=\"text\/javascript\" src=\"https:\/\/webcams.windy.com\/webcams\/public\/embed\/v2\/script\/player.js\"><\/script>\t\t\t\t<\/div>\n\t\t\t\t<\/div>\n\t\t\t\t\t<\/div>\n\t\t<\/div>\n\t\t\t\t\t<\/div>\n\t\t<\/section>\n\t\t\t\t<section class=\"elementor-section elementor-top-section elementor-element elementor-element-29a6815 elementor-section-boxed elementor-section-height-default elementor-section-height-default\" data-id=\"29a6815\" data-element_type=\"section\" data-e-type=\"section\">\n\t\t\t\t\t\t<div class=\"elementor-container elementor-column-gap-default\">\n\t\t\t\t\t<div class=\"elementor-column elementor-col-100 elementor-top-column elementor-element elementor-element-54dc969\" data-id=\"54dc969\" data-element_type=\"column\" data-e-type=\"column\">\n\t\t\t<div class=\"elementor-widget-wrap elementor-element-populated\">\n\t\t\t\t\t\t<div class=\"elementor-element elementor-element-7db07f5 wd-width-100 elementor-widget elementor-widget-wd_products\" data-id=\"7db07f5\" data-element_type=\"widget\" data-e-type=\"widget\" data-widget_type=\"wd_products.default\">\n\t\t\t\t<div class=\"elementor-widget-container\">\n\t\t\t\t\t\t\t\t\t\t<div class=\"wd-products-element with-title\">\n\n\t\t\t\t\t\t\t<h4 class=\"wd-el-title title element-title\">Tour e alloggi selezionati dai nostri partner locali<\/h4>\t\t\t\n\t\t\t\n\t\t\t\n\t\t\t\n\t\t\t<div class=\"products wd-products grid-columns-3 elements-grid title-line-two wd-grid-g\" data-paged=\"1\" data-atts=\"{&quot;speed&quot;:null,&quot;slides_per_view&quot;:null,&quot;slides_per_view_tablet&quot;:null,&quot;slides_per_view_mobile&quot;:null,&quot;wrap&quot;:null,&quot;autoplay&quot;:null,&quot;autoheight&quot;:null,&quot;hide_pagination_control&quot;:null,&quot;hide_pagination_control_tablet&quot;:null,&quot;hide_pagination_control_mobile&quot;:null,&quot;dynamic_pagination_control&quot;:null,&quot;hide_prev_next_buttons&quot;:null,&quot;carousel_arrows_position&quot;:null,&quot;hide_scrollbar&quot;:null,&quot;hide_scrollbar_tablet&quot;:null,&quot;hide_scrollbar_mobile&quot;:null,&quot;scroll_per_page&quot;:null,&quot;center_mode&quot;:null,&quot;spacing&quot;:&quot;&quot;,&quot;carousel_sync&quot;:null,&quot;sync_parent_id&quot;:null,&quot;sync_child_id&quot;:null,&quot;scroll_carousel_init&quot;:null,&quot;disable_overflow_carousel&quot;:null,&quot;element_title&quot;:&quot;Tour e alloggi selezionati dai nostri partner locali&quot;,&quot;include&quot;:null,&quot;taxonomies&quot;:[&quot;19292&quot;,&quot;19296&quot;],&quot;orderby&quot;:&quot;rand&quot;,&quot;meta_key&quot;:null,&quot;shop_tools&quot;:null,&quot;ajax_recently_viewed&quot;:null,&quot;pagination_arrows_position&quot;:null,&quot;items_per_page&quot;:3,&quot;columns&quot;:{&quot;unit&quot;:&quot;px&quot;,&quot;size&quot;:3,&quot;sizes&quot;:[]},&quot;columns_tablet&quot;:{&quot;unit&quot;:&quot;px&quot;,&quot;size&quot;:&quot;&quot;,&quot;sizes&quot;:[]},&quot;columns_mobile&quot;:{&quot;unit&quot;:&quot;px&quot;,&quot;size&quot;:&quot;&quot;,&quot;sizes&quot;:[]},&quot;products_masonry&quot;:&quot;&quot;,&quot;products_different_sizes&quot;:&quot;&quot;,&quot;product_quantity&quot;:&quot;&quot;,&quot;sale_countdown&quot;:&quot;0&quot;,&quot;stretch_product&quot;:null,&quot;stretch_product_tablet&quot;:null,&quot;stretch_product_mobile&quot;:null,&quot;stock_progress_bar&quot;:&quot;0&quot;,&quot;highlighted_products&quot;:&quot;0&quot;,&quot;products_divider&quot;:null,&quot;products_bordered_grid&quot;:&quot;0&quot;,&quot;products_bordered_grid_style&quot;:null,&quot;products_with_background&quot;:&quot;0&quot;,&quot;products_shadow&quot;:&quot;0&quot;,&quot;img_size_custom&quot;:null,&quot;grid_gallery_control&quot;:null,&quot;grid_gallery_enable_arrows&quot;:null,&quot;elementor&quot;:true,&quot;force_not_ajax&quot;:&quot;no&quot;}\" data-source=\"shortcode\" data-columns=\"3\" data-grid-gallery=\"\" style=\"--wd-col-lg:3;--wd-col-md:3;--wd-col-sm:2;--wd-gap-lg:20px;--wd-gap-sm:10px;\">\n\t\t\n\t\t\t\t\t\t\t\t<div class=\"wd-product wd-hover-base wd-hover-with-fade wd-col product-grid-item product product-no-swatches type-product post-18237 status-publish instock product_cat-alloggiamento-locale product_cat-flores-it product_cat-sistemazione product_cat-tutte-le-isole product_tag-isoladiflores has-post-thumbnail sold-individually taxable shipping-taxable purchasable product-type-phive_booking\" data-loop=\"1\" data-id=\"18237\">\n\t\n\t\n<div class=\"product-wrapper\">\n\t<div class=\"content-product-imagin\"><\/div>\n\t<div class=\"product-element-top wd-quick-shop\">\n\t\t<a href=\"https:\/\/guidetotheazores.pt\/it\/prodotto\/casa-da-lua\/\" class=\"product-image-link\" tabindex=\"-1\" aria-label=\"Casa da Lua &#8211; Casa della Luna\">\n\t\t\t<img decoding=\"async\" width=\"300\" height=\"225\" src=\"https:\/\/guidetotheazores.pt\/wp-content\/uploads\/2024\/03\/Casa-da-Lua-Guide-to-the-Azores-Casa-Atlantida-Flores-Cover-300x225.jpg\" class=\"attachment-woocommerce_thumbnail size-woocommerce_thumbnail\" alt=\"Casa da Lua - Guida alle Azzorre - Casa Atlantida - Flores - Copertina\" srcset=\"https:\/\/guidetotheazores.pt\/wp-content\/uploads\/2024\/03\/Casa-da-Lua-Guide-to-the-Azores-Casa-Atlantida-Flores-Cover-300x225.jpg 300w, https:\/\/guidetotheazores.pt\/wp-content\/uploads\/2024\/03\/Casa-da-Lua-Guide-to-the-Azores-Casa-Atlantida-Flores-Cover-600x450.jpg 600w\" sizes=\"(max-width: 300px) 100vw, 300px\" \/>\t\t<\/a>\n\n\t\t\t\t\t<div class=\"hover-img\">\n\t\t\t\t<img decoding=\"async\" width=\"300\" height=\"225\" src=\"https:\/\/guidetotheazores.pt\/wp-content\/uploads\/2024\/03\/Casa-da-Lua-Guide-to-the-Azores-Casa-Atlantida-Flores-VIII-300x225.jpg\" class=\"attachment-woocommerce_thumbnail size-woocommerce_thumbnail\" alt=\"Casa da Lua - Guida alle Azzorre - Casa Atlantida - Flores\" srcset=\"https:\/\/guidetotheazores.pt\/wp-content\/uploads\/2024\/03\/Casa-da-Lua-Guide-to-the-Azores-Casa-Atlantida-Flores-VIII-300x225.jpg 300w, https:\/\/guidetotheazores.pt\/wp-content\/uploads\/2024\/03\/Casa-da-Lua-Guide-to-the-Azores-Casa-Atlantida-Flores-VIII-600x450.jpg 600w\" sizes=\"(max-width: 300px) 100vw, 300px\" \/>\t\t\t<\/div>\n\t\t\t\n\t\t<div class=\"wrapp-swatches\"><\/div>\n\t<\/div>\n\n\t<div class=\"product-element-bottom product-information\">\n\t\t<h3 class=\"wd-entities-title\"><a href=\"https:\/\/guidetotheazores.pt\/it\/prodotto\/casa-da-lua\/\">Casa da Lua &#8211; Casa della Luna<\/a><\/h3>\t\t\t\t<div class=\"product-rating-price\">\n\t\t\t<div class=\"wrapp-product-price\">\n\t\t\t\t\n\t<span class=\"price\"><span class=\"woocommerce-Price-amount amount\"><bdi><span class=\"woocommerce-Price-currencySymbol\">&euro;<\/span>165.00<\/bdi><\/span>&nbsp;<span class = \"ph-bookings-display-cost-suffix\">From<\/span><\/span>\n        <\/a>\n                            <span class=\"details\">\n                        <a href=\"https:\/\/guidetotheazores.pt\/it\/partner\/casa-atlantida\/\">Casa Atlantida<\/a>                    <\/span>\n            \t\t\t\t\t\t\t<\/div>\n\t\t<\/div>\n\t\t\t\t<div class=\"fade-in-block wd-scroll\">\n\t\t\t<div class=\"hover-content wd-more-desc\">\n\t\t\t\t<div class=\"hover-content-inner wd-more-desc-inner\">\n\t\t\t\t\tLa \"Casa della Luna\" \u00e8 una casa in pietra con accesso diretto al mare con vista a ovest sull'oceano e sul tramonto e a nord sulle montagne. \t\t\t\t<\/div>\n\t\t\t\t<a href=\"#\" rel=\"nofollow\" class=\"wd-more-desc-btn\" aria-label=\"Read more description\"><\/a>\n\t\t\t<\/div>\n\t\t\t<div class=\" wd-bottom-actions\">\n\t\t\t\t<div class=\"wrap-wishlist-button\"><\/div>\n\t\t\t\t<div class=\"wd-add-btn wd-add-btn-replace\">\n\t\t\t\t\t<a href=\"https:\/\/guidetotheazores.pt\/it\/prodotto\/casa-da-lua\/\" aria-describedby=\"woocommerce_loop_add_to_cart_link_describedby_18237\" data-quantity=\"1\" class=\"button product_type_phive_booking add_to_cart_button add-to-cart-loop\" data-product_id=\"18237\" data-product_sku=\"\" aria-label=\"Leggi di pi\u00f9 su &quot;Casa da Lua - Casa della Luna&quot;\" rel=\"nofollow\"><span>Prenota Ora<\/span><\/a>\t<span id=\"woocommerce_loop_add_to_cart_link_describedby_18237\" class=\"screen-reader-text\">\n\t\t\t<\/span>\n\t\t\t\t\t\t\t\t\t\t\t\t\t\t\t\t\t\t\t\t<\/div>\n\t\t\t\t<div class=\"wrap-quickview-button\"><\/div>\n\t\t\t<\/div>\n\n\t\t\t\t\t\t\n\t\t\t\t\t<\/div>\n\t<\/div>\n<\/div>\n<\/div>\n\t\t\t\t\t\t\t\t<div class=\"wd-product wd-hover-base wd-hover-with-fade wd-col product-grid-item product product-no-swatches type-product post-12657 status-publish instock product_cat-attivita product_cat-corvo-it product_cat-tutte-le-isole product_cat-visite-guidate product_tag-isoladicorvo has-post-thumbnail taxable shipping-taxable product-type-external\" data-loop=\"2\" data-id=\"12657\">\n\t\n\t\n<div class=\"product-wrapper\">\n\t<div class=\"content-product-imagin\"><\/div>\n\t<div class=\"product-element-top wd-quick-shop\">\n\t\t<a href=\"https:\/\/guidetotheazores.pt\/it\/prodotto\/tour-flores-e-corvo\/\" class=\"product-image-link\" tabindex=\"-1\" aria-label=\"Giornata intera sull&#8217;Isola di Corvo\">\n\t\t\t<img decoding=\"async\" width=\"300\" height=\"225\" src=\"https:\/\/guidetotheazores.pt\/wp-content\/uploads\/2024\/01\/OC-Experience-Guide-to-the-Azores-Tour-Corvo-300x225.jpg\" class=\"attachment-woocommerce_thumbnail size-woocommerce_thumbnail\" alt=\"OC Experience - Guida alle Azzorre - Tour Corvo\" srcset=\"https:\/\/guidetotheazores.pt\/wp-content\/uploads\/2024\/01\/OC-Experience-Guide-to-the-Azores-Tour-Corvo-300x225.jpg 300w, https:\/\/guidetotheazores.pt\/wp-content\/uploads\/2024\/01\/OC-Experience-Guide-to-the-Azores-Tour-Corvo-600x450.jpg 600w\" sizes=\"(max-width: 300px) 100vw, 300px\" \/>\t\t<\/a>\n\n\t\t\t\t\t<div class=\"hover-img\">\n\t\t\t\t<img decoding=\"async\" width=\"300\" height=\"225\" src=\"https:\/\/guidetotheazores.pt\/wp-content\/uploads\/2024\/01\/OC-Experience-Guide-to-the-Azores-Tour-Corvo-IV-300x225.jpeg\" class=\"attachment-woocommerce_thumbnail size-woocommerce_thumbnail\" alt=\"OC Experience - Guida alle Azzorre - Tour Corvo\" srcset=\"https:\/\/guidetotheazores.pt\/wp-content\/uploads\/2024\/01\/OC-Experience-Guide-to-the-Azores-Tour-Corvo-IV-300x225.jpeg 300w, https:\/\/guidetotheazores.pt\/wp-content\/uploads\/2024\/01\/OC-Experience-Guide-to-the-Azores-Tour-Corvo-IV-600x450.jpeg 600w\" sizes=\"(max-width: 300px) 100vw, 300px\" \/>\t\t\t<\/div>\n\t\t\t\n\t\t<div class=\"wrapp-swatches\"><\/div>\n\t<\/div>\n\n\t<div class=\"product-element-bottom product-information\">\n\t\t<h3 class=\"wd-entities-title\"><a href=\"https:\/\/guidetotheazores.pt\/it\/prodotto\/tour-flores-e-corvo\/\">Giornata intera sull&#8217;Isola di Corvo<\/a><\/h3>\t\t\t\t<div class=\"product-rating-price\">\n\t\t\t<div class=\"wrapp-product-price\">\n\t\t\t\t\n        <\/a>\n                            <span class=\"details\">\n                        <a href=\"https:\/\/guidetotheazores.pt\/it\/partner\/experience-oc\/\">Experience OC<\/a>                    <\/span>\n            \t\t\t\t\t\t\t<\/div>\n\t\t<\/div>\n\t\t\t\t<div class=\"fade-in-block wd-scroll\">\n\t\t\t<div class=\"hover-content wd-more-desc\">\n\t\t\t\t<div class=\"hover-content-inner wd-more-desc-inner\">\n\t\t\t\t\tUna gita in barca a Corvo \u00e8 a dir poco emozionante. Iniziando a conoscere l'isola pi\u00f9 piccola delle Azzorre. \n\nLa giornata inizia presso il nostro negozio, di fronte all'aeroporto di Santa Cruz das Flores, o al porto di partenza.\n\n<script src=\"https:\/\/fareharbor.com\/embeds\/script\/calendar\/experienceoc\/items\/127206\/?asn=fhdn-eur&amp;asn-ref=guidetotheazores&amp;ref=guidetotheazores&amp;bookable-only=yes&amp;full-items=yes&amp;marketplace=yes&amp;flow=no&amp;branding=no\"><\/script>\n<div class=\"flex items-start gap-4 mb-4 last:mb-0\" data-v-68eac83b=\"\">\n<div class=\"min-w-0 flex-1\"><label class=\"fh-label\" data-v-671f692c=\"\"><span class=\"fh-text fh-text--body-md fh-text--medium fh-label-text\" data-v-3872b9c5=\"\" data-v-671f692c=\"\">Durata: <\/span><span class=\"fh-text fh-text--body-sm fh-text--regular fh-help-text\" data-v-3872b9c5=\"\" data-v-3553cfb6=\"\" data-v-671f692c=\"\">5h<\/span><\/label><\/div>\n<\/div>\n<div class=\"flex items-start gap-4 mb-4 last:mb-0\" data-v-68eac83b=\"\">\n<div class=\"mt-1 shrink-0\"><\/div>\n<div class=\"min-w-0 flex-1\"><label class=\"fh-label\" data-v-671f692c=\"\"><span class=\"fh-text fh-text--body-md fh-text--medium fh-label-text\" data-v-3872b9c5=\"\" data-v-671f692c=\"\">Punto d'incontro: <\/span><span class=\"fh-text fh-text--body-sm fh-text--regular fh-help-text\" data-v-3872b9c5=\"\" data-v-3553cfb6=\"\" data-v-671f692c=\"\">Santa Cruz das Flores<\/span><\/label><\/div>\n<\/div>\n<div class=\"flex items-start gap-4 mb-4 last:mb-0\" data-v-68eac83b=\"\">\n<div class=\"mt-1 shrink-0\"><\/div>\n<div class=\"min-w-0 flex-1\"><label class=\"fh-label\" data-v-671f692c=\"\"><span class=\"fh-text fh-text--body-md fh-text--medium fh-label-text\" data-v-3872b9c5=\"\" data-v-671f692c=\"\">Cancellazioni: per cancellazioni effettuate con meno di 72 ore di anticipo verr\u00e0 addebitato il 100% dell'importo totale.<\/span><\/label><\/div>\n<\/div>\t\t\t\t<\/div>\n\t\t\t\t<a href=\"#\" rel=\"nofollow\" class=\"wd-more-desc-btn\" aria-label=\"Read more description\"><\/a>\n\t\t\t<\/div>\n\t\t\t<div class=\" wd-bottom-actions\">\n\t\t\t\t<div class=\"wrap-wishlist-button\"><\/div>\n\t\t\t\t<div class=\"wd-add-btn wd-add-btn-replace\">\n\t\t\t\t\t<a href=\"\" aria-describedby=\"woocommerce_loop_add_to_cart_link_describedby_12657\" data-quantity=\"1\" class=\"button product_type_external add-to-cart-loop\" data-product_id=\"12657\" data-product_sku=\"\" aria-label=\"Compra &ldquo;Giornata intera sull&#039;Isola di Corvo&rdquo;\" rel=\"nofollow\"><span>Acquista prodotto<\/span><\/a>\t<span id=\"woocommerce_loop_add_to_cart_link_describedby_12657\" class=\"screen-reader-text\">\n\t\t\t<\/span>\n\t\t\t\t\t\t\t\t\t\t\t\t\t\t\t\t\t\t\t\t<\/div>\n\t\t\t\t<div class=\"wrap-quickview-button\"><\/div>\n\t\t\t<\/div>\n\n\t\t\t\t\t\t\n\t\t\t\t\t<\/div>\n\t<\/div>\n<\/div>\n<\/div>\n\t\t\t\t\t\t\t\t<div class=\"wd-product wd-hover-base wd-hover-with-fade wd-col product-grid-item product product-no-swatches type-product post-25147 status-publish last instock product_cat-attivita product_cat-flores-it product_cat-tutte-le-isole product_cat-visite-guidate product_tag-isoladiflores has-post-thumbnail taxable shipping-taxable product-type-external\" data-loop=\"3\" data-id=\"25147\">\n\t\n\t\n<div class=\"product-wrapper\">\n\t<div class=\"content-product-imagin\"><\/div>\n\t<div class=\"product-element-top wd-quick-shop\">\n\t\t<a href=\"https:\/\/guidetotheazores.pt\/it\/prodotto\/tour-di-mezza-giornata-cascate-e-nord-nuoto-opzionale-al-poco-do-bacalhau\/\" class=\"product-image-link\" tabindex=\"-1\" aria-label=\"Tour di mezza giornata &#8211; Cascate e Nord &#8211; nuoto opzionale al Po\u00e7o do Bacalhau\">\n\t\t\t<img decoding=\"async\" width=\"300\" height=\"225\" src=\"https:\/\/guidetotheazores.pt\/wp-content\/uploads\/2026\/05\/Half-Day-Tour-\u2013-Waterfalls-North-optional-swim-at-Poco-do-Bacalhau-Experienceoc-Guidetotheazores-300x225.jpg\" class=\"attachment-woocommerce_thumbnail size-woocommerce_thumbnail\" alt=\"Tour di mezza giornata - Cascate e Nord - nuoto opzionale a Po\u00e7o do Bacalhau-Esperienzaoc-Guidetotheazores\" \/>\t\t<\/a>\n\n\t\t\t\t\t<div class=\"hover-img\">\n\t\t\t\t<img decoding=\"async\" width=\"300\" height=\"225\" src=\"https:\/\/guidetotheazores.pt\/wp-content\/uploads\/2026\/05\/Half-Day-Tour-\u2013-Waterfalls-North-optional-swim-at-Poco-do-Bacalhau-Experienceoc-Guidetotheazores-300x225.jpg\" class=\"attachment-woocommerce_thumbnail size-woocommerce_thumbnail\" alt=\"Tour di mezza giornata - Cascate e Nord - nuoto opzionale a Po\u00e7o do Bacalhau-Esperienzaoc-Guidetotheazores\" \/>\t\t\t<\/div>\n\t\t\t\n\t\t<div class=\"wrapp-swatches\"><\/div>\n\t<\/div>\n\n\t<div class=\"product-element-bottom product-information\">\n\t\t<h3 class=\"wd-entities-title\"><a href=\"https:\/\/guidetotheazores.pt\/it\/prodotto\/tour-di-mezza-giornata-cascate-e-nord-nuoto-opzionale-al-poco-do-bacalhau\/\">Tour di mezza giornata &#8211; Cascate e Nord &#8211; nuoto opzionale al Po\u00e7o do Bacalhau<\/a><\/h3>\t\t\t\t<div class=\"product-rating-price\">\n\t\t\t<div class=\"wrapp-product-price\">\n\t\t\t\t\n        <\/a>\n                            <span class=\"details\">\n                        <a href=\"https:\/\/guidetotheazores.pt\/it\/partner\/experience-oc\/\">Experience OC<\/a>                    <\/span>\n            \t\t\t\t\t\t\t<\/div>\n\t\t<\/div>\n\t\t\t\t<div class=\"fade-in-block wd-scroll\">\n\t\t\t<div class=\"hover-content wd-more-desc\">\n\t\t\t\t<div class=\"hover-content-inner wd-more-desc-inner\">\n\t\t\t\t\tIn questo tour di mezza giornata esploreremo il lato nord dell'isola di Flores, un'area costellata di punti panoramici che si affacciano sull'Atlantico, tra cui l'isola di Corvo, e le cascate che danno il nome all'isola.\n\n<script src=\"https:\/\/fareharbor.com\/embeds\/script\/calendar\/experienceoc\/items\/127199\/?asn=fhdn-eur&amp;asn-ref=guidetotheazores&amp;ref=guidetotheazores&amp;bookable-only=yes&amp;full-items=yes&amp;marketplace=yes&amp;flow=no&amp;branding=no\"><\/script>\n\nDurata: 4 ore\n\nPunto d'incontro: Negozio Experience OC\n\nDisponibile in: Inglese, spagnolo, francese\n\nCancellazioni: per cancellazioni effettuate con meno di 72 ore di anticipo verr\u00e0 addebitato il 100% dell'importo totale.\t\t\t\t<\/div>\n\t\t\t\t<a href=\"#\" rel=\"nofollow\" class=\"wd-more-desc-btn\" aria-label=\"Read more description\"><\/a>\n\t\t\t<\/div>\n\t\t\t<div class=\" wd-bottom-actions\">\n\t\t\t\t<div class=\"wrap-wishlist-button\"><\/div>\n\t\t\t\t<div class=\"wd-add-btn wd-add-btn-replace\">\n\t\t\t\t\t<a href=\"\" aria-describedby=\"woocommerce_loop_add_to_cart_link_describedby_25147\" data-quantity=\"1\" class=\"button product_type_external add-to-cart-loop\" data-product_id=\"25147\" data-product_sku=\"\" aria-label=\"Compra &ldquo;Tour di mezza giornata - Cascate e Nord - nuoto opzionale al Po\u00e7o do Bacalhau&rdquo;\" rel=\"nofollow\"><span>Acquista prodotto<\/span><\/a>\t<span id=\"woocommerce_loop_add_to_cart_link_describedby_25147\" class=\"screen-reader-text\">\n\t\t\t<\/span>\n\t\t\t\t\t\t\t\t\t\t\t\t\t\t\t\t\t\t\t\t<\/div>\n\t\t\t\t<div class=\"wrap-quickview-button\"><\/div>\n\t\t\t<\/div>\n\n\t\t\t\t\t\t\n\t\t\t\t\t<\/div>\n\t<\/div>\n<\/div>\n<\/div>\n\t\t\n\t\t\t\t<\/div>\n\t\n\t\t\n\t\t\n\t\t\t\t\t<\/div>\n\t\t\n\t\t\t\t\t\t<\/div>\n\t\t\t\t<\/div>\n\t\t\t\t<div class=\"elementor-element elementor-element-9900e5f elementor-widget-divider--view-line elementor-widget elementor-widget-divider\" data-id=\"9900e5f\" data-element_type=\"widget\" data-e-type=\"widget\" data-widget_type=\"divider.default\">\n\t\t\t\t<div class=\"elementor-widget-container\">\n\t\t\t\t\t\t\t<div class=\"elementor-divider\">\n\t\t\t<span class=\"elementor-divider-separator\">\n\t\t\t\t\t\t<\/span>\n\t\t<\/div>\n\t\t\t\t\t\t<\/div>\n\t\t\t\t<\/div>\n\t\t\t\t\t<\/div>\n\t\t<\/div>\n\t\t\t\t\t<\/div>\n\t\t<\/section>\n\t\t\t\t<section class=\"wd-negative-gap elementor-section elementor-top-section elementor-element elementor-element-859f0ae elementor-section-boxed elementor-section-height-default elementor-section-height-default\" data-id=\"859f0ae\" data-element_type=\"section\" data-e-type=\"section\">\n\t\t\t\t\t\t<div class=\"elementor-container elementor-column-gap-default\">\n\t\t\t\t\t<div class=\"elementor-column elementor-col-100 elementor-top-column elementor-element elementor-element-687c64b\" data-id=\"687c64b\" data-element_type=\"column\" data-e-type=\"column\">\n\t\t\t<div class=\"elementor-widget-wrap elementor-element-populated\">\n\t\t\t\t\t\t<div class=\"elementor-element elementor-element-37ade1d elementor-widget elementor-widget-heading\" data-id=\"37ade1d\" data-element_type=\"widget\" data-e-type=\"widget\" data-widget_type=\"heading.default\">\n\t\t\t\t<div class=\"elementor-widget-container\">\n\t\t\t\t\t<h2 class=\"elementor-heading-title elementor-size-default\">S\u00e3o Miguel - Ponta Delgada<\/h2>\t\t\t\t<\/div>\n\t\t\t\t<\/div>\n\t\t\t\t\t<\/div>\n\t\t<\/div>\n\t\t\t\t\t<\/div>\n\t\t<\/section>\n\t\t\t\t<section class=\"wd-negative-gap elementor-section elementor-top-section elementor-element elementor-element-41895e8 elementor-section-boxed elementor-section-height-default elementor-section-height-default\" data-id=\"41895e8\" data-element_type=\"section\" data-e-type=\"section\">\n\t\t\t\t\t\t<div class=\"elementor-container elementor-column-gap-default\">\n\t\t\t\t\t<div class=\"elementor-column elementor-col-100 elementor-top-column elementor-element elementor-element-6e8e9cc\" data-id=\"6e8e9cc\" data-element_type=\"column\" data-e-type=\"column\">\n\t\t\t<div class=\"elementor-widget-wrap elementor-element-populated\">\n\t\t\t\t\t\t<div class=\"elementor-element elementor-element-2291842 elementor-widget elementor-widget-html\" data-id=\"2291842\" data-element_type=\"widget\" data-e-type=\"widget\" data-widget_type=\"html.default\">\n\t\t\t\t<div class=\"elementor-widget-container\">\n\t\t\t\t\t<a name=\"windy-webcam-timelapse-player\" data-id=\"1344442781\" data-play=\"day\" href=\"https:\/\/windy.com\/webcams\/1344442781\" target=\"_blank\" rel=\"noopener\">Ponta Delgada<\/a><script async=\"\" type=\"text\/javascript\" src=\"https:\/\/webcams.windy.com\/webcams\/public\/embed\/script\/player.js\"><\/script>\t\t\t\t<\/div>\n\t\t\t\t<\/div>\n\t\t\t\t\t<\/div>\n\t\t<\/div>\n\t\t\t\t\t<\/div>\n\t\t<\/section>\n\t\t\t\t<section class=\"elementor-section elementor-top-section elementor-element elementor-element-4c89486 elementor-section-boxed elementor-section-height-default elementor-section-height-default\" data-id=\"4c89486\" data-element_type=\"section\" data-e-type=\"section\">\n\t\t\t\t\t\t<div class=\"elementor-container elementor-column-gap-default\">\n\t\t\t\t\t<div class=\"elementor-column elementor-col-100 elementor-top-column elementor-element elementor-element-d0af10b\" data-id=\"d0af10b\" data-element_type=\"column\" data-e-type=\"column\">\n\t\t\t<div class=\"elementor-widget-wrap elementor-element-populated\">\n\t\t\t\t\t\t<div class=\"elementor-element elementor-element-41452f6 wd-width-100 elementor-widget elementor-widget-wd_products\" data-id=\"41452f6\" data-element_type=\"widget\" data-e-type=\"widget\" data-widget_type=\"wd_products.default\">\n\t\t\t\t<div class=\"elementor-widget-container\">\n\t\t\t\t\t\t\t\t\t\t<div class=\"wd-products-element with-title\">\n\n\t\t\t\t\t\t\t<h4 class=\"wd-el-title title element-title\">Tour e alloggi selezionati dai nostri partner locali<\/h4>\t\t\t\n\t\t\t\n\t\t\t\n\t\t\t\n\t\t\t<div class=\"products wd-products grid-columns-3 elements-grid title-line-two wd-grid-g\" data-paged=\"1\" data-atts=\"{&quot;speed&quot;:null,&quot;slides_per_view&quot;:null,&quot;slides_per_view_tablet&quot;:null,&quot;slides_per_view_mobile&quot;:null,&quot;wrap&quot;:null,&quot;autoplay&quot;:null,&quot;autoheight&quot;:null,&quot;hide_pagination_control&quot;:null,&quot;hide_pagination_control_tablet&quot;:null,&quot;hide_pagination_control_mobile&quot;:null,&quot;dynamic_pagination_control&quot;:null,&quot;hide_prev_next_buttons&quot;:null,&quot;carousel_arrows_position&quot;:null,&quot;hide_scrollbar&quot;:null,&quot;hide_scrollbar_tablet&quot;:null,&quot;hide_scrollbar_mobile&quot;:null,&quot;scroll_per_page&quot;:null,&quot;center_mode&quot;:null,&quot;spacing&quot;:&quot;&quot;,&quot;carousel_sync&quot;:null,&quot;sync_parent_id&quot;:null,&quot;sync_child_id&quot;:null,&quot;scroll_carousel_init&quot;:null,&quot;disable_overflow_carousel&quot;:null,&quot;element_title&quot;:&quot;Tour e alloggi selezionati dai nostri partner locali&quot;,&quot;include&quot;:null,&quot;taxonomies&quot;:[&quot;19305&quot;],&quot;orderby&quot;:&quot;rand&quot;,&quot;meta_key&quot;:null,&quot;shop_tools&quot;:null,&quot;ajax_recently_viewed&quot;:null,&quot;pagination_arrows_position&quot;:null,&quot;items_per_page&quot;:3,&quot;columns&quot;:{&quot;unit&quot;:&quot;px&quot;,&quot;size&quot;:3,&quot;sizes&quot;:[]},&quot;columns_tablet&quot;:{&quot;unit&quot;:&quot;px&quot;,&quot;size&quot;:&quot;&quot;,&quot;sizes&quot;:[]},&quot;columns_mobile&quot;:{&quot;unit&quot;:&quot;px&quot;,&quot;size&quot;:&quot;&quot;,&quot;sizes&quot;:[]},&quot;products_masonry&quot;:&quot;&quot;,&quot;products_different_sizes&quot;:&quot;&quot;,&quot;product_quantity&quot;:&quot;&quot;,&quot;sale_countdown&quot;:&quot;0&quot;,&quot;stretch_product&quot;:null,&quot;stretch_product_tablet&quot;:null,&quot;stretch_product_mobile&quot;:null,&quot;stock_progress_bar&quot;:&quot;0&quot;,&quot;highlighted_products&quot;:&quot;0&quot;,&quot;products_divider&quot;:null,&quot;products_bordered_grid&quot;:&quot;0&quot;,&quot;products_bordered_grid_style&quot;:null,&quot;products_with_background&quot;:&quot;0&quot;,&quot;products_shadow&quot;:&quot;0&quot;,&quot;img_size_custom&quot;:null,&quot;grid_gallery_control&quot;:null,&quot;grid_gallery_enable_arrows&quot;:null,&quot;elementor&quot;:true,&quot;force_not_ajax&quot;:&quot;no&quot;}\" data-source=\"shortcode\" data-columns=\"3\" data-grid-gallery=\"\" style=\"--wd-col-lg:3;--wd-col-md:3;--wd-col-sm:2;--wd-gap-lg:20px;--wd-gap-sm:10px;\">\n\t\t\n\t\t\t\t\t\t\t\t<div class=\"wd-product wd-hover-base wd-hover-with-fade wd-col product-grid-item product product-no-swatches type-product post-14248 status-publish instock product_cat-attivita product_cat-osservazione-delle-balene product_cat-sao-miguel-it product_cat-tutte-le-isole product_tag-isoladisanmiguel has-post-thumbnail virtual sold-individually taxable purchasable product-type-phive_booking\" data-loop=\"1\" data-id=\"14248\">\n\t\n\t\n<div class=\"product-wrapper\">\n\t<div class=\"content-product-imagin\"><\/div>\n\t<div class=\"product-element-top wd-quick-shop\">\n\t\t<a href=\"https:\/\/guidetotheazores.pt\/it\/prodotto\/osservazione-delle-balene-e-tour-in-barca-dellisolotto\/\" class=\"product-image-link\" tabindex=\"-1\" aria-label=\"Osservazione delle balene e tour in barca dell&#8217;isolotto\">\n\t\t\t<img decoding=\"async\" width=\"300\" height=\"225\" src=\"https:\/\/guidetotheazores.pt\/wp-content\/uploads\/2024\/02\/Terra-Azul-Guide-to-the-Azores-Whale-Watching-Islet-Boat-Tour-Cover-300x225.jpeg\" class=\"attachment-woocommerce_thumbnail size-woocommerce_thumbnail\" alt=\"Terra Azul - Guida alle Azzorre - Osservazione delle balene e tour in barca delle isole\" srcset=\"https:\/\/guidetotheazores.pt\/wp-content\/uploads\/2024\/02\/Terra-Azul-Guide-to-the-Azores-Whale-Watching-Islet-Boat-Tour-Cover-300x225.jpeg 300w, https:\/\/guidetotheazores.pt\/wp-content\/uploads\/2024\/02\/Terra-Azul-Guide-to-the-Azores-Whale-Watching-Islet-Boat-Tour-Cover-600x450.jpeg 600w\" sizes=\"(max-width: 300px) 100vw, 300px\" \/>\t\t<\/a>\n\n\t\t\t\t\t<div class=\"hover-img\">\n\t\t\t\t<img decoding=\"async\" width=\"300\" height=\"225\" src=\"https:\/\/guidetotheazores.pt\/wp-content\/uploads\/2024\/02\/Terra-Azul-Guide-to-the-Azores-Whale-Watching-Islet-Boat-Tour-III-300x225.jpg\" class=\"attachment-woocommerce_thumbnail size-woocommerce_thumbnail\" alt=\"Terra Azul - Guida alle Azzorre - Osservazione delle balene e tour in barca delle isole\" srcset=\"https:\/\/guidetotheazores.pt\/wp-content\/uploads\/2024\/02\/Terra-Azul-Guide-to-the-Azores-Whale-Watching-Islet-Boat-Tour-III-300x225.jpg 300w, https:\/\/guidetotheazores.pt\/wp-content\/uploads\/2024\/02\/Terra-Azul-Guide-to-the-Azores-Whale-Watching-Islet-Boat-Tour-III-600x450.jpg 600w\" sizes=\"(max-width: 300px) 100vw, 300px\" \/>\t\t\t<\/div>\n\t\t\t\n\t\t<div class=\"wrapp-swatches\"><\/div>\n\t<\/div>\n\n\t<div class=\"product-element-bottom product-information\">\n\t\t<h3 class=\"wd-entities-title\"><a href=\"https:\/\/guidetotheazores.pt\/it\/prodotto\/osservazione-delle-balene-e-tour-in-barca-dellisolotto\/\">Osservazione delle balene e tour in barca dell&#8217;isolotto<\/a><\/h3>\t\t\t\t<div class=\"product-rating-price\">\n\t\t\t<div class=\"wrapp-product-price\">\n\t\t\t\t\n\t<span class=\"price\"><span class=\"woocommerce-Price-amount amount\"><bdi><span class=\"woocommerce-Price-currencySymbol\">&euro;<\/span>62.00<\/bdi><\/span>&nbsp;<span class = \"ph-bookings-display-cost-suffix\">From<\/span><\/span>\n        <\/a>\n                            <span class=\"details\">\n                        <a href=\"https:\/\/guidetotheazores.pt\/it\/partner\/terra-azul\/\">Azores Whale Watching - TERRA AZUL<\/a>                    <\/span>\n            \t\t\t\t\t\t\t<\/div>\n\t\t<\/div>\n\t\t\t\t<div class=\"fade-in-block wd-scroll\">\n\t\t\t<div class=\"hover-content wd-more-desc\">\n\t\t\t\t<div class=\"hover-content-inner wd-more-desc-inner\">\n\t\t\t\t\tIncontraci al porto turistico di Vila Franca do Campo per il check-in all'orario indicato\nIl viaggio inizia con un breve briefing che introduce le specie locali di cetacei (balene e delfini), le loro migrazioni e i loro modelli comportamentali e la sicurezza a bordo\nSegui la guida e lo skipper fino alla barca designata ed esci in mare. Le vedette nell'entroterra aiutano a localizzare i nostri amici e forniscono indicazioni via radio VHF sul punto in cui l'imbarcazione viagger\u00e0, inizialmente ad alta velocit\u00e0. Avvicinandoti con cura ai nostri amici, la tua Guida ti terr\u00e0 informato, raccoglier\u00e0 immagini e dati sul campo per la ricerca locale e sar\u00e0 sempre disponibile a fornire risposte a qualsiasi domanda specifica: non esitare a chiedere a\nLa fauna marina pu\u00f2 essere osservata tutto l'anno. \u00c8 possibile osservare pi\u00f9 di 25 specie di cetacei, i capodogli sono stanziali insieme a 3 specie di delfini e un'abbondante biodiversit\u00e0 marina.\t\t\t\t<\/div>\n\t\t\t\t<a href=\"#\" rel=\"nofollow\" class=\"wd-more-desc-btn\" aria-label=\"Read more description\"><\/a>\n\t\t\t<\/div>\n\t\t\t<div class=\" wd-bottom-actions\">\n\t\t\t\t<div class=\"wrap-wishlist-button\"><\/div>\n\t\t\t\t<div class=\"wd-add-btn wd-add-btn-replace\">\n\t\t\t\t\t<a href=\"https:\/\/guidetotheazores.pt\/it\/prodotto\/osservazione-delle-balene-e-tour-in-barca-dellisolotto\/\" aria-describedby=\"woocommerce_loop_add_to_cart_link_describedby_14248\" data-quantity=\"1\" class=\"button product_type_phive_booking add_to_cart_button add-to-cart-loop\" data-product_id=\"14248\" data-product_sku=\"\" aria-label=\"Leggi di pi\u00f9 su &quot;Osservazione delle balene e tour in barca dell&#039;isolotto&quot;\" rel=\"nofollow\"><span>Prenota Ora<\/span><\/a>\t<span id=\"woocommerce_loop_add_to_cart_link_describedby_14248\" class=\"screen-reader-text\">\n\t\t\t<\/span>\n\t\t\t\t\t\t\t\t\t\t\t\t\t\t\t\t\t\t\t\t<\/div>\n\t\t\t\t<div class=\"wrap-quickview-button\"><\/div>\n\t\t\t<\/div>\n\n\t\t\t\t\t\t\n\t\t\t\t\t<\/div>\n\t<\/div>\n<\/div>\n<\/div>\n\t\t\t\t\t\t\t\t<div class=\"wd-product wd-hover-base wd-hover-with-fade wd-col product-grid-item product product-no-swatches type-product post-25336 status-publish instock product_cat-attivita product_cat-sao-miguel-it product_cat-tutte-le-isole product_cat-visite-guidate product_tag-isoladisanmiguel has-post-thumbnail taxable shipping-taxable product-type-external\" data-loop=\"2\" data-id=\"25336\">\n\t\n\t\n<div class=\"product-wrapper\">\n\t<div class=\"content-product-imagin\"><\/div>\n\t<div class=\"product-element-top wd-quick-shop\">\n\t\t<a href=\"https:\/\/guidetotheazores.pt\/it\/prodotto\/tour-di-furnas-mezza-giornata\/\" class=\"product-image-link\" tabindex=\"-1\" aria-label=\"Tour di Furnas &#8211; Mezza giornata\">\n\t\t\t<img decoding=\"async\" width=\"300\" height=\"225\" src=\"https:\/\/guidetotheazores.pt\/wp-content\/uploads\/2026\/05\/Furnas-Tour-Half-day-Into-the-Wild-Guidetotheazores-300x225.webp\" class=\"attachment-woocommerce_thumbnail size-woocommerce_thumbnail\" alt=\"Tour di Furnas - Mezza giornata - Nella natura selvaggia - Guida alle Azzorre\" \/>\t\t<\/a>\n\n\t\t\t\t\t<div class=\"hover-img\">\n\t\t\t\t<img decoding=\"async\" width=\"300\" height=\"225\" src=\"https:\/\/guidetotheazores.pt\/wp-content\/uploads\/2026\/05\/Furnas-Tour-Half-day-Into-the-Wild-Guidetotheazores-300x225.webp\" class=\"attachment-woocommerce_thumbnail size-woocommerce_thumbnail\" alt=\"Tour di Furnas - Mezza giornata - Nella natura selvaggia - Guida alle Azzorre\" \/>\t\t\t<\/div>\n\t\t\t\n\t\t<div class=\"wrapp-swatches\"><\/div>\n\t<\/div>\n\n\t<div class=\"product-element-bottom product-information\">\n\t\t<h3 class=\"wd-entities-title\"><a href=\"https:\/\/guidetotheazores.pt\/it\/prodotto\/tour-di-furnas-mezza-giornata\/\">Tour di Furnas &#8211; Mezza giornata<\/a><\/h3>\t\t\t\t<div class=\"product-rating-price\">\n\t\t\t<div class=\"wrapp-product-price\">\n\t\t\t\t\n        <\/a>\n                            <span class=\"details\">\n                        <a href=\"https:\/\/guidetotheazores.pt\/it\/partner\/into-the-wild-azores\/\">Into the Wild Azores<\/a>                    <\/span>\n            \t\t\t\t\t\t\t<\/div>\n\t\t<\/div>\n\t\t\t\t<div class=\"fade-in-block wd-scroll\">\n\t\t\t<div class=\"hover-content wd-more-desc\">\n\t\t\t\t<div class=\"hover-content-inner wd-more-desc-inner\">\n\t\t\t\t\tScopri e immergi il tuo corpo nelle sorgenti calde geotermiche delle Azzorre la sera o la mattina, durante una sorta di incantevole avventura romantica nel luogo pi\u00f9 esotico della terra.\n\n<script src=\"https:\/\/fareharbor.com\/embeds\/script\/calendar\/intothewildazorestours\/items\/124746\/?asn=fhdn-eur&amp;asn-ref=guidetotheazores&amp;ref=guidetotheazores&amp;bookable-only=yes&amp;full-items=yes&amp;marketplace=yes&amp;flow=no&amp;branding=no\"><\/script>\n\n<em>Visita guidata di mezza giornata Furnas<\/em>\n\nDurata: mezza giornata 5 ore\t\t\t\t<\/div>\n\t\t\t\t<a href=\"#\" rel=\"nofollow\" class=\"wd-more-desc-btn\" aria-label=\"Read more description\"><\/a>\n\t\t\t<\/div>\n\t\t\t<div class=\" wd-bottom-actions\">\n\t\t\t\t<div class=\"wrap-wishlist-button\"><\/div>\n\t\t\t\t<div class=\"wd-add-btn wd-add-btn-replace\">\n\t\t\t\t\t<a href=\"\" aria-describedby=\"woocommerce_loop_add_to_cart_link_describedby_25336\" data-quantity=\"1\" class=\"button product_type_external add-to-cart-loop\" data-product_id=\"25336\" data-product_sku=\"\" aria-label=\"Compra &ldquo;Tour di Furnas - Mezza giornata&rdquo;\" rel=\"nofollow\"><span>Acquista prodotto<\/span><\/a>\t<span id=\"woocommerce_loop_add_to_cart_link_describedby_25336\" class=\"screen-reader-text\">\n\t\t\t<\/span>\n\t\t\t\t\t\t\t\t\t\t\t\t\t\t\t\t\t\t\t\t<\/div>\n\t\t\t\t<div class=\"wrap-quickview-button\"><\/div>\n\t\t\t<\/div>\n\n\t\t\t\t\t\t\n\t\t\t\t\t<\/div>\n\t<\/div>\n<\/div>\n<\/div>\n\t\t\t\t\t\t\t\t<div class=\"wd-product wd-hover-base wd-hover-with-fade wd-col product-grid-item product product-no-swatches type-product post-17901 status-publish last instock product_cat-attivita product_cat-sao-miguel-it product_cat-tutte-le-isole product_cat-visite-guidate product_tag-isoladisanmiguel has-post-thumbnail virtual sold-individually taxable purchasable product-type-phive_booking\" data-loop=\"3\" data-id=\"17901\">\n\t\n\t\n<div class=\"product-wrapper\">\n\t<div class=\"content-product-imagin\"><\/div>\n\t<div class=\"product-element-top wd-quick-shop\">\n\t\t<a href=\"https:\/\/guidetotheazores.pt\/it\/prodotto\/tour-di-un-giorno-intero-della-furnas-valley-con-un-abitante-del-luogo\/\" class=\"product-image-link\" tabindex=\"-1\" aria-label=\"Tour di un giorno intero della Furnas Valley con un abitante del luogo\">\n\t\t\t<img decoding=\"async\" width=\"300\" height=\"225\" src=\"https:\/\/guidetotheazores.pt\/wp-content\/uploads\/2025\/01\/20220524_150433-300x225.jpg\" class=\"attachment-woocommerce_thumbnail size-woocommerce_thumbnail\" alt=\"\" srcset=\"https:\/\/guidetotheazores.pt\/wp-content\/uploads\/2025\/01\/20220524_150433-300x225.jpg 300w, https:\/\/guidetotheazores.pt\/wp-content\/uploads\/2025\/01\/20220524_150433-600x450.jpg 600w\" sizes=\"(max-width: 300px) 100vw, 300px\">\t\t<\/a>\n\n\t\t\t\t\t<div class=\"hover-img\">\n\t\t\t\t<img decoding=\"async\" width=\"300\" height=\"225\" src=\"https:\/\/guidetotheazores.pt\/wp-content\/uploads\/2025\/01\/azores-aerial-xlarge-300x225.jpg\" class=\"attachment-woocommerce_thumbnail size-woocommerce_thumbnail\" alt=\"\" srcset=\"https:\/\/guidetotheazores.pt\/wp-content\/uploads\/2025\/01\/azores-aerial-xlarge-300x225.jpg 300w, https:\/\/guidetotheazores.pt\/wp-content\/uploads\/2025\/01\/azores-aerial-xlarge-600x450.jpg 600w\" sizes=\"(max-width: 300px) 100vw, 300px\">\t\t\t<\/div>\n\t\t\t\n\t\t<div class=\"wrapp-swatches\"><\/div>\n\t<\/div>\n\n\t<div class=\"product-element-bottom product-information\">\n\t\t<h3 class=\"wd-entities-title\"><a href=\"https:\/\/guidetotheazores.pt\/it\/prodotto\/tour-di-un-giorno-intero-della-furnas-valley-con-un-abitante-del-luogo\/\">Tour di un giorno intero della Furnas Valley con un abitante del luogo<\/a><\/h3>\t\t\t\t<div class=\"product-rating-price\">\n\t\t\t<div class=\"wrapp-product-price\">\n\t\t\t\t\n\t<span class=\"price\"><span class=\"woocommerce-Price-amount amount\"><bdi><span class=\"woocommerce-Price-currencySymbol\">&euro;<\/span>398.00<\/bdi><\/span>&nbsp;<span class = \"ph-bookings-display-cost-suffix\">per group 4<\/span><\/span>\n        <\/a>\n                            <span class=\"details\">\n                        <a href=\"https:\/\/guidetotheazores.pt\/it\/partner\/azoresislandsexperience\/\">Azores Islands Experience<\/a>                    <\/span>\n            \t\t\t\t\t\t\t<\/div>\n\t\t<\/div>\n\t\t\t\t<div class=\"fade-in-block wd-scroll\">\n\t\t\t<div class=\"hover-content wd-more-desc\">\n\t\t\t\t<div class=\"hover-content-inner wd-more-desc-inner\">\n\t\t\t\t\tScopri uno dei villaggi pi\u00f9 emblematici delle Azzorre, dove l'attivit\u00e0 vulcanica sorge dalle montagne\n\nIn questo tour, esclusivamente privato, sarai a contatto con la natura in un'esperienza unica su un vulcano attivo.\n\nDurante questo tour a Furnas, offrir\u00f2 una combinazione unica di attivit\u00e0 geotermiche, bellezze naturali, cultura locale e relax, rendendola una destinazione interessante per i visitatori che vogliono sperimentare qualcosa di diverso e autentico con una guida locale.\n\nVisiteremo anche l'unica e bellissima piantagione di t\u00e8 d'Europa, \"A Planta\u00e7\u00e3o de Ch\u00e1 da Gorreana\".\n\nPick up presso il tuo hotel o alloggio\t\t\t\t<\/div>\n\t\t\t\t<a href=\"#\" rel=\"nofollow\" class=\"wd-more-desc-btn\" aria-label=\"Read more description\"><\/a>\n\t\t\t<\/div>\n\t\t\t<div class=\" wd-bottom-actions\">\n\t\t\t\t<div class=\"wrap-wishlist-button\"><\/div>\n\t\t\t\t<div class=\"wd-add-btn wd-add-btn-replace\">\n\t\t\t\t\t<a href=\"https:\/\/guidetotheazores.pt\/it\/prodotto\/tour-di-un-giorno-intero-della-furnas-valley-con-un-abitante-del-luogo\/\" aria-describedby=\"woocommerce_loop_add_to_cart_link_describedby_17901\" data-quantity=\"1\" class=\"button product_type_phive_booking add_to_cart_button add-to-cart-loop\" data-product_id=\"17901\" data-product_sku=\"\" aria-label=\"Leggi di pi\u00f9 su &quot;Tour di un giorno intero della Furnas Valley con un abitante del luogo&quot;\" rel=\"nofollow\"><span>Prenota Ora<\/span><\/a>\t<span id=\"woocommerce_loop_add_to_cart_link_describedby_17901\" class=\"screen-reader-text\">\n\t\t\t<\/span>\n\t\t\t\t\t\t\t\t\t\t\t\t\t\t\t\t\t\t\t\t<\/div>\n\t\t\t\t<div class=\"wrap-quickview-button\"><\/div>\n\t\t\t<\/div>\n\n\t\t\t\t\t\t\n\t\t\t\t\t<\/div>\n\t<\/div>\n<\/div>\n<\/div>\n\t\t\n\t\t\t\t<\/div>\n\t\n\t\t\n\t\t\n\t\t\t\t\t<\/div>\n\t\t\n\t\t\t\t\t\t<\/div>\n\t\t\t\t<\/div>\n\t\t\t\t<div class=\"elementor-element elementor-element-ed12f94 elementor-widget-divider--view-line elementor-widget elementor-widget-divider\" data-id=\"ed12f94\" data-element_type=\"widget\" data-e-type=\"widget\" data-widget_type=\"divider.default\">\n\t\t\t\t<div class=\"elementor-widget-container\">\n\t\t\t\t\t\t\t<div class=\"elementor-divider\">\n\t\t\t<span class=\"elementor-divider-separator\">\n\t\t\t\t\t\t<\/span>\n\t\t<\/div>\n\t\t\t\t\t\t<\/div>\n\t\t\t\t<\/div>\n\t\t\t\t\t<\/div>\n\t\t<\/div>\n\t\t\t\t\t<\/div>\n\t\t<\/section>\n\t\t\t\t<\/div>\n\t\t","protected":false},"excerpt":{"rendered":"<p>Una raccolta di webcam delle Azzorre. Hai una webcam?  Contattateci per aggiungerla a questa pagina!<\/p>\n","protected":false},"author":1,"featured_media":9406,"comment_status":"open","ping_status":"open","sticky":false,"template":"elementor_header_footer","format":"standard","meta":{"_acf_changed":false,"footnotes":""},"categories":[581,19356],"tags":[],"class_list":["post-22207","post","type-post","status-publish","format-standard","has-post-thumbnail","hentry","category-info-sulle-azzorre","category-meraviglie-delle-azzorre"],"acf":[],"_links":{"self":[{"href":"https:\/\/guidetotheazores.pt\/it\/wp-json\/wp\/v2\/posts\/22207","targetHints":{"allow":["GET"]}}],"collection":[{"href":"https:\/\/guidetotheazores.pt\/it\/wp-json\/wp\/v2\/posts"}],"about":[{"href":"https:\/\/guidetotheazores.pt\/it\/wp-json\/wp\/v2\/types\/post"}],"author":[{"embeddable":true,"href":"https:\/\/guidetotheazores.pt\/it\/wp-json\/wp\/v2\/users\/1"}],"replies":[{"embeddable":true,"href":"https:\/\/guidetotheazores.pt\/it\/wp-json\/wp\/v2\/comments?post=22207"}],"version-history":[{"count":6,"href":"https:\/\/guidetotheazores.pt\/it\/wp-json\/wp\/v2\/posts\/22207\/revisions"}],"predecessor-version":[{"id":25728,"href":"https:\/\/guidetotheazores.pt\/it\/wp-json\/wp\/v2\/posts\/22207\/revisions\/25728"}],"wp:featuredmedia":[{"embeddable":true,"href":"https:\/\/guidetotheazores.pt\/it\/wp-json\/wp\/v2\/media\/9406"}],"wp:attachment":[{"href":"https:\/\/guidetotheazores.pt\/it\/wp-json\/wp\/v2\/media?parent=22207"}],"wp:term":[{"taxonomy":"category","embeddable":true,"href":"https:\/\/guidetotheazores.pt\/it\/wp-json\/wp\/v2\/categories?post=22207"},{"taxonomy":"post_tag","embeddable":true,"href":"https:\/\/guidetotheazores.pt\/it\/wp-json\/wp\/v2\/tags?post=22207"}],"curies":[{"name":"wp","href":"https:\/\/api.w.org\/{rel}","templated":true}]}}