{"id":9677,"date":"2021-10-04T09:42:25","date_gmt":"2021-10-04T10:42:25","guid":{"rendered":"https:\/\/guidetotheazores.pt\/dove-alloggiare-alle-azzorre\/"},"modified":"2024-01-31T05:56:50","modified_gmt":"2024-01-31T06:56:50","slug":"dove-alloggiare-alle-azzorre","status":"publish","type":"post","link":"https:\/\/guidetotheazores.pt\/it\/dove-alloggiare-alle-azzorre\/","title":{"rendered":"Dove alloggiare alle Azzorre"},"content":{"rendered":"\t\t<div data-elementor-type=\"wp-post\" data-elementor-id=\"9677\" class=\"elementor elementor-9677 elementor-5846\" data-elementor-post-type=\"post\">\n\t\t\t\t\t\t<section class=\"wd-negative-gap elementor-section elementor-top-section elementor-element elementor-element-ee01316 elementor-section-boxed elementor-section-height-default elementor-section-height-default\" data-id=\"ee01316\" data-element_type=\"section\" data-e-type=\"section\">\n\t\t\t\t\t\t<div class=\"elementor-container elementor-column-gap-default\">\n\t\t\t\t\t<div class=\"elementor-column elementor-col-100 elementor-top-column elementor-element elementor-element-9b0f301\" data-id=\"9b0f301\" data-element_type=\"column\" data-e-type=\"column\">\n\t\t\t<div class=\"elementor-widget-wrap elementor-element-populated\">\n\t\t\t\t\t\t<div class=\"elementor-element elementor-element-9ad8227 elementor-widget elementor-widget-wd_text_block\" data-id=\"9ad8227\" data-element_type=\"widget\" data-e-type=\"widget\" data-widget_type=\"wd_text_block.default\">\n\t\t\t\t<div class=\"elementor-widget-container\">\n\t\t\t\t\t\t\t<div class=\"wd-text-block reset-last-child text-left\">\n\t\t\t\n\t\t\t<p style=\"margin-bottom: var(--wd-tags-mb); font-style: normal; font-variant-ligatures: normal; font-variant-caps: normal; font-weight: 400; font-family: Roboto, sans-serif; font-size: 16px; color: #7a7a7a; white-space-collapse: collapse;\">Con lo sviluppo del turismo, l'offerta di luoghi dove soggiornare alle Azzorre \u00e8 aumentata notevolmente negli ultimi anni e si \u00e8 anche differenziata.<\/p><p style=\"margin-bottom: var(--wd-tags-mb); font-style: normal; font-variant-ligatures: normal; font-variant-caps: normal; font-weight: 400; font-family: Roboto, sans-serif; font-size: 16px; color: #7a7a7a; white-space-collapse: collapse;\">Nelle isole Azzorre, essendo un arcipelago remoto e non molto grande, la ricerca pu\u00f2 diventare un po' pi\u00f9 difficile durante il periodo estivo, quindi \u00e8 bene prenotare, ma al di fuori dell'alta stagione non \u00e8 mai un problema trovare un buon posto dove alloggiare.<\/p>\n\t\t\t\t\t<\/div>\n\t\t\t\t\t\t<\/div>\n\t\t\t\t<\/div>\n\t\t\t\t\t<\/div>\n\t\t<\/div>\n\t\t\t\t\t<\/div>\n\t\t<\/section>\n\t\t\t\t<section class=\"wd-negative-gap elementor-section elementor-top-section elementor-element elementor-element-2636388 elementor-section-boxed elementor-section-height-default elementor-section-height-default\" data-id=\"2636388\" data-element_type=\"section\" data-e-type=\"section\">\n\t\t\t\t\t\t<div class=\"elementor-container elementor-column-gap-default\">\n\t\t\t\t\t<div class=\"elementor-column elementor-col-100 elementor-top-column elementor-element elementor-element-4d5f332\" data-id=\"4d5f332\" data-element_type=\"column\" data-e-type=\"column\">\n\t\t\t<div class=\"elementor-widget-wrap elementor-element-populated\">\n\t\t\t\t\t\t<div class=\"elementor-element elementor-element-b831a24 elementor-widget elementor-widget-wd_text_block\" data-id=\"b831a24\" data-element_type=\"widget\" data-e-type=\"widget\" data-widget_type=\"wd_text_block.default\">\n\t\t\t\t<div class=\"elementor-widget-container\">\n\t\t\t\t\t\t\t<div class=\"wd-text-block reset-last-child text-left\">\n\t\t\t\n\t\t\t<p style=\"margin-bottom: var(--wd-tags-mb); font-style: normal; font-variant-ligatures: normal; font-variant-caps: normal; font-weight: 400; font-family: Roboto, sans-serif; font-size: 16px; color: #7a7a7a; white-space-collapse: collapse;\"><span style=\"font-style: var(--wd-title-font-style); font-weight: var(--wd-title-font-weight); font-family: var(--wd-title-font); font-size: 24px; color: var(--wd-title-color); text-transform: var(--wd-title-transform); text-align: var(--text-align); background-color: var(--wd-main-bgcolor);\">Alloggi locali (Alojamento Local)<\/span><\/p><p style=\"margin-bottom: var(--wd-tags-mb); font-style: normal; font-variant-ligatures: normal; font-variant-caps: normal; font-weight: 400; font-family: Roboto, sans-serif; font-size: 16px; color: #7a7a7a; white-space-collapse: collapse;\">L'affitto nelle case locali si \u00e8 diffuso ampiamente su tutte le isole, da singole stanze a intere case o ville, per singole notti o anche per periodi pi\u00f9 lunghi.<\/p><p style=\"margin-bottom: var(--wd-tags-mb); font-style: normal; font-variant-ligatures: normal; font-variant-caps: normal; font-weight: 400; font-family: Roboto, sans-serif; font-size: 16px; color: #7a7a7a; white-space-collapse: collapse;\"><img decoding=\"async\" class=\" wd-lazy-fade alignnone size-full wp-image-11560\" style=\"font-size: 16px;\" src=\"https:\/\/guidetotheazores.pt\/wp-content\/themes\/woodmart\/images\/lazy.svg\" data-src=\"https:\/\/guidetotheazores.pt\/wp-content\/uploads\/2021\/11\/Casa-Aguaplano-Suite.jpeg\" alt=\"Casa Aguaplano - Alloggio Faial\" width=\"1024\" height=\"768\" srcset=\"\" data-srcset=\"https:\/\/guidetotheazores.pt\/wp-content\/uploads\/2021\/11\/Casa-Aguaplano-Suite.jpeg 1024w, https:\/\/guidetotheazores.pt\/wp-content\/uploads\/2021\/11\/Casa-Aguaplano-Suite-300x225.jpeg 300w, https:\/\/guidetotheazores.pt\/wp-content\/uploads\/2021\/11\/Casa-Aguaplano-Suite-768x576.jpeg 768w, https:\/\/guidetotheazores.pt\/wp-content\/uploads\/2021\/11\/Casa-Aguaplano-Suite-600x450.jpeg 600w, https:\/\/guidetotheazores.pt\/wp-content\/uploads\/2021\/11\/Casa-Aguaplano-Suite-150x113.jpeg 150w\" sizes=\"(max-width: 1024px) 100vw, 1024px\" \/><\/p><p style=\"margin-bottom: var(--wd-tags-mb); font-style: normal; font-variant-ligatures: normal; font-variant-caps: normal; font-weight: 400; font-family: Roboto, sans-serif; font-size: 16px; color: #7a7a7a; white-space-collapse: collapse;\">\u00a0<\/p><p style=\"margin-bottom: var(--wd-tags-mb); font-style: normal; font-variant-ligatures: normal; font-variant-caps: normal; font-weight: 400; font-family: Roboto, sans-serif; font-size: 16px; color: #7a7a7a; white-space-collapse: collapse;\">Nelle isole pi\u00f9 remote e in generale nei mesi pi\u00f9 tranquilli si pu\u00f2 provare ad andarci senza aver prenotato nulla, trovare una sistemazione per la notte non dovrebbe essere un compito cos\u00ec difficile.<\/p>\n\t\t\t\t\t<\/div>\n\t\t\t\t\t\t<\/div>\n\t\t\t\t<\/div>\n\t\t\t\t\t<\/div>\n\t\t<\/div>\n\t\t\t\t\t<\/div>\n\t\t<\/section>\n\t\t\t\t<section class=\"wd-negative-gap elementor-section elementor-top-section elementor-element elementor-element-954f43a elementor-section-boxed elementor-section-height-default elementor-section-height-default\" data-id=\"954f43a\" data-element_type=\"section\" data-e-type=\"section\">\n\t\t\t\t\t\t<div class=\"elementor-container elementor-column-gap-default\">\n\t\t\t\t\t<div class=\"elementor-column elementor-col-100 elementor-top-column elementor-element elementor-element-f8be104\" data-id=\"f8be104\" data-element_type=\"column\" data-e-type=\"column\">\n\t\t\t<div class=\"elementor-widget-wrap elementor-element-populated\">\n\t\t\t\t\t\t<div class=\"elementor-element elementor-element-7c75d48 elementor-grid-3 elementor-grid-tablet-3 elementor-grid-mobile-2 elementor-products-grid elementor-wc-products elementor-widget elementor-widget-global elementor-global-11542 elementor-global-11534 elementor-widget-woocommerce-products\" data-id=\"7c75d48\" data-element_type=\"widget\" data-e-type=\"widget\" data-widget_type=\"woocommerce-products.default\">\n\t\t\t\t<div class=\"elementor-widget-container\">\n\t\t\t\t\t<div class=\"woocommerce columns-3 \"><div class=\"wd-products-element\">\t\t\t<div class=\"wd-sticky-loader wd-content-loader\"><span class=\"wd-loader\"><\/span><\/div>\n\t\t\n<div class=\"products wd-products wd-grid-g grid-columns-4 elements-grid pagination-infinit title-line-two\" data-source=\"main_loop\" data-min_price=\"\" data-max_price=\"\" data-columns=\"4\" style=\"--wd-col-lg:4;--wd-col-md:4;--wd-col-sm:2;--wd-gap-lg:20px;--wd-gap-sm:10px;\">\n<div class=\"wd-product wd-hover-base wd-hover-with-fade wd-col product-grid-item product product-no-swatches type-product post-15853 status-publish instock product_cat-alloggiamento-locale product_cat-sao-miguel-it product_cat-sistemazione product_cat-tutte-le-isole product_tag-isoladisanmiguel has-post-thumbnail virtual sold-individually taxable purchasable product-type-phive_booking\" data-loop=\"1\" data-id=\"15853\">\n\t\n\t\n<div class=\"product-wrapper\">\n\t<div class=\"content-product-imagin\"><\/div>\n\t<div class=\"product-element-top wd-quick-shop\">\n\t\t<a href=\"https:\/\/guidetotheazores.pt\/it\/prodotto\/casa-bali-furnas\/\" class=\"product-image-link\" tabindex=\"-1\" aria-label=\"Casa Bali a Furnas\">\n\t\t\t<img decoding=\"async\" width=\"300\" height=\"225\" src=\"https:\/\/guidetotheazores.pt\/wp-content\/uploads\/2024\/02\/Pe-na-Areia-Guide-to-the-Azores-Furnas-Sao-Miguel-III-300x225.jpg\" class=\"attachment-woocommerce_thumbnail size-woocommerce_thumbnail\" alt=\"P\u00e9 na Areia - Guida alle Azzorre - Furnas S\u00e3o Miguel\" srcset=\"https:\/\/guidetotheazores.pt\/wp-content\/uploads\/2024\/02\/Pe-na-Areia-Guide-to-the-Azores-Furnas-Sao-Miguel-III-300x225.jpg 300w, https:\/\/guidetotheazores.pt\/wp-content\/uploads\/2024\/02\/Pe-na-Areia-Guide-to-the-Azores-Furnas-Sao-Miguel-III-600x450.jpg 600w\" sizes=\"(max-width: 300px) 100vw, 300px\" \/>\t\t<\/a>\n\n\t\t\t\t\t<div class=\"hover-img\">\n\t\t\t\t<img decoding=\"async\" width=\"300\" height=\"225\" src=\"https:\/\/guidetotheazores.pt\/wp-content\/uploads\/2024\/02\/Pe-na-Areia-Guide-to-the-Azores-Furnas-Sao-Miguel-VI-300x225.jpg\" class=\"attachment-woocommerce_thumbnail size-woocommerce_thumbnail\" alt=\"P\u00e9 na Areia - Guida alle Azzorre - Furnas S\u00e3o Miguel\" srcset=\"https:\/\/guidetotheazores.pt\/wp-content\/uploads\/2024\/02\/Pe-na-Areia-Guide-to-the-Azores-Furnas-Sao-Miguel-VI-300x225.jpg 300w, https:\/\/guidetotheazores.pt\/wp-content\/uploads\/2024\/02\/Pe-na-Areia-Guide-to-the-Azores-Furnas-Sao-Miguel-VI-600x450.jpg 600w\" sizes=\"(max-width: 300px) 100vw, 300px\" \/>\t\t\t<\/div>\n\t\t\t\n\t\t<div class=\"wrapp-swatches\"><\/div>\n\t<\/div>\n\n\t<div class=\"product-element-bottom product-information\">\n\t\t<h3 class=\"wd-entities-title\"><a href=\"https:\/\/guidetotheazores.pt\/it\/prodotto\/casa-bali-furnas\/\">Casa Bali a Furnas<\/a><\/h3>\t\t\t\t<div class=\"product-rating-price\">\n\t\t\t<div class=\"wrapp-product-price\">\n\t\t\t\t\n\t<span class=\"price\"><span class=\"woocommerce-Price-amount amount\"><bdi><span class=\"woocommerce-Price-currencySymbol\">&euro;<\/span>95.00<\/bdi><\/span>&nbsp;<span class = \"ph-bookings-display-cost-suffix\">From<\/span><\/span>\n        <\/a>\n                            <span class=\"details\">\n                        <a href=\"https:\/\/guidetotheazores.pt\/it\/partner\/alojamentos-pe-na-areia\/\">Alojamentos P\u00e9 na Areia<\/a>                    <\/span>\n            \t\t\t\t\t\t\t<\/div>\n\t\t<\/div>\n\t\t\t\t<div class=\"fade-in-block wd-scroll\">\n\t\t\t<div class=\"hover-content wd-more-desc\">\n\t\t\t\t<div class=\"hover-content-inner wd-more-desc-inner\">\n\t\t\t\t\t<span style=\"color: #000000;font-family: 'Helvetica Neue', Helvetica, Roboto, Arial, sans-serif\">Situata a 2,3 km dalla Lagoa das Furnas, a 6,3 km dal Pico do Ferro e a 15 km dalla Lagoa do Congro, la House Bali Furnas offre una sistemazione a Furnas. Questo appartamento si trova a 27 km da Fire Lagoon e a 90 metri da Parque Terra Nostra.  <\/span>\n\n<span style=\"color: #000000;font-family: 'Helvetica Neue', Helvetica, Roboto, Arial, sans-serif\">Il WiFi gratuito \u00e8 disponibile in tutta la struttura e Fumarolas si trova a 1 km di distanza.<\/span>\n\n<em>Ospita fino a 2 persone<\/em>\t\t\t\t<\/div>\n\t\t\t\t<a href=\"#\" rel=\"nofollow\" class=\"wd-more-desc-btn\" aria-label=\"Read more description\"><\/a>\n\t\t\t<\/div>\n\t\t\t<div class=\" wd-bottom-actions\">\n\t\t\t\t<div class=\"wrap-wishlist-button\"><\/div>\n\t\t\t\t<div class=\"wd-add-btn wd-add-btn-replace\">\n\t\t\t\t\t<a href=\"https:\/\/guidetotheazores.pt\/it\/prodotto\/casa-bali-furnas\/\" aria-describedby=\"woocommerce_loop_add_to_cart_link_describedby_15853\" data-quantity=\"1\" class=\"button product_type_phive_booking add_to_cart_button add-to-cart-loop\" data-product_id=\"15853\" data-product_sku=\"\" aria-label=\"Leggi di pi\u00f9 su &quot;Casa Bali a Furnas&quot;\" rel=\"nofollow\"><span>Prenota Ora<\/span><\/a>\t<span id=\"woocommerce_loop_add_to_cart_link_describedby_15853\" class=\"screen-reader-text\">\n\t\t\t<\/span>\n\t\t\t\t\t\t\t\t\t\t\t\t\t\t\t\t\t\t\t\t<\/div>\n\t\t\t\t<div class=\"wrap-quickview-button\"><\/div>\n\t\t\t<\/div>\n\n\t\t\t\t\t\t\n\t\t\t\t\t<\/div>\n\t<\/div>\n<\/div>\n<\/div>\n<div class=\"wd-product wd-hover-base wd-hover-with-fade wd-col product-grid-item product product-no-swatches type-product post-9713 status-publish last instock product_cat-alloggiamento-locale product_cat-faial-it product_cat-sistemazione product_cat-tutte-le-isole product_tag-isoladifaial has-post-thumbnail virtual sold-individually taxable purchasable product-type-phive_booking\" data-loop=\"2\" data-id=\"9713\">\n\t\n\t\n<div class=\"product-wrapper\">\n\t<div class=\"content-product-imagin\"><\/div>\n\t<div class=\"product-element-top wd-quick-shop\">\n\t\t<a href=\"https:\/\/guidetotheazores.pt\/it\/prodotto\/galeao-2\/\" class=\"product-image-link\" tabindex=\"-1\" aria-label=\"GALE\u00c3O &#8211; Camera Doppia Superior, Vista Mare, Bagno in Camera\">\n\t\t\t<img decoding=\"async\" width=\"300\" height=\"225\" src=\"https:\/\/guidetotheazores.pt\/wp-content\/uploads\/2022\/02\/Galeao-01-OK-copia-300x225.jpg\" class=\"attachment-woocommerce_thumbnail size-woocommerce_thumbnail\" alt=\"\" srcset=\"https:\/\/guidetotheazores.pt\/wp-content\/uploads\/2022\/02\/Galeao-01-OK-copia-300x225.jpg 300w, https:\/\/guidetotheazores.pt\/wp-content\/uploads\/2022\/02\/Galeao-01-OK-copia-192x144.jpg 192w, https:\/\/guidetotheazores.pt\/wp-content\/uploads\/2022\/02\/Galeao-01-OK-copia-384x288.jpg 384w, https:\/\/guidetotheazores.pt\/wp-content\/uploads\/2022\/02\/Galeao-01-OK-copia-90x67.jpg 90w, https:\/\/guidetotheazores.pt\/wp-content\/uploads\/2022\/02\/Galeao-01-OK-copia-180x135.jpg 180w, https:\/\/guidetotheazores.pt\/wp-content\/uploads\/2022\/02\/Galeao-01-OK-copia-561x421.jpg 561w\" sizes=\"(max-width: 300px) 100vw, 300px\">\t\t<\/a>\n\n\t\t\t\t\t<div class=\"hover-img\">\n\t\t\t\t<img decoding=\"async\" width=\"300\" height=\"225\" src=\"https:\/\/guidetotheazores.pt\/wp-content\/uploads\/2022\/02\/Galeao-07-OK-copia-300x225.jpg\" class=\"attachment-woocommerce_thumbnail size-woocommerce_thumbnail\" alt=\"\" srcset=\"https:\/\/guidetotheazores.pt\/wp-content\/uploads\/2022\/02\/Galeao-07-OK-copia-300x225.jpg 300w, https:\/\/guidetotheazores.pt\/wp-content\/uploads\/2022\/02\/Galeao-07-OK-copia-192x144.jpg 192w, https:\/\/guidetotheazores.pt\/wp-content\/uploads\/2022\/02\/Galeao-07-OK-copia-384x288.jpg 384w, https:\/\/guidetotheazores.pt\/wp-content\/uploads\/2022\/02\/Galeao-07-OK-copia-90x67.jpg 90w, https:\/\/guidetotheazores.pt\/wp-content\/uploads\/2022\/02\/Galeao-07-OK-copia-180x135.jpg 180w, https:\/\/guidetotheazores.pt\/wp-content\/uploads\/2022\/02\/Galeao-07-OK-copia-561x421.jpg 561w\" sizes=\"(max-width: 300px) 100vw, 300px\">\t\t\t<\/div>\n\t\t\t\n\t\t<div class=\"wrapp-swatches\"><\/div>\n\t<\/div>\n\n\t<div class=\"product-element-bottom product-information\">\n\t\t<h3 class=\"wd-entities-title\"><a href=\"https:\/\/guidetotheazores.pt\/it\/prodotto\/galeao-2\/\">GALE\u00c3O &#8211; Camera Doppia Superior, Vista Mare, Bagno in Camera<\/a><\/h3>\t\t\t\t<div class=\"product-rating-price\">\n\t\t\t<div class=\"wrapp-product-price\">\n\t\t\t\t\n\t<span class=\"price\"><span class=\"woocommerce-Price-amount amount\"><bdi><span class=\"woocommerce-Price-currencySymbol\">&euro;<\/span>65.00<\/bdi><\/span>&nbsp;<span class = \"ph-bookings-display-cost-suffix\">From<\/span><\/span>\n        <\/a>\n                            <span class=\"details\">\n                        <a href=\"https:\/\/guidetotheazores.pt\/it\/partner\/casabuonvento\/\">Casa BuonVento - Alojamento Local<\/a>                    <\/span>\n            \t\t\t\t\t\t\t<\/div>\n\t\t<\/div>\n\t\t\t\t<div class=\"fade-in-block wd-scroll\">\n\t\t\t<div class=\"hover-content wd-more-desc\">\n\t\t\t\t<div class=\"hover-content-inner wd-more-desc-inner\">\n\t\t\t\t\tGALE\u00c3O - Camera Superior Doppia \/ Matrimoniale\nPrimo piano (senza ascensore)\nVista su Pico e sul mare\nBagno in camera\nBollitore in camera con caff\u00e8 solubile e bustine di t\u00e8\t\t\t\t<\/div>\n\t\t\t\t<a href=\"#\" rel=\"nofollow\" class=\"wd-more-desc-btn\" aria-label=\"Read more description\"><\/a>\n\t\t\t<\/div>\n\t\t\t<div class=\" wd-bottom-actions\">\n\t\t\t\t<div class=\"wrap-wishlist-button\"><\/div>\n\t\t\t\t<div class=\"wd-add-btn wd-add-btn-replace\">\n\t\t\t\t\t<a href=\"https:\/\/guidetotheazores.pt\/it\/prodotto\/galeao-2\/\" aria-describedby=\"woocommerce_loop_add_to_cart_link_describedby_9713\" data-quantity=\"1\" class=\"button product_type_phive_booking add_to_cart_button add-to-cart-loop\" data-product_id=\"9713\" data-product_sku=\"\" aria-label=\"Leggi di pi\u00f9 su &quot;GALE\u00c3O - Camera Doppia Superior, Vista Mare, Bagno in Camera&quot;\" rel=\"nofollow\"><span>Prenota Ora<\/span><\/a>\t<span id=\"woocommerce_loop_add_to_cart_link_describedby_9713\" class=\"screen-reader-text\">\n\t\t\t<\/span>\n\t\t\t\t\t\t\t\t\t\t\t\t\t\t\t\t\t\t\t\t<\/div>\n\t\t\t\t<div class=\"wrap-quickview-button\"><\/div>\n\t\t\t<\/div>\n\n\t\t\t\t\t\t\n\t\t\t\t\t<\/div>\n\t<\/div>\n<\/div>\n<\/div>\n<div class=\"wd-product wd-hover-base wd-hover-with-fade wd-col product-grid-item product product-no-swatches type-product post-18228 status-publish first instock product_cat-alloggiamento-locale product_cat-flores-it product_cat-sistemazione product_cat-tutte-le-isole product_tag-isoladiflores has-post-thumbnail virtual sold-individually taxable purchasable product-type-phive_booking\" data-loop=\"3\" data-id=\"18228\">\n\t\n\t\n<div class=\"product-wrapper\">\n\t<div class=\"content-product-imagin\"><\/div>\n\t<div class=\"product-element-top wd-quick-shop\">\n\t\t<a href=\"https:\/\/guidetotheazores.pt\/it\/prodotto\/casa-do-sol\/\" class=\"product-image-link\" tabindex=\"-1\" aria-label=\"Casa do Sol &#8211; La casa del Sole\">\n\t\t\t<img decoding=\"async\" width=\"300\" height=\"225\" src=\"https:\/\/guidetotheazores.pt\/wp-content\/uploads\/2024\/03\/Casa-do-Sol-Guide-to-the-Azores-Casa-Atlantida-Flores-Cover-300x225.jpg\" class=\"attachment-woocommerce_thumbnail size-woocommerce_thumbnail\" alt=\"Casa do Sol - Guida alle Azzorre - Casa Atlantida - Copertina Flores\" srcset=\"https:\/\/guidetotheazores.pt\/wp-content\/uploads\/2024\/03\/Casa-do-Sol-Guide-to-the-Azores-Casa-Atlantida-Flores-Cover-300x225.jpg 300w, https:\/\/guidetotheazores.pt\/wp-content\/uploads\/2024\/03\/Casa-do-Sol-Guide-to-the-Azores-Casa-Atlantida-Flores-Cover-600x450.jpg 600w\" sizes=\"(max-width: 300px) 100vw, 300px\" \/>\t\t<\/a>\n\n\t\t\t\t\t<div class=\"hover-img\">\n\t\t\t\t<img decoding=\"async\" width=\"300\" height=\"225\" src=\"https:\/\/guidetotheazores.pt\/wp-content\/uploads\/2024\/03\/WhatsApp-Image-2024-03-04-at-15.41.42-300x225.jpeg\" class=\"attachment-woocommerce_thumbnail size-woocommerce_thumbnail\" alt=\"\" srcset=\"https:\/\/guidetotheazores.pt\/wp-content\/uploads\/2024\/03\/WhatsApp-Image-2024-03-04-at-15.41.42-300x225.jpeg 300w, https:\/\/guidetotheazores.pt\/wp-content\/uploads\/2024\/03\/WhatsApp-Image-2024-03-04-at-15.41.42-600x450.jpeg 600w\" sizes=\"(max-width: 300px) 100vw, 300px\">\t\t\t<\/div>\n\t\t\t\n\t\t<div class=\"wrapp-swatches\"><\/div>\n\t<\/div>\n\n\t<div class=\"product-element-bottom product-information\">\n\t\t<h3 class=\"wd-entities-title\"><a href=\"https:\/\/guidetotheazores.pt\/it\/prodotto\/casa-do-sol\/\">Casa do Sol &#8211; La casa del Sole<\/a><\/h3>\t\t\t\t<div class=\"product-rating-price\">\n\t\t\t<div class=\"wrapp-product-price\">\n\t\t\t\t\n\t<span class=\"price\"><span class=\"woocommerce-Price-amount amount\"><bdi><span class=\"woocommerce-Price-currencySymbol\">&euro;<\/span>140.00<\/bdi><\/span>&nbsp;<span class = \"ph-bookings-display-cost-suffix\">From<\/span><\/span>\n        <\/a>\n                            <span class=\"details\">\n                        <a href=\"https:\/\/guidetotheazores.pt\/it\/partner\/casa-atlantida\/\">Casa Atlantida<\/a>                    <\/span>\n            \t\t\t\t\t\t\t<\/div>\n\t\t<\/div>\n\t\t\t\t<div class=\"fade-in-block wd-scroll\">\n\t\t\t<div class=\"hover-content wd-more-desc\">\n\t\t\t\t<div class=\"hover-content-inner wd-more-desc-inner\">\n\t\t\t\t\tCasa do Sol\" \u00e8 una grande casa in pietra con accesso diretto al mare. Ha una una bellissima vista sul mare, sul tramonto ed a sud, sulle montagne e sull'oceano.\t\t\t\t<\/div>\n\t\t\t\t<a href=\"#\" rel=\"nofollow\" class=\"wd-more-desc-btn\" aria-label=\"Read more description\"><\/a>\n\t\t\t<\/div>\n\t\t\t<div class=\" wd-bottom-actions\">\n\t\t\t\t<div class=\"wrap-wishlist-button\"><\/div>\n\t\t\t\t<div class=\"wd-add-btn wd-add-btn-replace\">\n\t\t\t\t\t<a href=\"https:\/\/guidetotheazores.pt\/it\/prodotto\/casa-do-sol\/\" aria-describedby=\"woocommerce_loop_add_to_cart_link_describedby_18228\" data-quantity=\"1\" class=\"button product_type_phive_booking add_to_cart_button add-to-cart-loop\" data-product_id=\"18228\" data-product_sku=\"\" aria-label=\"Leggi di pi\u00f9 su &quot;Casa do Sol - La casa del Sole&quot;\" rel=\"nofollow\"><span>Prenota Ora<\/span><\/a>\t<span id=\"woocommerce_loop_add_to_cart_link_describedby_18228\" class=\"screen-reader-text\">\n\t\t\t<\/span>\n\t\t\t\t\t\t\t\t\t\t\t\t\t\t\t\t\t\t\t\t<\/div>\n\t\t\t\t<div class=\"wrap-quickview-button\"><\/div>\n\t\t\t<\/div>\n\n\t\t\t\t\t\t\n\t\t\t\t\t<\/div>\n\t<\/div>\n<\/div>\n<\/div>\n<\/div>\n<\/div><\/div>\t\t\t\t<\/div>\n\t\t\t\t<\/div>\n\t\t\t\t\t<\/div>\n\t\t<\/div>\n\t\t\t\t\t<\/div>\n\t\t<\/section>\n\t\t\t\t<section class=\"wd-negative-gap elementor-section elementor-top-section elementor-element elementor-element-0c74b16 elementor-section-boxed elementor-section-height-default elementor-section-height-default\" data-id=\"0c74b16\" data-element_type=\"section\" data-e-type=\"section\">\n\t\t\t\t\t\t<div class=\"elementor-container elementor-column-gap-default\">\n\t\t\t\t\t<div class=\"elementor-column elementor-col-100 elementor-top-column elementor-element elementor-element-6f6a6bb\" data-id=\"6f6a6bb\" data-element_type=\"column\" data-e-type=\"column\">\n\t\t\t<div class=\"elementor-widget-wrap elementor-element-populated\">\n\t\t\t\t\t\t<div class=\"elementor-element elementor-element-6508987 elementor-widget elementor-widget-wd_text_block\" data-id=\"6508987\" data-element_type=\"widget\" data-e-type=\"widget\" data-widget_type=\"wd_text_block.default\">\n\t\t\t\t<div class=\"elementor-widget-container\">\n\t\t\t\t\t\t\t<div class=\"wd-text-block reset-last-child text-left\">\n\t\t\t\n\t\t\t<h2 style=\"margin-bottom: var(--wd-tags-mb); font-style: normal; font-variant-ligatures: normal; font-variant-caps: normal; font-weight: var(--wd-title-font-weight); font-family: var(--wd-title-font); text-transform: none; white-space-collapse: collapse;\">Case Rurali (Turismo Rural)<\/h2><p style=\"margin-bottom: var(--wd-tags-mb); font-style: normal; font-variant-ligatures: normal; font-variant-caps: normal; font-weight: 400; font-family: Roboto, sans-serif; font-size: 16px; color: #7a7a7a; white-space-collapse: collapse;\">Naturalmente non mancano gli hotel tradizionali, ma si \u00e8 sviluppata l'offerta di turismo rurale in case tradizionali, generalmente situate in luoghi immersi nella natura e di particolare interesse, che aggiungono maggiore autenticit\u00e0 e danno la possibilit\u00e0 di entrare in contatto con la cultura locale.<\/p><h2 style=\"margin-bottom: var(--wd-tags-mb); font-style: normal; font-variant-ligatures: normal; font-variant-caps: normal; font-weight: var(--wd-title-font-weight); font-family: var(--wd-title-font); text-transform: none; white-space-collapse: collapse;\"><img decoding=\"async\" class=\" wd-lazy-fade size-full wp-image-6560 aligncenter\" src=\"https:\/\/guidetotheazores.pt\/wp-content\/themes\/woodmart\/images\/lazy.svg\" data-src=\"https:\/\/guidetotheazores.pt\/wp-content\/uploads\/2021\/09\/Case-Contadine-Pico-Azzorre.jpg\" alt=\"Pico Houses - Azores\" width=\"640\" height=\"640\" srcset=\"\" data-srcset=\"https:\/\/guidetotheazores.pt\/wp-content\/uploads\/2021\/09\/Case-Contadine-Pico-Azzorre.jpg 640w, https:\/\/guidetotheazores.pt\/wp-content\/uploads\/2021\/09\/Case-Contadine-Pico-Azzorre-300x300.jpg 300w, https:\/\/guidetotheazores.pt\/wp-content\/uploads\/2021\/09\/Case-Contadine-Pico-Azzorre-150x150.jpg 150w, https:\/\/guidetotheazores.pt\/wp-content\/uploads\/2021\/09\/Case-Contadine-Pico-Azzorre-192x192.jpg 192w, https:\/\/guidetotheazores.pt\/wp-content\/uploads\/2021\/09\/Case-Contadine-Pico-Azzorre-384x384.jpg 384w, https:\/\/guidetotheazores.pt\/wp-content\/uploads\/2021\/09\/Case-Contadine-Pico-Azzorre-110x110.jpg 110w, https:\/\/guidetotheazores.pt\/wp-content\/uploads\/2021\/09\/Case-Contadine-Pico-Azzorre-220x220.jpg 220w, https:\/\/guidetotheazores.pt\/wp-content\/uploads\/2021\/09\/Case-Contadine-Pico-Azzorre-561x561.jpg 561w, https:\/\/guidetotheazores.pt\/wp-content\/uploads\/2021\/09\/Case-Contadine-Pico-Azzorre-265x265.jpg 265w, https:\/\/guidetotheazores.pt\/wp-content\/uploads\/2021\/09\/Case-Contadine-Pico-Azzorre-531x531.jpg 531w, https:\/\/guidetotheazores.pt\/wp-content\/uploads\/2021\/09\/Case-Contadine-Pico-Azzorre-364x364.jpg 364w, https:\/\/guidetotheazores.pt\/wp-content\/uploads\/2021\/09\/Case-Contadine-Pico-Azzorre-608x608.jpg 608w, https:\/\/guidetotheazores.pt\/wp-content\/uploads\/2021\/09\/Case-Contadine-Pico-Azzorre-440x440.jpg 440w, https:\/\/guidetotheazores.pt\/wp-content\/uploads\/2021\/09\/Case-Contadine-Pico-Azzorre-311x311.jpg 311w, https:\/\/guidetotheazores.pt\/wp-content\/uploads\/2021\/09\/Case-Contadine-Pico-Azzorre-313x313.jpg 313w, https:\/\/guidetotheazores.pt\/wp-content\/uploads\/2021\/09\/Case-Contadine-Pico-Azzorre-600x600.jpg 600w, https:\/\/guidetotheazores.pt\/wp-content\/uploads\/2021\/09\/Case-Contadine-Pico-Azzorre-100x100.jpg 100w\" sizes=\"(max-width: 640px) 100vw, 640px\" \/><\/h2>\n\t\t\t\t\t<\/div>\n\t\t\t\t\t\t<\/div>\n\t\t\t\t<\/div>\n\t\t\t\t\t<\/div>\n\t\t<\/div>\n\t\t\t\t\t<\/div>\n\t\t<\/section>\n\t\t\t\t<section class=\"wd-negative-gap elementor-section elementor-top-section elementor-element elementor-element-bd9332b elementor-section-boxed elementor-section-height-default elementor-section-height-default\" data-id=\"bd9332b\" data-element_type=\"section\" data-e-type=\"section\">\n\t\t\t\t\t\t<div class=\"elementor-container elementor-column-gap-default\">\n\t\t\t\t\t<div class=\"elementor-column elementor-col-100 elementor-top-column elementor-element elementor-element-5f0db71\" data-id=\"5f0db71\" data-element_type=\"column\" data-e-type=\"column\">\n\t\t\t<div class=\"elementor-widget-wrap elementor-element-populated\">\n\t\t\t\t\t\t<div class=\"elementor-element elementor-element-b9aaa7b elementor-grid-3 elementor-grid-tablet-3 elementor-grid-mobile-2 elementor-products-grid elementor-wc-products elementor-widget elementor-widget-global elementor-global-11542 elementor-global-11534 elementor-widget-woocommerce-products\" data-id=\"b9aaa7b\" data-element_type=\"widget\" data-e-type=\"widget\" data-widget_type=\"woocommerce-products.default\">\n\t\t\t\t<div class=\"elementor-widget-container\">\n\t\t\t\t\t<div class=\"woocommerce columns-3 \"><div class=\"wd-products-element\">\t\t\t<div class=\"wd-sticky-loader wd-content-loader\"><span class=\"wd-loader\"><\/span><\/div>\n\t\t\n<div class=\"products wd-products wd-grid-g grid-columns-4 elements-grid pagination-infinit title-line-two\" data-source=\"main_loop\" data-min_price=\"\" data-max_price=\"\" data-columns=\"4\" style=\"--wd-col-lg:4;--wd-col-md:4;--wd-col-sm:2;--wd-gap-lg:20px;--wd-gap-sm:10px;\">\n<div class=\"wd-product wd-hover-base wd-hover-with-fade wd-col product-grid-item product product-no-swatches type-product post-15995 status-publish instock product_cat-alloggiamento-locale product_cat-pico-it product_cat-sistemazione product_cat-tutte-le-isole product_tag-isoladipico has-post-thumbnail virtual sold-individually taxable purchasable product-type-phive_booking\" data-loop=\"4\" data-id=\"15995\">\n\t\n\t\n<div class=\"product-wrapper\">\n\t<div class=\"content-product-imagin\"><\/div>\n\t<div class=\"product-element-top wd-quick-shop\">\n\t\t<a href=\"https:\/\/guidetotheazores.pt\/it\/prodotto\/suite-papalva\/\" class=\"product-image-link\" tabindex=\"-1\" aria-label=\"Suite Papalva &#8211; Con Vasca Idromassaggio\">\n\t\t\t<img decoding=\"async\" width=\"300\" height=\"225\" src=\"https:\/\/guidetotheazores.pt\/wp-content\/uploads\/2024\/03\/Miradouro-da-Papalva-Guide-to-the-Azores-Pico-Cover-1-300x225.jpg\" class=\"attachment-woocommerce_thumbnail size-woocommerce_thumbnail\" alt=\"Miradouro da Papalva - Guida alle Azzorre - Pico\" \/>\t\t<\/a>\n\n\t\t\t\t\t<div class=\"hover-img\">\n\t\t\t\t<img decoding=\"async\" width=\"300\" height=\"225\" src=\"https:\/\/guidetotheazores.pt\/wp-content\/uploads\/2024\/03\/Miradouro-da-Papalva-Guide-to-the-Azores-Pico-300x225.jpg\" class=\"attachment-woocommerce_thumbnail size-woocommerce_thumbnail\" alt=\"Miradouro da Papalva - Guida alle Azzorre - Pico\" srcset=\"https:\/\/guidetotheazores.pt\/wp-content\/uploads\/2024\/03\/Miradouro-da-Papalva-Guide-to-the-Azores-Pico-300x225.jpg 300w, https:\/\/guidetotheazores.pt\/wp-content\/uploads\/2024\/03\/Miradouro-da-Papalva-Guide-to-the-Azores-Pico-600x450.jpg 600w\" sizes=\"(max-width: 300px) 100vw, 300px\" \/>\t\t\t<\/div>\n\t\t\t\n\t\t<div class=\"wrapp-swatches\"><\/div>\n\t<\/div>\n\n\t<div class=\"product-element-bottom product-information\">\n\t\t<h3 class=\"wd-entities-title\"><a href=\"https:\/\/guidetotheazores.pt\/it\/prodotto\/suite-papalva\/\">Suite Papalva &#8211; Con Vasca Idromassaggio<\/a><\/h3>\t\t\t\t<div class=\"product-rating-price\">\n\t\t\t<div class=\"wrapp-product-price\">\n\t\t\t\t\n\t<span class=\"price\"><span class=\"woocommerce-Price-amount amount\"><bdi><span class=\"woocommerce-Price-currencySymbol\">&euro;<\/span>183.00<\/bdi><\/span>&nbsp;<span class = \"ph-bookings-display-cost-suffix\">From<\/span><\/span>\n        <\/a>\n                            <span class=\"details\">\n                        <a href=\"https:\/\/guidetotheazores.pt\/it\/partner\/miradouro-da-papalva\/\">Miradouro da Papalva<\/a>                    <\/span>\n            \t\t\t\t\t\t\t<\/div>\n\t\t<\/div>\n\t\t\t\t<div class=\"fade-in-block wd-scroll\">\n\t\t\t<div class=\"hover-content wd-more-desc\">\n\t\t\t\t<div class=\"hover-content-inner wd-more-desc-inner\">\n\t\t\t\t\t<p style=\"color: #000000;font-family: 'Helvetica Neue', Helvetica, Roboto, Arial, sans-serif;margin: 0px 0px 20px\">La Premium Suite Papalva \u00e8 la nostra opzione pi\u00f9 spaziosa e include il lusso di un bagno privato con una sontuosa vasca idromassaggio ad angolo, che rappresenta il modo perfetto per rilassarsi dopo una giornata di avventura alla scoperta delle numerose attrazioni ed esperienze dell'Isola di Pico.<\/p>\n<p style=\"color: #000000;font-family: 'Helvetica Neue', Helvetica, Roboto, Arial, sans-serif;margin: 0px 0px 20px\">Un comodo letto queen size e un delizioso patio privato all'aperto per rilassarsi e ammirare la vista dell'oceano e della bellissima montagna \"Pico\".<\/p>\t\t\t\t<\/div>\n\t\t\t\t<a href=\"#\" rel=\"nofollow\" class=\"wd-more-desc-btn\" aria-label=\"Read more description\"><\/a>\n\t\t\t<\/div>\n\t\t\t<div class=\" wd-bottom-actions\">\n\t\t\t\t<div class=\"wrap-wishlist-button\"><\/div>\n\t\t\t\t<div class=\"wd-add-btn wd-add-btn-replace\">\n\t\t\t\t\t<a href=\"https:\/\/guidetotheazores.pt\/it\/prodotto\/suite-papalva\/\" aria-describedby=\"woocommerce_loop_add_to_cart_link_describedby_15995\" data-quantity=\"1\" class=\"button product_type_phive_booking add_to_cart_button add-to-cart-loop\" data-product_id=\"15995\" data-product_sku=\"\" aria-label=\"Leggi di pi\u00f9 su &quot;Suite Papalva - Con Vasca Idromassaggio&quot;\" rel=\"nofollow\"><span>Prenota Ora<\/span><\/a>\t<span id=\"woocommerce_loop_add_to_cart_link_describedby_15995\" class=\"screen-reader-text\">\n\t\t\t<\/span>\n\t\t\t\t\t\t\t\t\t\t\t\t\t\t\t\t\t\t\t\t<\/div>\n\t\t\t\t<div class=\"wrap-quickview-button\"><\/div>\n\t\t\t<\/div>\n\n\t\t\t\t\t\t\n\t\t\t\t\t<\/div>\n\t<\/div>\n<\/div>\n<\/div>\n<div class=\"wd-product wd-hover-base wd-hover-with-fade wd-col product-grid-item product product-no-swatches type-product post-9782 status-publish last instock product_cat-alloggiamento-locale product_cat-faial-it product_cat-sistemazione product_cat-tutte-le-isole product_tag-isoladifaial has-post-thumbnail virtual sold-individually taxable purchasable product-type-phive_booking\" data-loop=\"5\" data-id=\"9782\">\n\t\n\t\n<div class=\"product-wrapper\">\n\t<div class=\"content-product-imagin\"><\/div>\n\t<div class=\"product-element-top wd-quick-shop\">\n\t\t<a href=\"https:\/\/guidetotheazores.pt\/it\/prodotto\/escuna\/\" class=\"product-image-link\" tabindex=\"-1\" aria-label=\"ESCUNA &#8211; Camera singola, bagno condiviso\">\n\t\t\t<img decoding=\"async\" width=\"300\" height=\"225\" src=\"https:\/\/guidetotheazores.pt\/wp-content\/uploads\/2022\/02\/Escuna-02-OK-copia-300x225.jpg\" class=\"attachment-woocommerce_thumbnail size-woocommerce_thumbnail\" alt=\"\" srcset=\"https:\/\/guidetotheazores.pt\/wp-content\/uploads\/2022\/02\/Escuna-02-OK-copia-300x225.jpg 300w, https:\/\/guidetotheazores.pt\/wp-content\/uploads\/2022\/02\/Escuna-02-OK-copia-192x144.jpg 192w, https:\/\/guidetotheazores.pt\/wp-content\/uploads\/2022\/02\/Escuna-02-OK-copia-384x288.jpg 384w, https:\/\/guidetotheazores.pt\/wp-content\/uploads\/2022\/02\/Escuna-02-OK-copia-90x67.jpg 90w, https:\/\/guidetotheazores.pt\/wp-content\/uploads\/2022\/02\/Escuna-02-OK-copia-180x135.jpg 180w, https:\/\/guidetotheazores.pt\/wp-content\/uploads\/2022\/02\/Escuna-02-OK-copia-561x421.jpg 561w\" sizes=\"(max-width: 300px) 100vw, 300px\">\t\t<\/a>\n\n\t\t\t\t\t<div class=\"hover-img\">\n\t\t\t\t<img decoding=\"async\" width=\"300\" height=\"225\" src=\"https:\/\/guidetotheazores.pt\/wp-content\/uploads\/2022\/02\/Escuna-06-OK-copia-300x225.jpg\" class=\"attachment-woocommerce_thumbnail size-woocommerce_thumbnail\" alt=\"\" srcset=\"https:\/\/guidetotheazores.pt\/wp-content\/uploads\/2022\/02\/Escuna-06-OK-copia-300x225.jpg 300w, https:\/\/guidetotheazores.pt\/wp-content\/uploads\/2022\/02\/Escuna-06-OK-copia-192x144.jpg 192w, https:\/\/guidetotheazores.pt\/wp-content\/uploads\/2022\/02\/Escuna-06-OK-copia-384x288.jpg 384w, https:\/\/guidetotheazores.pt\/wp-content\/uploads\/2022\/02\/Escuna-06-OK-copia-90x67.jpg 90w, https:\/\/guidetotheazores.pt\/wp-content\/uploads\/2022\/02\/Escuna-06-OK-copia-180x135.jpg 180w\" sizes=\"(max-width: 300px) 100vw, 300px\">\t\t\t<\/div>\n\t\t\t\n\t\t<div class=\"wrapp-swatches\"><\/div>\n\t<\/div>\n\n\t<div class=\"product-element-bottom product-information\">\n\t\t<h3 class=\"wd-entities-title\"><a href=\"https:\/\/guidetotheazores.pt\/it\/prodotto\/escuna\/\">ESCUNA &#8211; Camera singola, bagno condiviso<\/a><\/h3>\t\t\t\t<div class=\"product-rating-price\">\n\t\t\t<div class=\"wrapp-product-price\">\n\t\t\t\t\n\t<span class=\"price\"><span class=\"woocommerce-Price-amount amount\"><bdi><span class=\"woocommerce-Price-currencySymbol\">&euro;<\/span>35.00<\/bdi><\/span>&nbsp;<span class = \"ph-bookings-display-cost-suffix\">From<\/span><\/span>\n        <\/a>\n                            <span class=\"details\">\n                        <a href=\"https:\/\/guidetotheazores.pt\/it\/partner\/casabuonvento\/\">Casa BuonVento - Alojamento Local<\/a>                    <\/span>\n            \t\t\t\t\t\t\t<\/div>\n\t\t<\/div>\n\t\t\t\t<div class=\"fade-in-block wd-scroll\">\n\t\t\t<div class=\"hover-content wd-more-desc\">\n\t\t\t\t<div class=\"hover-content-inner wd-more-desc-inner\">\n\t\t\t\t\tESCUNA - Camera singola\nSecondo piano (senza ascensore)\nVista sul cortile interno\nBagno condiviso solo con la camera doppia Clipper (stesso piano)\t\t\t\t<\/div>\n\t\t\t\t<a href=\"#\" rel=\"nofollow\" class=\"wd-more-desc-btn\" aria-label=\"Read more description\"><\/a>\n\t\t\t<\/div>\n\t\t\t<div class=\" wd-bottom-actions\">\n\t\t\t\t<div class=\"wrap-wishlist-button\"><\/div>\n\t\t\t\t<div class=\"wd-add-btn wd-add-btn-replace\">\n\t\t\t\t\t<a href=\"https:\/\/guidetotheazores.pt\/it\/prodotto\/escuna\/\" aria-describedby=\"woocommerce_loop_add_to_cart_link_describedby_9782\" data-quantity=\"1\" class=\"button product_type_phive_booking add_to_cart_button add-to-cart-loop\" data-product_id=\"9782\" data-product_sku=\"\" aria-label=\"Leggi di pi\u00f9 su &quot;ESCUNA - Camera singola, bagno condiviso&quot;\" rel=\"nofollow\"><span>Prenota Ora<\/span><\/a>\t<span id=\"woocommerce_loop_add_to_cart_link_describedby_9782\" class=\"screen-reader-text\">\n\t\t\t<\/span>\n\t\t\t\t\t\t\t\t\t\t\t\t\t\t\t\t\t\t\t\t<\/div>\n\t\t\t\t<div class=\"wrap-quickview-button\"><\/div>\n\t\t\t<\/div>\n\n\t\t\t\t\t\t\n\t\t\t\t\t<\/div>\n\t<\/div>\n<\/div>\n<\/div>\n<div class=\"wd-product wd-hover-base wd-hover-with-fade wd-col product-grid-item product product-no-swatches type-product post-15999 status-publish first instock product_cat-alloggiamento-locale product_cat-pico-it product_cat-sistemazione product_cat-tutte-le-isole product_tag-isoladipico has-post-thumbnail virtual sold-individually taxable purchasable product-type-phive_booking\" data-loop=\"6\" data-id=\"15999\">\n\t\n\t\n<div class=\"product-wrapper\">\n\t<div class=\"content-product-imagin\"><\/div>\n\t<div class=\"product-element-top wd-quick-shop\">\n\t\t<a href=\"https:\/\/guidetotheazores.pt\/it\/prodotto\/suite-atlantic\/\" class=\"product-image-link\" tabindex=\"-1\" aria-label=\"Suite Atlantic &#8211; Suite Atlantica\">\n\t\t\t<img decoding=\"async\" width=\"300\" height=\"225\" src=\"https:\/\/guidetotheazores.pt\/wp-content\/uploads\/2024\/03\/Miradouro-da-Papalva-Guide-to-the-Azores-Pico-Cover-300x225.jpg\" class=\"attachment-woocommerce_thumbnail size-woocommerce_thumbnail\" alt=\"Miradouro da Papalva - Guida alle Azzorre - Pico\" \/>\t\t<\/a>\n\n\t\t\t\t\t<div class=\"hover-img\">\n\t\t\t\t<img decoding=\"async\" width=\"300\" height=\"225\" src=\"https:\/\/guidetotheazores.pt\/wp-content\/uploads\/2024\/03\/Miradouro-da-Papalva-Guide-to-the-Azores-Pico-300x225.png\" class=\"attachment-woocommerce_thumbnail size-woocommerce_thumbnail\" alt=\"Miradouro da Papalva - Guide to the Azores - Pico\" \/>\t\t\t<\/div>\n\t\t\t\n\t\t<div class=\"wrapp-swatches\"><\/div>\n\t<\/div>\n\n\t<div class=\"product-element-bottom product-information\">\n\t\t<h3 class=\"wd-entities-title\"><a href=\"https:\/\/guidetotheazores.pt\/it\/prodotto\/suite-atlantic\/\">Suite Atlantic &#8211; Suite Atlantica<\/a><\/h3>\t\t\t\t<div class=\"product-rating-price\">\n\t\t\t<div class=\"wrapp-product-price\">\n\t\t\t\t\n\t<span class=\"price\"><span class=\"woocommerce-Price-amount amount\"><bdi><span class=\"woocommerce-Price-currencySymbol\">&euro;<\/span>183.00<\/bdi><\/span>&nbsp;<span class = \"ph-bookings-display-cost-suffix\">From<\/span><\/span>\n        <\/a>\n                            <span class=\"details\">\n                        <a href=\"https:\/\/guidetotheazores.pt\/it\/partner\/miradouro-da-papalva\/\">Miradouro da Papalva<\/a>                    <\/span>\n            \t\t\t\t\t\t\t<\/div>\n\t\t<\/div>\n\t\t\t\t<div class=\"fade-in-block wd-scroll\">\n\t\t\t<div class=\"hover-content wd-more-desc\">\n\t\t\t\t<div class=\"hover-content-inner wd-more-desc-inner\">\n\t\t\t\t\t<p style=\"color: #000000;font-family: 'Helvetica Neue', Helvetica, Roboto, Arial, sans-serif;margin: 0px 0px 20px\">Goditi la vista mozzafiato dell'Oceano Atlantico a perdita d'occhio dalla privacy dei tuoi balconi.<\/p>\n<p style=\"color: #000000;font-family: 'Helvetica Neue', Helvetica, Roboto, Arial, sans-serif;margin: 0px 0px 20px\">La Suite Atlantic offre un ampio soggiorno con un favoloso caminetto in legno e un fantastico balcone con vista sul mare, mentre la camera da letto offre il lusso di un letto king size, ampie viste sulla costa e un balcone privato con vista sull'oceano. Il bagno comprende una doccia, un bidet, un frigorifero e un set per la preparazione di t\u00e8 e caff\u00e8.<\/p>\t\t\t\t<\/div>\n\t\t\t\t<a href=\"#\" rel=\"nofollow\" class=\"wd-more-desc-btn\" aria-label=\"Read more description\"><\/a>\n\t\t\t<\/div>\n\t\t\t<div class=\" wd-bottom-actions\">\n\t\t\t\t<div class=\"wrap-wishlist-button\"><\/div>\n\t\t\t\t<div class=\"wd-add-btn wd-add-btn-replace\">\n\t\t\t\t\t<a href=\"https:\/\/guidetotheazores.pt\/it\/prodotto\/suite-atlantic\/\" aria-describedby=\"woocommerce_loop_add_to_cart_link_describedby_15999\" data-quantity=\"1\" class=\"button product_type_phive_booking add_to_cart_button add-to-cart-loop\" data-product_id=\"15999\" data-product_sku=\"\" aria-label=\"Leggi di pi\u00f9 su &quot;Suite Atlantic - Suite Atlantica&quot;\" rel=\"nofollow\"><span>Prenota Ora<\/span><\/a>\t<span id=\"woocommerce_loop_add_to_cart_link_describedby_15999\" class=\"screen-reader-text\">\n\t\t\t<\/span>\n\t\t\t\t\t\t\t\t\t\t\t\t\t\t\t\t\t\t\t\t<\/div>\n\t\t\t\t<div class=\"wrap-quickview-button\"><\/div>\n\t\t\t<\/div>\n\n\t\t\t\t\t\t\n\t\t\t\t\t<\/div>\n\t<\/div>\n<\/div>\n<\/div>\n<\/div>\n<\/div><\/div>\t\t\t\t<\/div>\n\t\t\t\t<\/div>\n\t\t\t\t\t<\/div>\n\t\t<\/div>\n\t\t\t\t\t<\/div>\n\t\t<\/section>\n\t\t\t\t<section class=\"wd-negative-gap elementor-section elementor-top-section elementor-element elementor-element-3eb562cb elementor-section-boxed elementor-section-height-default elementor-section-height-default\" data-id=\"3eb562cb\" data-element_type=\"section\" data-e-type=\"section\">\n\t\t\t\t\t\t<div class=\"elementor-container elementor-column-gap-default\">\n\t\t\t\t\t<div class=\"elementor-column elementor-col-100 elementor-top-column elementor-element elementor-element-248af189\" data-id=\"248af189\" data-element_type=\"column\" data-e-type=\"column\">\n\t\t\t<div class=\"elementor-widget-wrap elementor-element-populated\">\n\t\t\t\t\t\t<div class=\"elementor-element elementor-element-68e5b517 color-scheme-inherit text-left elementor-widget elementor-widget-text-editor\" data-id=\"68e5b517\" data-element_type=\"widget\" data-e-type=\"widget\" data-widget_type=\"text-editor.default\">\n\t\t\t\t<div class=\"elementor-widget-container\">\n\t\t\t\t\t\t\t\t\t<p>\u00a0<\/p><h2><span style=\"color: var(--wd-title-color); font-family: var(--wd-title-font); font-size: 24px; font-style: var(--wd-title-font-style); font-weight: var(--wd-title-font-weight); text-transform: var(--wd-title-transform); text-align: var(--text-align); background-color: var(--wd-main-bgcolor);\">Ostelli \/ Campeggi<\/span><\/h2><p>Sulle isole c&#8217;\u00e8 un buon numero di campeggi comunali e in alcuni anche di ostelli della giovent\u00f9.<\/p><p><img decoding=\"async\" class=\"aligncenter snax-figure-content attachment-large size-large\" src=\"https:\/\/guidetotheazores.pt\/wp-content\/uploads\/2020\/02\/camping-Azores-1024x768.jpg\" sizes=\"(max-width: 662px) 100vw, 662px\" srcset=\"https:\/\/guidetotheazores.pt\/wp-content\/uploads\/2020\/02\/camping-Azores-1024x768.jpg 1024w, https:\/\/guidetotheazores.pt\/wp-content\/uploads\/2020\/02\/camping-Azores-300x225.jpg 300w, https:\/\/guidetotheazores.pt\/wp-content\/uploads\/2020\/02\/camping-Azores-768x576.jpg 768w, https:\/\/guidetotheazores.pt\/wp-content\/uploads\/2020\/02\/camping-Azores-192x144.jpg 192w, https:\/\/guidetotheazores.pt\/wp-content\/uploads\/2020\/02\/camping-Azores-384x288.jpg 384w, https:\/\/guidetotheazores.pt\/wp-content\/uploads\/2020\/02\/camping-Azores-90x67.jpg 90w, https:\/\/guidetotheazores.pt\/wp-content\/uploads\/2020\/02\/camping-Azores-180x135.jpg 180w, https:\/\/guidetotheazores.pt\/wp-content\/uploads\/2020\/02\/camping-Azores-561x421.jpg 561w, https:\/\/guidetotheazores.pt\/wp-content\/uploads\/2020\/02\/camping-Azores-1122x841.jpg 1122w, https:\/\/guidetotheazores.pt\/wp-content\/uploads\/2020\/02\/camping-Azores-364x273.jpg 364w, https:\/\/guidetotheazores.pt\/wp-content\/uploads\/2020\/02\/camping-Azores-728x546.jpg 728w, https:\/\/guidetotheazores.pt\/wp-content\/uploads\/2020\/02\/camping-Azores-608x456.jpg 608w, https:\/\/guidetotheazores.pt\/wp-content\/uploads\/2020\/02\/camping-Azores-758x568.jpg 758w, https:\/\/guidetotheazores.pt\/wp-content\/uploads\/2020\/02\/camping-Azores-1152x864.jpg 1152w, https:\/\/guidetotheazores.pt\/wp-content\/uploads\/2020\/02\/camping-Azores-313x235.jpg 313w, https:\/\/guidetotheazores.pt\/wp-content\/uploads\/2020\/02\/camping-Azores-600x450.jpg 600w, https:\/\/guidetotheazores.pt\/wp-content\/uploads\/2020\/02\/camping-Azores.jpg 1218w\" alt=\"campeggio Azzorre\" width=\"662\" height=\"497\" \/><\/p><p>L&#8217;offerta \u00e8 quindi varia e risponde a ogni tipo di desiderio ed esigenza.<\/p><p>Per un elenco delle varie offerte di alloggio individuali, vi rimandiamo all&#8217;elenco completo del sito <a href=\"https:\/\/www.visitazores.com\/en\" target=\"_blank\" rel=\"noopener\">ufficiale del turismo<\/a> delle Isole Azzorre, dove \u00e8 possibile effettuare una ricerca in base al <a href=\"https:\/\/www.visitazores.com\/en\/accommodations\" target=\"_blank\" rel=\"nofollow noopener noreferrer\">tipo di alloggio<\/a> o alla <a href=\"https:\/\/www.visitazores.com\/en\/accommodations?island=sao-miguel\" target=\"_blank\" rel=\"nofollow noopener noreferrer\">singola isola<\/a>.<\/p>\t\t\t\t\t\t\t\t<\/div>\n\t\t\t\t<\/div>\n\t\t\t\t\t<\/div>\n\t\t<\/div>\n\t\t\t\t\t<\/div>\n\t\t<\/section>\n\t\t\t\t<\/div>\n\t\t","protected":false},"excerpt":{"rendered":"<p>Con lo sviluppo del turismo, l&#8217;offerta di luoghi dove soggiornare alle Azzorre \u00e8 aumentata notevolmente negli ultimi anni e si \u00e8 anche differenziata. La ricerca pu\u00f2 diventare un po&#8217; pi\u00f9 difficile durante i periodi di alta estate, quindi \u00e8 bene prenotare, ma al di fuori dell&#8217;alta stagione non \u00e8 mai un problema trovare un buon posto dove alloggiare.<\/p>\n","protected":false},"author":2,"featured_media":9269,"comment_status":"open","ping_status":"open","sticky":false,"template":"","format":"standard","meta":{"_acf_changed":false,"footnotes":""},"categories":[301],"tags":[],"class_list":["post-9677","post","type-post","status-publish","format-standard","has-post-thumbnail","hentry","category-travellers-tips"],"acf":[],"_links":{"self":[{"href":"https:\/\/guidetotheazores.pt\/it\/wp-json\/wp\/v2\/posts\/9677","targetHints":{"allow":["GET"]}}],"collection":[{"href":"https:\/\/guidetotheazores.pt\/it\/wp-json\/wp\/v2\/posts"}],"about":[{"href":"https:\/\/guidetotheazores.pt\/it\/wp-json\/wp\/v2\/types\/post"}],"author":[{"embeddable":true,"href":"https:\/\/guidetotheazores.pt\/it\/wp-json\/wp\/v2\/users\/2"}],"replies":[{"embeddable":true,"href":"https:\/\/guidetotheazores.pt\/it\/wp-json\/wp\/v2\/comments?post=9677"}],"version-history":[{"count":0,"href":"https:\/\/guidetotheazores.pt\/it\/wp-json\/wp\/v2\/posts\/9677\/revisions"}],"wp:featuredmedia":[{"embeddable":true,"href":"https:\/\/guidetotheazores.pt\/it\/wp-json\/wp\/v2\/media\/9269"}],"wp:attachment":[{"href":"https:\/\/guidetotheazores.pt\/it\/wp-json\/wp\/v2\/media?parent=9677"}],"wp:term":[{"taxonomy":"category","embeddable":true,"href":"https:\/\/guidetotheazores.pt\/it\/wp-json\/wp\/v2\/categories?post=9677"},{"taxonomy":"post_tag","embeddable":true,"href":"https:\/\/guidetotheazores.pt\/it\/wp-json\/wp\/v2\/tags?post=9677"}],"curies":[{"name":"wp","href":"https:\/\/api.w.org\/{rel}","templated":true}]}}