{"id":9690,"date":"2022-01-09T08:08:31","date_gmt":"2022-01-09T09:08:31","guid":{"rendered":"https:\/\/guidetotheazores.pt\/qual-e-la-migliore-isola-delle-azzorre-da-visitare\/"},"modified":"2026-02-04T21:17:41","modified_gmt":"2026-02-04T22:17:41","slug":"qual-e-la-migliore-isola-delle-azzorre-da-visitare","status":"publish","type":"post","link":"https:\/\/guidetotheazores.pt\/it\/qual-e-la-migliore-isola-delle-azzorre-da-visitare\/","title":{"rendered":"Qual \u00e8 la migliore isola delle Azzorre da visitare?"},"content":{"rendered":"\t\t<div data-elementor-type=\"wp-post\" data-elementor-id=\"9690\" class=\"elementor elementor-9690 elementor-7503\" data-elementor-post-type=\"post\">\n\t\t\t\t\t\t<section class=\"wd-negative-gap elementor-section elementor-top-section elementor-element elementor-element-d5c85f8 elementor-section-boxed elementor-section-height-default elementor-section-height-default\" data-id=\"d5c85f8\" data-element_type=\"section\" data-e-type=\"section\">\n\t\t\t\t\t\t<div class=\"elementor-container elementor-column-gap-default\">\n\t\t\t\t\t<div class=\"elementor-column elementor-col-100 elementor-top-column elementor-element elementor-element-c746fa8\" data-id=\"c746fa8\" data-element_type=\"column\" data-e-type=\"column\">\n\t\t\t<div class=\"elementor-widget-wrap elementor-element-populated\">\n\t\t\t\t\t\t<div class=\"elementor-element elementor-element-8ff993a elementor-widget elementor-widget-wd_text_block\" data-id=\"8ff993a\" data-element_type=\"widget\" data-e-type=\"widget\" data-widget_type=\"wd_text_block.default\">\n\t\t\t\t<div class=\"elementor-widget-container\">\n\t\t\t\t\t\t\t<div class=\"wd-text-block reset-last-child text-left\">\n\t\t\t\n\t\t\t<p>Le <a href=\"https:\/\/guidetotheazores.pt\/it\/isole-azzorre-un-paradiso-da-scoprire\/\">Azzorre<\/a> sono 9 isole lussureggianti nel mezzo dell'Oceano Atlantico. Si trovano a circa 1.500 km al largo delle coste portoghesi e sono abbastanza distanti l'una dall'altra, ad eccezione delle tre isole di Faial, Pico e S\u00e3o Jorge (il Triangolo delle Azzorre). Scopriamo qual \u00e8 la migliore isola delle Azzorre da visitare.<\/p><p>Tuttavia, le 9 isole sono molto distanti tra loro, divise in tre gruppi: Il Gruppo di Pasqua (S\u00e3o Miguel, Santa Maria), il Gruppo Centrale (Terceira, S\u00e5o Jorce, Graciosa, Pico e Faial), il Gruppo Occidentale (Flores e Corvo). Di questi, solo il gruppo centrale \u00e8 collegato da un servizio regolare di traghetti in estate, mentre Faial, Pico e S\u00e3o Jorge hanno traghetti giornalieri tutto l'anno.  <\/p><p>Quindi, prima di arrivare con la tua compagnia aerea preferita, \u00e8 meglio scegliere le isole da visitare e pianificare il viaggio di conseguenza, prenotando <a href=\"https:\/\/www.azoresairlines.pt\/en\" target=\"_blank\" rel=\"noopener\">voli inter-isola<\/a> e <a href=\"https:\/\/www.atlanticoline.pt\/en\/\" target=\"_blank\" rel=\"noopener\">traghetti<\/a>, soprattutto durante l'alta stagione, tra giugno e ottobre.<\/p><p>Ogni isola ha un'atmosfera e un'atmosfera diversa e offre paesaggi altrettanto straordinari. Vediamo prima di tutto quali sono i punti salienti di ogni isola, e poi vi mostreremo quali sono i possibili itinerari in base al tempo che avete a disposizione per visitarla. Anche se avete a disposizione solo una settimana, vi garantiamo che vivrete un'esperienza indimenticabile alle Azzorre!<\/p><h2>I punti salienti di ogni isola<\/h2><h3 class=\"p1\"><span class=\"s1\"><b>Corvo<\/b><\/span><\/h3><ul><li><h4>Il \"Caldeir\u00e3o\"<\/h4><\/li><\/ul><div id=\"attachment_7528\" style=\"width: 810px\" class=\"wp-caption aligncenter\"><img decoding=\"async\" aria-describedby=\"caption-attachment-7528\" class=\" wd-lazy-fade wp-image-7528 size-full\" src=\"https:\/\/guidetotheazores.pt\/wp-content\/themes\/woodmart\/images\/lazy.svg\" data-src=\"https:\/\/guidetotheazores.pt\/wp-content\/uploads\/2022\/01\/Caldeira%CC%83o-Corvo-Island-Azores.jpg\" alt=\"Caldeir\u00e3o Isola di Corvo Azzorre\" width=\"800\" height=\"533\"><p id=\"caption-attachment-7528\" class=\"wp-caption-text\">Una delle pi\u00f9 magnifiche caldere delle Azzorre: il \"Caldeir\u00e3o\", Isola di Corvo<\/p><\/div><hr><h3> <\/h3>\n\t\t\t\t\t<\/div>\n\t\t\t\t\t\t<\/div>\n\t\t\t\t<\/div>\n\t\t\t\t<div class=\"facetwp-template facetwp-elementor-widget elementor-element elementor-element-884bde7 elementor-grid-3 elementor-grid-tablet-3 elementor-grid-mobile-2 elementor-products-grid elementor-wc-products elementor-widget elementor-widget-woocommerce-products\" data-id=\"884bde7\" data-element_type=\"widget\" data-e-type=\"widget\" data-widget_type=\"woocommerce-products.default\">\n\t\t\t\t<div class=\"elementor-widget-container\">\n\t\t\t\t\t<div class=\"woocommerce columns-3 \"><div class=\"wd-products-element\">\t\t\t<div class=\"wd-sticky-loader wd-content-loader\"><span class=\"wd-loader\"><\/span><\/div>\n\t\t\n<div class=\"products wd-products wd-grid-g grid-columns-4 elements-grid pagination-infinit title-line-two\" data-source=\"main_loop\" data-min_price=\"\" data-max_price=\"\" data-columns=\"4\" style=\"--wd-col-lg:4;--wd-col-md:4;--wd-col-sm:2;--wd-gap-lg:20px;--wd-gap-sm:10px;\">\n<div class=\"wd-product wd-hover-base wd-hover-with-fade wd-col product-grid-item product product-no-swatches type-product post-12657 status-publish instock product_cat-attivita product_cat-corvo-it product_cat-tutte-le-isole product_cat-visite-guidate product_tag-isoladicorvo has-post-thumbnail taxable shipping-taxable product-type-external\" data-loop=\"1\" data-id=\"12657\">\n\t\n\t\n<div class=\"product-wrapper\">\n\t<div class=\"content-product-imagin\"><\/div>\n\t<div class=\"product-element-top wd-quick-shop\">\n\t\t<a href=\"https:\/\/guidetotheazores.pt\/it\/prodotto\/tour-flores-e-corvo\/\" class=\"product-image-link\" tabindex=\"-1\" aria-label=\"Giornata intera sull&#8217;Isola di Corvo\">\n\t\t\t<img decoding=\"async\" width=\"300\" height=\"225\" src=\"https:\/\/guidetotheazores.pt\/wp-content\/uploads\/2024\/01\/OC-Experience-Guide-to-the-Azores-Tour-Corvo-300x225.jpg\" class=\"attachment-woocommerce_thumbnail size-woocommerce_thumbnail\" alt=\"OC Experience - Guida alle Azzorre - Tour Corvo\" srcset=\"https:\/\/guidetotheazores.pt\/wp-content\/uploads\/2024\/01\/OC-Experience-Guide-to-the-Azores-Tour-Corvo-300x225.jpg 300w, https:\/\/guidetotheazores.pt\/wp-content\/uploads\/2024\/01\/OC-Experience-Guide-to-the-Azores-Tour-Corvo-600x450.jpg 600w\" sizes=\"(max-width: 300px) 100vw, 300px\" \/>\t\t<\/a>\n\n\t\t\t\t\t<div class=\"hover-img\">\n\t\t\t\t<img decoding=\"async\" width=\"300\" height=\"225\" src=\"https:\/\/guidetotheazores.pt\/wp-content\/uploads\/2024\/01\/OC-Experience-Guide-to-the-Azores-Tour-Corvo-IV-300x225.jpeg\" class=\"attachment-woocommerce_thumbnail size-woocommerce_thumbnail\" alt=\"OC Experience - Guida alle Azzorre - Tour Corvo\" srcset=\"https:\/\/guidetotheazores.pt\/wp-content\/uploads\/2024\/01\/OC-Experience-Guide-to-the-Azores-Tour-Corvo-IV-300x225.jpeg 300w, https:\/\/guidetotheazores.pt\/wp-content\/uploads\/2024\/01\/OC-Experience-Guide-to-the-Azores-Tour-Corvo-IV-600x450.jpeg 600w\" sizes=\"(max-width: 300px) 100vw, 300px\" \/>\t\t\t<\/div>\n\t\t\t\n\t\t<div class=\"wrapp-swatches\"><\/div>\n\t<\/div>\n\n\t<div class=\"product-element-bottom product-information\">\n\t\t<h3 class=\"wd-entities-title\"><a href=\"https:\/\/guidetotheazores.pt\/it\/prodotto\/tour-flores-e-corvo\/\">Giornata intera sull&#8217;Isola di Corvo<\/a><\/h3>\t\t\t\t<div class=\"product-rating-price\">\n\t\t\t<div class=\"wrapp-product-price\">\n\t\t\t\t\n        <\/a>\n                            <span class=\"details\">\n                        <a href=\"https:\/\/guidetotheazores.pt\/it\/partner\/experience-oc\/\">Experience OC<\/a>                    <\/span>\n            \t\t\t\t\t\t\t<\/div>\n\t\t<\/div>\n\t\t\t\t<div class=\"fade-in-block wd-scroll\">\n\t\t\t<div class=\"hover-content wd-more-desc\">\n\t\t\t\t<div class=\"hover-content-inner wd-more-desc-inner\">\n\t\t\t\t\tUna gita in barca a Corvo \u00e8 a dir poco emozionante. Iniziando a conoscere l'isola pi\u00f9 piccola delle Azzorre. \n\nLa giornata inizia presso il nostro negozio, di fronte all'aeroporto di Santa Cruz das Flores, o al porto di partenza.\n\n<script src=\"https:\/\/fareharbor.com\/embeds\/script\/calendar\/experienceoc\/items\/127206\/?asn=fhdn-eur&amp;asn-ref=guidetotheazores&amp;ref=guidetotheazores&amp;bookable-only=yes&amp;full-items=yes&amp;marketplace=yes&amp;flow=no&amp;branding=no\"><\/script>\n<div class=\"flex items-start gap-4 mb-4 last:mb-0\" data-v-68eac83b=\"\">\n<div class=\"min-w-0 flex-1\"><label class=\"fh-label\" data-v-671f692c=\"\"><span class=\"fh-text fh-text--body-md fh-text--medium fh-label-text\" data-v-3872b9c5=\"\" data-v-671f692c=\"\">Durata: <\/span><span class=\"fh-text fh-text--body-sm fh-text--regular fh-help-text\" data-v-3872b9c5=\"\" data-v-3553cfb6=\"\" data-v-671f692c=\"\">5h<\/span><\/label><\/div>\n<\/div>\n<div class=\"flex items-start gap-4 mb-4 last:mb-0\" data-v-68eac83b=\"\">\n<div class=\"mt-1 shrink-0\"><\/div>\n<div class=\"min-w-0 flex-1\"><label class=\"fh-label\" data-v-671f692c=\"\"><span class=\"fh-text fh-text--body-md fh-text--medium fh-label-text\" data-v-3872b9c5=\"\" data-v-671f692c=\"\">Punto d'incontro: <\/span><span class=\"fh-text fh-text--body-sm fh-text--regular fh-help-text\" data-v-3872b9c5=\"\" data-v-3553cfb6=\"\" data-v-671f692c=\"\">Santa Cruz das Flores<\/span><\/label><\/div>\n<\/div>\n<div class=\"flex items-start gap-4 mb-4 last:mb-0\" data-v-68eac83b=\"\">\n<div class=\"mt-1 shrink-0\"><\/div>\n<div class=\"min-w-0 flex-1\"><label class=\"fh-label\" data-v-671f692c=\"\"><span class=\"fh-text fh-text--body-md fh-text--medium fh-label-text\" data-v-3872b9c5=\"\" data-v-671f692c=\"\">Cancellazioni: per cancellazioni effettuate con meno di 72 ore di anticipo verr\u00e0 addebitato il 100% dell'importo totale.<\/span><\/label><\/div>\n<\/div>\t\t\t\t<\/div>\n\t\t\t\t<a href=\"#\" rel=\"nofollow\" class=\"wd-more-desc-btn\" aria-label=\"Read more description\"><\/a>\n\t\t\t<\/div>\n\t\t\t<div class=\" wd-bottom-actions\">\n\t\t\t\t<div class=\"wrap-wishlist-button\"><\/div>\n\t\t\t\t<div class=\"wd-add-btn wd-add-btn-replace\">\n\t\t\t\t\t<a href=\"\" aria-describedby=\"woocommerce_loop_add_to_cart_link_describedby_12657\" data-quantity=\"1\" class=\"button product_type_external add-to-cart-loop\" data-product_id=\"12657\" data-product_sku=\"\" aria-label=\"Compra &ldquo;Giornata intera sull&#039;Isola di Corvo&rdquo;\" rel=\"nofollow\"><span>Acquista prodotto<\/span><\/a>\t<span id=\"woocommerce_loop_add_to_cart_link_describedby_12657\" class=\"screen-reader-text\">\n\t\t\t<\/span>\n\t\t\t\t\t\t\t\t\t\t\t\t\t\t\t\t\t\t\t\t<\/div>\n\t\t\t\t<div class=\"wrap-quickview-button\"><\/div>\n\t\t\t<\/div>\n\n\t\t\t\t\t\t\n\t\t\t\t\t<\/div>\n\t<\/div>\n<\/div>\n<\/div>\n<\/div>\n<\/div><\/div>\t\t\t\t<\/div>\n\t\t\t\t<\/div>\n\t\t\t\t\t<\/div>\n\t\t<\/div>\n\t\t\t\t\t<\/div>\n\t\t<\/section>\n\t\t\t\t<section class=\"wd-negative-gap elementor-section elementor-top-section elementor-element elementor-element-fe5e958 elementor-section-boxed elementor-section-height-default elementor-section-height-default\" data-id=\"fe5e958\" data-element_type=\"section\" data-e-type=\"section\">\n\t\t\t\t\t\t<div class=\"elementor-container elementor-column-gap-default\">\n\t\t\t\t\t<div class=\"elementor-column elementor-col-100 elementor-top-column elementor-element elementor-element-ceb0eae\" data-id=\"ceb0eae\" data-element_type=\"column\" data-e-type=\"column\">\n\t\t\t<div class=\"elementor-widget-wrap\">\n\t\t\t\t\t\t\t<\/div>\n\t\t<\/div>\n\t\t\t\t\t<\/div>\n\t\t<\/section>\n\t\t\t\t<section class=\"wd-negative-gap elementor-section elementor-top-section elementor-element elementor-element-b3a88b3 elementor-section-boxed elementor-section-height-default elementor-section-height-default\" data-id=\"b3a88b3\" data-element_type=\"section\" data-e-type=\"section\">\n\t\t\t\t\t\t<div class=\"elementor-container elementor-column-gap-default\">\n\t\t\t\t\t<div class=\"elementor-column elementor-col-100 elementor-top-column elementor-element elementor-element-5821efb\" data-id=\"5821efb\" data-element_type=\"column\" data-e-type=\"column\">\n\t\t\t<div class=\"elementor-widget-wrap elementor-element-populated\">\n\t\t\t\t\t\t<div class=\"elementor-element elementor-element-2f880ff elementor-widget elementor-widget-wd_text_block\" data-id=\"2f880ff\" data-element_type=\"widget\" data-e-type=\"widget\" data-widget_type=\"wd_text_block.default\">\n\t\t\t\t<div class=\"elementor-widget-container\">\n\t\t\t\t\t\t\t<div class=\"wd-text-block reset-last-child text-left\">\n\t\t\t\n\t\t\t<h3 class=\"p1\"><span class=\"s1\"><b>Faial<br><\/b><\/span><\/h3><ul><li><h4>Vulcano Capelinhos<\/h4><\/li><\/ul><div id=\"attachment_6587\" style=\"width: 810px\" class=\"wp-caption aligncenter\"><img decoding=\"async\" aria-describedby=\"caption-attachment-6587\" class=\" wd-lazy-fade wp-image-6587\" src=\"https:\/\/guidetotheazores.pt\/wp-content\/themes\/woodmart\/images\/lazy.svg\" data-src=\"https:\/\/guidetotheazores.pt\/wp-content\/uploads\/2021\/08\/Capelinhos-Square-1024x1024.jpg\" alt=\"Isole Azzorre\" width=\"800\" height=\"800\" srcset=\"\" data-srcset=\"https:\/\/guidetotheazores.pt\/wp-content\/uploads\/2021\/08\/Capelinhos-Square-1024x1024.jpg 1024w, https:\/\/guidetotheazores.pt\/wp-content\/uploads\/2021\/08\/Capelinhos-Square-300x300.jpg 300w, https:\/\/guidetotheazores.pt\/wp-content\/uploads\/2021\/08\/Capelinhos-Square-150x150.jpg 150w, https:\/\/guidetotheazores.pt\/wp-content\/uploads\/2021\/08\/Capelinhos-Square-768x768.jpg 768w, https:\/\/guidetotheazores.pt\/wp-content\/uploads\/2021\/08\/Capelinhos-Square-1536x1536.jpg 1536w, https:\/\/guidetotheazores.pt\/wp-content\/uploads\/2021\/08\/Capelinhos-Square-2048x2048.jpg 2048w, https:\/\/guidetotheazores.pt\/wp-content\/uploads\/2021\/08\/Capelinhos-Square-192x192.jpg 192w, https:\/\/guidetotheazores.pt\/wp-content\/uploads\/2021\/08\/Capelinhos-Square-384x384.jpg 384w, https:\/\/guidetotheazores.pt\/wp-content\/uploads\/2021\/08\/Capelinhos-Square-110x110.jpg 110w, https:\/\/guidetotheazores.pt\/wp-content\/uploads\/2021\/08\/Capelinhos-Square-220x220.jpg 220w, https:\/\/guidetotheazores.pt\/wp-content\/uploads\/2021\/08\/Capelinhos-Square-561x561.jpg 561w, https:\/\/guidetotheazores.pt\/wp-content\/uploads\/2021\/08\/Capelinhos-Square-1122x1122.jpg 1122w, https:\/\/guidetotheazores.pt\/wp-content\/uploads\/2021\/08\/Capelinhos-Square-265x265.jpg 265w, https:\/\/guidetotheazores.pt\/wp-content\/uploads\/2021\/08\/Capelinhos-Square-531x531.jpg 531w, https:\/\/guidetotheazores.pt\/wp-content\/uploads\/2021\/08\/Capelinhos-Square-364x364.jpg 364w, https:\/\/guidetotheazores.pt\/wp-content\/uploads\/2021\/08\/Capelinhos-Square-728x728.jpg 728w, https:\/\/guidetotheazores.pt\/wp-content\/uploads\/2021\/08\/Capelinhos-Square-608x608.jpg 608w, https:\/\/guidetotheazores.pt\/wp-content\/uploads\/2021\/08\/Capelinhos-Square-758x758.jpg 758w, https:\/\/guidetotheazores.pt\/wp-content\/uploads\/2021\/08\/Capelinhos-Square-1152x1152.jpg 1152w, https:\/\/guidetotheazores.pt\/wp-content\/uploads\/2021\/08\/Capelinhos-Square-440x440.jpg 440w, https:\/\/guidetotheazores.pt\/wp-content\/uploads\/2021\/08\/Capelinhos-Square-311x311.jpg 311w, https:\/\/guidetotheazores.pt\/wp-content\/uploads\/2021\/08\/Capelinhos-Square-313x313.jpg 313w, https:\/\/guidetotheazores.pt\/wp-content\/uploads\/2021\/08\/Capelinhos-Square-600x600.jpg 600w, https:\/\/guidetotheazores.pt\/wp-content\/uploads\/2021\/08\/Capelinhos-Square-100x100.jpg 100w\" sizes=\"(max-width: 800px) 100vw, 800px\" \/><p id=\"caption-attachment-6587\" class=\"wp-caption-text\">Il vulcano Capelinhos, famoso in tutto il mondo, \u00e8 emerso dal mare nel 1957.<\/p><\/div><p>Il vulcano Capelinhos \u00e8 stato sommerso fino al 1957, quando un'eruzione durata un anno e mezzo ha fatto s\u00ec che prima si creasse un'isola (Ilha nova) e poi si riempisse il vuoto, aggiungendo a Faial, nella parte sud-occidentale, altri 2,4 km quadrati di terra desolata. \u00c8 un <a href=\"https:\/\/guidetotheazores.pt\/it\/capelinhos-il-vulcano-che-non-cera\/\">sito affascinante da visitare<\/a> e ha un centro di interpretazione costruito nell'area, con molte informazioni sull'evento.<\/p><ul><li><h4>La Caldeira<\/h4><\/li><\/ul><div id=\"attachment_7464\" style=\"width: 810px\" class=\"wp-caption aligncenter\"><img decoding=\"async\" aria-describedby=\"caption-attachment-7464\" class=\" wd-lazy-fade wp-image-7464\" src=\"https:\/\/guidetotheazores.pt\/wp-content\/themes\/woodmart\/images\/lazy.svg\" data-src=\"https:\/\/guidetotheazores.pt\/wp-content\/uploads\/2021\/12\/Into-the-Caldeira-Faial.jpg\" alt=\"Nella Caldeira Faial\" width=\"800\" height=\"518\" srcset=\"\" data-srcset=\"https:\/\/guidetotheazores.pt\/wp-content\/uploads\/2021\/12\/Into-the-Caldeira-Faial.jpg 1298w, https:\/\/guidetotheazores.pt\/wp-content\/uploads\/2021\/12\/Into-the-Caldeira-Faial-300x194.jpg 300w, https:\/\/guidetotheazores.pt\/wp-content\/uploads\/2021\/12\/Into-the-Caldeira-Faial-1024x663.jpg 1024w, https:\/\/guidetotheazores.pt\/wp-content\/uploads\/2021\/12\/Into-the-Caldeira-Faial-768x497.jpg 768w, https:\/\/guidetotheazores.pt\/wp-content\/uploads\/2021\/12\/Into-the-Caldeira-Faial-561x363.jpg 561w, https:\/\/guidetotheazores.pt\/wp-content\/uploads\/2021\/12\/Into-the-Caldeira-Faial-1122x726.jpg 1122w, https:\/\/guidetotheazores.pt\/wp-content\/uploads\/2021\/12\/Into-the-Caldeira-Faial-265x171.jpg 265w, https:\/\/guidetotheazores.pt\/wp-content\/uploads\/2021\/12\/Into-the-Caldeira-Faial-531x344.jpg 531w, https:\/\/guidetotheazores.pt\/wp-content\/uploads\/2021\/12\/Into-the-Caldeira-Faial-364x236.jpg 364w, https:\/\/guidetotheazores.pt\/wp-content\/uploads\/2021\/12\/Into-the-Caldeira-Faial-728x471.jpg 728w, https:\/\/guidetotheazores.pt\/wp-content\/uploads\/2021\/12\/Into-the-Caldeira-Faial-608x393.jpg 608w, https:\/\/guidetotheazores.pt\/wp-content\/uploads\/2021\/12\/Into-the-Caldeira-Faial-758x491.jpg 758w, https:\/\/guidetotheazores.pt\/wp-content\/uploads\/2021\/12\/Into-the-Caldeira-Faial-1152x746.jpg 1152w, https:\/\/guidetotheazores.pt\/wp-content\/uploads\/2021\/12\/Into-the-Caldeira-Faial-313x203.jpg 313w, https:\/\/guidetotheazores.pt\/wp-content\/uploads\/2021\/12\/Into-the-Caldeira-Faial-600x388.jpg 600w, https:\/\/guidetotheazores.pt\/wp-content\/uploads\/2021\/12\/Into-the-Caldeira-Faial-150x97.jpg 150w\" sizes=\"(max-width: 800px) 100vw, 800px\" \/><p id=\"caption-attachment-7464\" class=\"wp-caption-text\">L'enorme caldera di Cabe\u00e7o Gordo, profonda 400 m e larga 2 km, \u00e8 una delle pi\u00f9 belle del mondo.<\/p><\/div><p>La \"Caldeira\" \u00e8 in realt\u00e0 la cima crollata del Cabe\u00e7o Gordo (letteralmente \"testa grassa\"), un vulcano di 1000 metri esploso circa 1000 anni fa. \u00c8 larga 2 km e profonda 400 metri. Oltre alla magnifica vista dal crinale, \u00e8 possibile camminare intorno alla caldera (8 km - facile) o scendere nella caldera stessa, ma per farlo \u00e8 necessaria una guida autorizzata (per motivi di sicurezza e ambientali).<\/p><ul><li><h4>Varadouro<\/h4><\/li><\/ul><div id=\"attachment_7382\" style=\"width: 810px\" class=\"wp-caption aligncenter\"><img decoding=\"async\" aria-describedby=\"caption-attachment-7382\" class=\" wd-lazy-fade wp-image-7382\" src=\"https:\/\/guidetotheazores.pt\/wp-content\/themes\/woodmart\/images\/lazy.svg\" data-src=\"https:\/\/guidetotheazores.pt\/wp-content\/uploads\/2021\/12\/Natural-Pools-at-Varadouro-I-Faial-Azores.jpg\" alt=\"Piscine naturali di Varadouro I - Faial - Azzorre\" width=\"800\" height=\"585\" srcset=\"\" data-srcset=\"https:\/\/guidetotheazores.pt\/wp-content\/uploads\/2021\/12\/Natural-Pools-at-Varadouro-I-Faial-Azores.jpg 1920w, https:\/\/guidetotheazores.pt\/wp-content\/uploads\/2021\/12\/Natural-Pools-at-Varadouro-I-Faial-Azores-300x220.jpg 300w, https:\/\/guidetotheazores.pt\/wp-content\/uploads\/2021\/12\/Natural-Pools-at-Varadouro-I-Faial-Azores-1024x749.jpg 1024w, https:\/\/guidetotheazores.pt\/wp-content\/uploads\/2021\/12\/Natural-Pools-at-Varadouro-I-Faial-Azores-768x562.jpg 768w, https:\/\/guidetotheazores.pt\/wp-content\/uploads\/2021\/12\/Natural-Pools-at-Varadouro-I-Faial-Azores-1536x1124.jpg 1536w, https:\/\/guidetotheazores.pt\/wp-content\/uploads\/2021\/12\/Natural-Pools-at-Varadouro-I-Faial-Azores-90x67.jpg 90w, https:\/\/guidetotheazores.pt\/wp-content\/uploads\/2021\/12\/Natural-Pools-at-Varadouro-I-Faial-Azores-561x411.jpg 561w, https:\/\/guidetotheazores.pt\/wp-content\/uploads\/2021\/12\/Natural-Pools-at-Varadouro-I-Faial-Azores-1122x821.jpg 1122w, https:\/\/guidetotheazores.pt\/wp-content\/uploads\/2021\/12\/Natural-Pools-at-Varadouro-I-Faial-Azores-265x194.jpg 265w, https:\/\/guidetotheazores.pt\/wp-content\/uploads\/2021\/12\/Natural-Pools-at-Varadouro-I-Faial-Azores-531x389.jpg 531w, https:\/\/guidetotheazores.pt\/wp-content\/uploads\/2021\/12\/Natural-Pools-at-Varadouro-I-Faial-Azores-364x266.jpg 364w, https:\/\/guidetotheazores.pt\/wp-content\/uploads\/2021\/12\/Natural-Pools-at-Varadouro-I-Faial-Azores-728x533.jpg 728w, https:\/\/guidetotheazores.pt\/wp-content\/uploads\/2021\/12\/Natural-Pools-at-Varadouro-I-Faial-Azores-608x445.jpg 608w, https:\/\/guidetotheazores.pt\/wp-content\/uploads\/2021\/12\/Natural-Pools-at-Varadouro-I-Faial-Azores-758x555.jpg 758w, https:\/\/guidetotheazores.pt\/wp-content\/uploads\/2021\/12\/Natural-Pools-at-Varadouro-I-Faial-Azores-1152x843.jpg 1152w, https:\/\/guidetotheazores.pt\/wp-content\/uploads\/2021\/12\/Natural-Pools-at-Varadouro-I-Faial-Azores-313x229.jpg 313w, https:\/\/guidetotheazores.pt\/wp-content\/uploads\/2021\/12\/Natural-Pools-at-Varadouro-I-Faial-Azores-600x439.jpg 600w, https:\/\/guidetotheazores.pt\/wp-content\/uploads\/2021\/12\/Natural-Pools-at-Varadouro-I-Faial-Azores-150x110.jpg 150w\" sizes=\"(max-width: 800px) 100vw, 800px\" \/><p id=\"caption-attachment-7382\" class=\"wp-caption-text\">Le incantevoli piscine naturali di Varadouro, Faial<\/p><\/div><p>Tra le numerose <a href=\"https:\/\/guidetotheazores.pt\/it\/spiagge-e-piscine-naturali-a-faial\/\">spiagge e piscine naturali<\/a> che Faial ha da offrire, Varadouro \u00e8 la pi\u00f9 visitata, sia dai locali che dai turisti, per la posizione spettacolare e i servizi offerti. \u00c8 sorvegliata (in estate), dispone di docce e servizi igienici, e c'\u00e8 un \"bar sulla spiaggia\" e due ristoranti a pochi passi.<\/p><p>Faial \u00e8 da considerarsi la migliore isola delle Azzorre per le spiagge, in quanto \u00e8 l'unica ad averne molte, sia di sabbia bianca che nera.  <\/p><hr><p> <\/p>\n\t\t\t\t\t<\/div>\n\t\t\t\t\t\t<\/div>\n\t\t\t\t<\/div>\n\t\t\t\t<div class=\"facetwp-template facetwp-elementor-widget elementor-element elementor-element-dbf60e2 elementor-grid-3 elementor-grid-tablet-3 elementor-grid-mobile-2 elementor-products-grid elementor-wc-products elementor-widget elementor-widget-woocommerce-products\" data-id=\"dbf60e2\" data-element_type=\"widget\" data-e-type=\"widget\" data-widget_type=\"woocommerce-products.default\">\n\t\t\t\t<div class=\"elementor-widget-container\">\n\t\t\t\t\t<div class=\"woocommerce columns-3 \"><div class=\"wd-products-element\">\t\t\t<div class=\"wd-sticky-loader wd-content-loader\"><span class=\"wd-loader\"><\/span><\/div>\n\t\t\n<div class=\"products wd-products wd-grid-g grid-columns-4 elements-grid pagination-infinit title-line-two\" data-source=\"main_loop\" data-min_price=\"\" data-max_price=\"\" data-columns=\"4\" style=\"--wd-col-lg:4;--wd-col-md:4;--wd-col-sm:2;--wd-gap-lg:20px;--wd-gap-sm:10px;\">\n<div class=\"wd-product wd-hover-base wd-hover-with-fade wd-col product-grid-item product product-no-swatches type-product post-24301 status-publish last instock product_cat-attivita product_cat-faial-it product_cat-immersioni product_cat-tutte-le-isole product_tag-isoladifaial has-post-thumbnail taxable shipping-taxable product-type-external\" data-loop=\"2\" data-id=\"24301\">\n\t\n\t\n<div class=\"product-wrapper\">\n\t<div class=\"content-product-imagin\"><\/div>\n\t<div class=\"product-element-top wd-quick-shop\">\n\t\t<a href=\"https:\/\/guidetotheazores.pt\/it\/prodotto\/snorkeling-costiero-copy\/\" class=\"product-image-link\" tabindex=\"-1\" aria-label=\"Battesimo subacqueo\">\n\t\t\t<img decoding=\"async\" width=\"300\" height=\"225\" src=\"https:\/\/guidetotheazores.pt\/wp-content\/uploads\/2026\/05\/dive-baptism3-300x225.webp\" class=\"attachment-woocommerce_thumbnail size-woocommerce_thumbnail\" alt=\"Battesimo subacqueo-Norberto Diver-Guidetotheazores\" srcset=\"https:\/\/guidetotheazores.pt\/wp-content\/uploads\/2026\/05\/dive-baptism3-300x225.webp 300w, https:\/\/guidetotheazores.pt\/wp-content\/uploads\/2026\/05\/dive-baptism3-1024x768.webp 1024w, https:\/\/guidetotheazores.pt\/wp-content\/uploads\/2026\/05\/dive-baptism3-768x576.webp 768w, https:\/\/guidetotheazores.pt\/wp-content\/uploads\/2026\/05\/dive-baptism3-600x450.webp 600w, https:\/\/guidetotheazores.pt\/wp-content\/uploads\/2026\/05\/dive-baptism3-150x113.webp 150w, https:\/\/guidetotheazores.pt\/wp-content\/uploads\/2026\/05\/dive-baptism3.webp 1200w\" sizes=\"(max-width: 300px) 100vw, 300px\" \/>\t\t<\/a>\n\n\t\t\t\t\t<div class=\"hover-img\">\n\t\t\t\t<img decoding=\"async\" width=\"300\" height=\"225\" src=\"https:\/\/guidetotheazores.pt\/wp-content\/uploads\/2024\/01\/Norberto-Diver-Guide-to-the-Azores-Coastal-Diving-III-300x225.jpg\" class=\"attachment-woocommerce_thumbnail size-woocommerce_thumbnail\" alt=\"Norberto Diver - Guida alle Azzorre - Immersioni costiere\" \/>\t\t\t<\/div>\n\t\t\t\n\t\t<div class=\"wrapp-swatches\"><\/div>\n\t<\/div>\n\n\t<div class=\"product-element-bottom product-information\">\n\t\t<h3 class=\"wd-entities-title\"><a href=\"https:\/\/guidetotheazores.pt\/it\/prodotto\/snorkeling-costiero-copy\/\">Battesimo subacqueo<\/a><\/h3>\t\t\t\t<div class=\"product-rating-price\">\n\t\t\t<div class=\"wrapp-product-price\">\n\t\t\t\t\n        <\/a>\n                            <span class=\"details\">\n                        <a href=\"https:\/\/guidetotheazores.pt\/it\/partner\/norberto-diver-actividades-maritimas-lda\/\">Norberto Diver<\/a>                    <\/span>\n            \t\t\t\t\t\t\t<\/div>\n\t\t<\/div>\n\t\t\t\t<div class=\"fade-in-block wd-scroll\">\n\t\t\t<div class=\"hover-content wd-more-desc\">\n\t\t\t\t<div class=\"hover-content-inner wd-more-desc-inner\">\n\t\t\t\t\tSe ti trovi in un luogo dove le immersioni sono una delle attivit\u00e0 pi\u00f9 popolari, perch\u00e9 non provare? Non dimenticherai mai il primo respiro sott'acqua! \n\nMentre sei ancora a terra avrai una rapida lezione sul funzionamento di tutte le attrezzature e sui segnali utilizzati per la comunicazione subacquea. Successivamente ti immergerai con una guida subacquea sempre al tuo fianco, che si prender\u00e0 cura di te in ogni fase dell'immersione. \n\n&nbsp;\n\n<script src=\"https:\/\/fareharbor.com\/embeds\/script\/calendar\/norbertodiver\/items\/189757\/?asn=fhdn-eur&amp;asn-ref=guidetotheazores&amp;ref=guidetotheazores&amp;bookable-only=yes&amp;full-items=yes&amp;marketplace=yes&amp;flow=no&amp;branding=no\"><\/script>\n\n&nbsp;\t\t\t\t<\/div>\n\t\t\t\t<a href=\"#\" rel=\"nofollow\" class=\"wd-more-desc-btn\" aria-label=\"Read more description\"><\/a>\n\t\t\t<\/div>\n\t\t\t<div class=\" wd-bottom-actions\">\n\t\t\t\t<div class=\"wrap-wishlist-button\"><\/div>\n\t\t\t\t<div class=\"wd-add-btn wd-add-btn-replace\">\n\t\t\t\t\t<a href=\"\" aria-describedby=\"woocommerce_loop_add_to_cart_link_describedby_24301\" data-quantity=\"1\" class=\"button product_type_external add-to-cart-loop\" data-product_id=\"24301\" data-product_sku=\"\" aria-label=\"Compra &ldquo;Battesimo subacqueo&rdquo;\" rel=\"nofollow\"><span>Acquista prodotto<\/span><\/a>\t<span id=\"woocommerce_loop_add_to_cart_link_describedby_24301\" class=\"screen-reader-text\">\n\t\t\t<\/span>\n\t\t\t\t\t\t\t\t\t\t\t\t\t\t\t\t\t\t\t\t<\/div>\n\t\t\t\t<div class=\"wrap-quickview-button\"><\/div>\n\t\t\t<\/div>\n\n\t\t\t\t\t\t\n\t\t\t\t\t<\/div>\n\t<\/div>\n<\/div>\n<\/div>\n<div class=\"wd-product wd-hover-base wd-hover-with-fade wd-col product-grid-item product product-no-swatches type-product post-15084 status-publish first instock product_cat-attivita product_cat-faial-it product_cat-tutte-le-isole product_cat-visite-guidate product_tag-isoladifaial has-post-thumbnail virtual sold-individually taxable purchasable product-type-phive_booking\" data-loop=\"3\" data-id=\"15084\">\n\t\n\t\n<div class=\"product-wrapper\">\n\t<div class=\"content-product-imagin\"><\/div>\n\t<div class=\"product-element-top wd-quick-shop\">\n\t\t<a href=\"https:\/\/guidetotheazores.pt\/it\/prodotto\/trail-running-su-faial-tour-privato\/\" class=\"product-image-link\" tabindex=\"-1\" aria-label=\"Trail running su Faial &#8211; Tour privato\">\n\t\t\t<img decoding=\"async\" width=\"300\" height=\"225\" src=\"https:\/\/guidetotheazores.pt\/wp-content\/uploads\/2024\/02\/Our-Island-Guide-to-the-Azores-Trail-Running-Faial-Cover-300x225.jpg\" class=\"attachment-woocommerce_thumbnail size-woocommerce_thumbnail\" alt=\"La nostra isola - Guida alle Azzorre - Trail Running Faial\" srcset=\"https:\/\/guidetotheazores.pt\/wp-content\/uploads\/2024\/02\/Our-Island-Guide-to-the-Azores-Trail-Running-Faial-Cover-300x225.jpg 300w, https:\/\/guidetotheazores.pt\/wp-content\/uploads\/2024\/02\/Our-Island-Guide-to-the-Azores-Trail-Running-Faial-Cover-600x450.jpg 600w\" sizes=\"(max-width: 300px) 100vw, 300px\" \/>\t\t<\/a>\n\n\t\t\t\t\t<div class=\"hover-img\">\n\t\t\t\t<img decoding=\"async\" width=\"300\" height=\"225\" src=\"https:\/\/guidetotheazores.pt\/wp-content\/uploads\/2024\/02\/Our-Island-Guide-to-the-Azores-Trail-Running-Faial-300x225.jpg\" class=\"attachment-woocommerce_thumbnail size-woocommerce_thumbnail\" alt=\"La nostra isola - Guida alle Azzorre - Trail Running Faial\" srcset=\"https:\/\/guidetotheazores.pt\/wp-content\/uploads\/2024\/02\/Our-Island-Guide-to-the-Azores-Trail-Running-Faial-300x225.jpg 300w, https:\/\/guidetotheazores.pt\/wp-content\/uploads\/2024\/02\/Our-Island-Guide-to-the-Azores-Trail-Running-Faial-600x450.jpg 600w\" sizes=\"(max-width: 300px) 100vw, 300px\" \/>\t\t\t<\/div>\n\t\t\t\n\t\t<div class=\"wrapp-swatches\"><\/div>\n\t<\/div>\n\n\t<div class=\"product-element-bottom product-information\">\n\t\t<h3 class=\"wd-entities-title\"><a href=\"https:\/\/guidetotheazores.pt\/it\/prodotto\/trail-running-su-faial-tour-privato\/\">Trail running su Faial &#8211; Tour privato<\/a><\/h3>\t\t\t\t<div class=\"product-rating-price\">\n\t\t\t<div class=\"wrapp-product-price\">\n\t\t\t\t\n\t<span class=\"price\"><span class=\"woocommerce-Price-amount amount\"><bdi><span class=\"woocommerce-Price-currencySymbol\">&euro;<\/span>80.00<\/bdi><\/span>&nbsp;<span class = \"ph-bookings-display-cost-suffix\">From<\/span><\/span>\n        <\/a>\n                            <span class=\"details\">\n                        <a href=\"https:\/\/guidetotheazores.pt\/it\/partner\/our-island\/\">Our Island, Lda<\/a>                    <\/span>\n            \t\t\t\t\t\t\t<\/div>\n\t\t<\/div>\n\t\t\t\t<div class=\"fade-in-block wd-scroll\">\n\t\t\t<div class=\"hover-content wd-more-desc\">\n\t\t\t\t<div class=\"hover-content-inner wd-more-desc-inner\">\n\t\t\t\t\t<span style=\"color: #000000;font-family: 'Helvetica Neue', Helvetica, Roboto, Arial, sans-serif\">Il trail running su Faial \u00e8 un modo divertente per conoscere l'isola. Il sentiero dei 10 vulcani \u00e8 probabilmente il miglior percorso di trail running di media distanza di Faial e fa parte della gara Azores Trail Run. Questo percorso offre un modo semplice per visitare la citt\u00e0 a chi porta con s\u00e9 le scarpe da corsa ovunque vada.  <\/span>\n\n&nbsp;\t\t\t\t<\/div>\n\t\t\t\t<a href=\"#\" rel=\"nofollow\" class=\"wd-more-desc-btn\" aria-label=\"Read more description\"><\/a>\n\t\t\t<\/div>\n\t\t\t<div class=\" wd-bottom-actions\">\n\t\t\t\t<div class=\"wrap-wishlist-button\"><\/div>\n\t\t\t\t<div class=\"wd-add-btn wd-add-btn-replace\">\n\t\t\t\t\t<a href=\"https:\/\/guidetotheazores.pt\/it\/prodotto\/trail-running-su-faial-tour-privato\/\" aria-describedby=\"woocommerce_loop_add_to_cart_link_describedby_15084\" data-quantity=\"1\" class=\"button product_type_phive_booking add_to_cart_button add-to-cart-loop\" data-product_id=\"15084\" data-product_sku=\"\" aria-label=\"Leggi di pi\u00f9 su &quot;Trail running su Faial - Tour privato&quot;\" rel=\"nofollow\"><span>Prenota Ora<\/span><\/a>\t<span id=\"woocommerce_loop_add_to_cart_link_describedby_15084\" class=\"screen-reader-text\">\n\t\t\t<\/span>\n\t\t\t\t\t\t\t\t\t\t\t\t\t\t\t\t\t\t\t\t<\/div>\n\t\t\t\t<div class=\"wrap-quickview-button\"><\/div>\n\t\t\t<\/div>\n\n\t\t\t\t\t\t\n\t\t\t\t\t<\/div>\n\t<\/div>\n<\/div>\n<\/div>\n<div class=\"wd-product wd-hover-base wd-hover-with-fade wd-col product-grid-item product product-no-swatches type-product post-24295 status-publish instock product_cat-attivita product_cat-faial-it product_cat-snorkeling-it product_cat-tutte-le-isole product_tag-isoladifaial has-post-thumbnail taxable shipping-taxable product-type-external\" data-loop=\"4\" data-id=\"24295\">\n\t\n\t\n<div class=\"product-wrapper\">\n\t<div class=\"content-product-imagin\"><\/div>\n\t<div class=\"product-element-top wd-quick-shop\">\n\t\t<a href=\"https:\/\/guidetotheazores.pt\/it\/prodotto\/immersioni-costiere-copy\/\" class=\"product-image-link\" tabindex=\"-1\" aria-label=\"Snorkeling costiero\">\n\t\t\t<img decoding=\"async\" width=\"300\" height=\"225\" src=\"https:\/\/guidetotheazores.pt\/wp-content\/uploads\/2026\/05\/dive-baptism2-300x225.webp\" class=\"attachment-woocommerce_thumbnail size-woocommerce_thumbnail\" alt=\"Dive baptism-Norberto Diver-Guidetotheazores\" srcset=\"https:\/\/guidetotheazores.pt\/wp-content\/uploads\/2026\/05\/dive-baptism2-300x225.webp 300w, https:\/\/guidetotheazores.pt\/wp-content\/uploads\/2026\/05\/dive-baptism2-1024x768.webp 1024w, https:\/\/guidetotheazores.pt\/wp-content\/uploads\/2026\/05\/dive-baptism2-768x576.webp 768w, https:\/\/guidetotheazores.pt\/wp-content\/uploads\/2026\/05\/dive-baptism2-600x450.webp 600w, https:\/\/guidetotheazores.pt\/wp-content\/uploads\/2026\/05\/dive-baptism2-150x113.webp 150w, https:\/\/guidetotheazores.pt\/wp-content\/uploads\/2026\/05\/dive-baptism2.webp 1200w\" sizes=\"(max-width: 300px) 100vw, 300px\" \/>\t\t<\/a>\n\n\t\t\t\t\t<div class=\"hover-img\">\n\t\t\t\t<img decoding=\"async\" width=\"300\" height=\"225\" src=\"https:\/\/guidetotheazores.pt\/wp-content\/uploads\/2024\/01\/Norberto-Diver-Guide-to-the-Azores-Coastal-Diving-I-300x225.jpg\" class=\"attachment-woocommerce_thumbnail size-woocommerce_thumbnail\" alt=\"Norberto Diver - Guida alle Azzorre - Immersioni costiere\" srcset=\"https:\/\/guidetotheazores.pt\/wp-content\/uploads\/2024\/01\/Norberto-Diver-Guide-to-the-Azores-Coastal-Diving-I-300x225.jpg 300w, https:\/\/guidetotheazores.pt\/wp-content\/uploads\/2024\/01\/Norberto-Diver-Guide-to-the-Azores-Coastal-Diving-I-600x450.jpg 600w\" sizes=\"(max-width: 300px) 100vw, 300px\" \/>\t\t\t<\/div>\n\t\t\t\n\t\t<div class=\"wrapp-swatches\"><\/div>\n\t<\/div>\n\n\t<div class=\"product-element-bottom product-information\">\n\t\t<h3 class=\"wd-entities-title\"><a href=\"https:\/\/guidetotheazores.pt\/it\/prodotto\/immersioni-costiere-copy\/\">Snorkeling costiero<\/a><\/h3>\t\t\t\t<div class=\"product-rating-price\">\n\t\t\t<div class=\"wrapp-product-price\">\n\t\t\t\t\n        <\/a>\n                            <span class=\"details\">\n                        <a href=\"https:\/\/guidetotheazores.pt\/it\/partner\/norberto-diver-actividades-maritimas-lda\/\">Norberto Diver<\/a>                    <\/span>\n            \t\t\t\t\t\t\t<\/div>\n\t\t<\/div>\n\t\t\t\t<div class=\"fade-in-block wd-scroll\">\n\t\t\t<div class=\"hover-content wd-more-desc\">\n\t\t\t\t<div class=\"hover-content-inner wd-more-desc-inner\">\n\t\t\t\t\tLe Azzorre sono senza dubbio una delle migliori destinazioni per le immersioni e lo snorkeling nell'Atlantico. La nostra stagione di immersioni e snorkeling va da aprile a ottobre. I nostri siti sono molto vari e possono soddisfare tutte le preferenze e i livelli di esperienza, con pi\u00f9 di 20 siti tra le isole di Faial e Pico.  \n\n&nbsp;\n\n<script src=\"https:\/\/fareharbor.com\/embeds\/script\/calendar\/norbertodiver\/items\/189742\/?asn=fhdn-eur&amp;asn-ref=guidetotheazores&amp;ref=guidetotheazores&amp;bookable-only=yes&amp;full-items=yes&amp;marketplace=yes&amp;flow=no&amp;branding=no\"><\/script>\n\n&nbsp;\t\t\t\t<\/div>\n\t\t\t\t<a href=\"#\" rel=\"nofollow\" class=\"wd-more-desc-btn\" aria-label=\"Read more description\"><\/a>\n\t\t\t<\/div>\n\t\t\t<div class=\" wd-bottom-actions\">\n\t\t\t\t<div class=\"wrap-wishlist-button\"><\/div>\n\t\t\t\t<div class=\"wd-add-btn wd-add-btn-replace\">\n\t\t\t\t\t<a href=\"\" aria-describedby=\"woocommerce_loop_add_to_cart_link_describedby_24295\" data-quantity=\"1\" class=\"button product_type_external add-to-cart-loop\" data-product_id=\"24295\" data-product_sku=\"\" aria-label=\"Compra &ldquo;Snorkeling costiero&rdquo;\" rel=\"nofollow\"><span>Acquista prodotto<\/span><\/a>\t<span id=\"woocommerce_loop_add_to_cart_link_describedby_24295\" class=\"screen-reader-text\">\n\t\t\t<\/span>\n\t\t\t\t\t\t\t\t\t\t\t\t\t\t\t\t\t\t\t\t<\/div>\n\t\t\t\t<div class=\"wrap-quickview-button\"><\/div>\n\t\t\t<\/div>\n\n\t\t\t\t\t\t\n\t\t\t\t\t<\/div>\n\t<\/div>\n<\/div>\n<\/div>\n<\/div>\n<\/div><\/div>\t\t\t\t<\/div>\n\t\t\t\t<\/div>\n\t\t\t\t\t<\/div>\n\t\t<\/div>\n\t\t\t\t\t<\/div>\n\t\t<\/section>\n\t\t\t\t<section class=\"wd-negative-gap elementor-section elementor-top-section elementor-element elementor-element-e8a667f elementor-section-boxed elementor-section-height-default elementor-section-height-default\" data-id=\"e8a667f\" data-element_type=\"section\" data-e-type=\"section\">\n\t\t\t\t\t\t<div class=\"elementor-container elementor-column-gap-default\">\n\t\t\t\t\t<div class=\"elementor-column elementor-col-100 elementor-top-column elementor-element elementor-element-dfc8ef9\" data-id=\"dfc8ef9\" data-element_type=\"column\" data-e-type=\"column\">\n\t\t\t<div class=\"elementor-widget-wrap elementor-element-populated\">\n\t\t\t\t\t\t<div class=\"elementor-element elementor-element-00b5067 elementor-widget elementor-widget-wd_text_block\" data-id=\"00b5067\" data-element_type=\"widget\" data-e-type=\"widget\" data-widget_type=\"wd_text_block.default\">\n\t\t\t\t<div class=\"elementor-widget-container\">\n\t\t\t\t\t\t\t<div class=\"wd-text-block reset-last-child text-left\">\n\t\t\t\n\t\t\t<p> <\/p><h3 class=\"p1\"><span class=\"s1\"><b>Terceira<\/b><\/span><\/h3><ul><li><h4>Miradouro do Serra do Cume<\/h4><\/li><\/ul><div id=\"attachment_7546\" style=\"width: 810px\" class=\"wp-caption aligncenter\"><img decoding=\"async\" aria-describedby=\"caption-attachment-7546\" class=\" wd-lazy-fade wp-image-7546\" src=\"https:\/\/guidetotheazores.pt\/wp-content\/themes\/woodmart\/images\/lazy.svg\" data-src=\"https:\/\/guidetotheazores.pt\/wp-content\/uploads\/2022\/01\/Miradouro-do-Serra-do-Cume.jpg\" alt=\"Miradouro do Serra do Cume - Terceira - Azzorre\" width=\"800\" height=\"532\" srcset=\"\" data-srcset=\"https:\/\/guidetotheazores.pt\/wp-content\/uploads\/2022\/01\/Miradouro-do-Serra-do-Cume.jpg 1024w, https:\/\/guidetotheazores.pt\/wp-content\/uploads\/2022\/01\/Miradouro-do-Serra-do-Cume-300x200.jpg 300w, https:\/\/guidetotheazores.pt\/wp-content\/uploads\/2022\/01\/Miradouro-do-Serra-do-Cume-768x511.jpg 768w, https:\/\/guidetotheazores.pt\/wp-content\/uploads\/2022\/01\/Miradouro-do-Serra-do-Cume-180x120.jpg 180w, https:\/\/guidetotheazores.pt\/wp-content\/uploads\/2022\/01\/Miradouro-do-Serra-do-Cume-561x373.jpg 561w, https:\/\/guidetotheazores.pt\/wp-content\/uploads\/2022\/01\/Miradouro-do-Serra-do-Cume-265x176.jpg 265w, https:\/\/guidetotheazores.pt\/wp-content\/uploads\/2022\/01\/Miradouro-do-Serra-do-Cume-531x353.jpg 531w, https:\/\/guidetotheazores.pt\/wp-content\/uploads\/2022\/01\/Miradouro-do-Serra-do-Cume-364x242.jpg 364w, https:\/\/guidetotheazores.pt\/wp-content\/uploads\/2022\/01\/Miradouro-do-Serra-do-Cume-728x484.jpg 728w, https:\/\/guidetotheazores.pt\/wp-content\/uploads\/2022\/01\/Miradouro-do-Serra-do-Cume-608x404.jpg 608w, https:\/\/guidetotheazores.pt\/wp-content\/uploads\/2022\/01\/Miradouro-do-Serra-do-Cume-758x504.jpg 758w, https:\/\/guidetotheazores.pt\/wp-content\/uploads\/2022\/01\/Miradouro-do-Serra-do-Cume-313x208.jpg 313w, https:\/\/guidetotheazores.pt\/wp-content\/uploads\/2022\/01\/Miradouro-do-Serra-do-Cume-600x399.jpg 600w, https:\/\/guidetotheazores.pt\/wp-content\/uploads\/2022\/01\/Miradouro-do-Serra-do-Cume-150x100.jpg 150w\" sizes=\"(max-width: 800px) 100vw, 800px\" \/><p id=\"caption-attachment-7546\" class=\"wp-caption-text\">Dal Miradouro si gode di una magnifica vista sulla valle sottostante con il suo caratteristico labirinto di campi coltivati.<\/p><\/div><ul><li><h4>Algar do Carvao<\/h4><\/li><\/ul><div id=\"attachment_7547\" style=\"width: 810px\" class=\"wp-caption aligncenter\"><img decoding=\"async\" aria-describedby=\"caption-attachment-7547\" class=\" wd-lazy-fade wp-image-7547\" src=\"https:\/\/guidetotheazores.pt\/wp-content\/themes\/woodmart\/images\/lazy.svg\" data-src=\"https:\/\/guidetotheazores.pt\/wp-content\/uploads\/2022\/01\/Algar-do-Carvao-Terceira-Azores.jpg\" alt=\"Algar do Carv\u00e3o\" width=\"800\" height=\"475\" srcset=\"\" data-srcset=\"https:\/\/guidetotheazores.pt\/wp-content\/uploads\/2022\/01\/Algar-do-Carvao-Terceira-Azores.jpg 1920w, https:\/\/guidetotheazores.pt\/wp-content\/uploads\/2022\/01\/Algar-do-Carvao-Terceira-Azores-300x178.jpg 300w, https:\/\/guidetotheazores.pt\/wp-content\/uploads\/2022\/01\/Algar-do-Carvao-Terceira-Azores-1024x607.jpg 1024w, https:\/\/guidetotheazores.pt\/wp-content\/uploads\/2022\/01\/Algar-do-Carvao-Terceira-Azores-768x456.jpg 768w, https:\/\/guidetotheazores.pt\/wp-content\/uploads\/2022\/01\/Algar-do-Carvao-Terceira-Azores-1536x911.jpg 1536w, https:\/\/guidetotheazores.pt\/wp-content\/uploads\/2022\/01\/Algar-do-Carvao-Terceira-Azores-561x333.jpg 561w, https:\/\/guidetotheazores.pt\/wp-content\/uploads\/2022\/01\/Algar-do-Carvao-Terceira-Azores-1122x666.jpg 1122w, https:\/\/guidetotheazores.pt\/wp-content\/uploads\/2022\/01\/Algar-do-Carvao-Terceira-Azores-265x157.jpg 265w, https:\/\/guidetotheazores.pt\/wp-content\/uploads\/2022\/01\/Algar-do-Carvao-Terceira-Azores-531x315.jpg 531w, https:\/\/guidetotheazores.pt\/wp-content\/uploads\/2022\/01\/Algar-do-Carvao-Terceira-Azores-364x216.jpg 364w, https:\/\/guidetotheazores.pt\/wp-content\/uploads\/2022\/01\/Algar-do-Carvao-Terceira-Azores-728x432.jpg 728w, https:\/\/guidetotheazores.pt\/wp-content\/uploads\/2022\/01\/Algar-do-Carvao-Terceira-Azores-608x361.jpg 608w, https:\/\/guidetotheazores.pt\/wp-content\/uploads\/2022\/01\/Algar-do-Carvao-Terceira-Azores-758x450.jpg 758w, https:\/\/guidetotheazores.pt\/wp-content\/uploads\/2022\/01\/Algar-do-Carvao-Terceira-Azores-1152x683.jpg 1152w, https:\/\/guidetotheazores.pt\/wp-content\/uploads\/2022\/01\/Algar-do-Carvao-Terceira-Azores-313x186.jpg 313w, https:\/\/guidetotheazores.pt\/wp-content\/uploads\/2022\/01\/Algar-do-Carvao-Terceira-Azores-600x356.jpg 600w, https:\/\/guidetotheazores.pt\/wp-content\/uploads\/2022\/01\/Algar-do-Carvao-Terceira-Azores-150x89.jpg 150w\" sizes=\"(max-width: 800px) 100vw, 800px\" \/><p id=\"caption-attachment-7547\" class=\"wp-caption-text\">L'antico tubo di lava \u00e8 classificato come \"Monumento Nazionale Regionale\" per le sue caratteristiche peculiari.<\/p><\/div>\n\t\t\t\t\t<\/div>\n\t\t\t\t\t\t<\/div>\n\t\t\t\t<\/div>\n\t\t\t\t<div class=\"facetwp-template facetwp-elementor-widget elementor-element elementor-element-8c90420 elementor-grid-3 elementor-grid-tablet-3 elementor-grid-mobile-2 elementor-products-grid elementor-wc-products elementor-widget elementor-widget-woocommerce-products\" data-id=\"8c90420\" data-element_type=\"widget\" data-e-type=\"widget\" data-widget_type=\"woocommerce-products.default\">\n\t\t\t\t<div class=\"elementor-widget-container\">\n\t\t\t\t\t<div class=\"woocommerce columns-3 \"><div class=\"wd-products-element\">\t\t\t<div class=\"wd-sticky-loader wd-content-loader\"><span class=\"wd-loader\"><\/span><\/div>\n\t\t\n<div class=\"products wd-products wd-grid-g grid-columns-4 elements-grid pagination-infinit title-line-two\" data-source=\"main_loop\" data-min_price=\"\" data-max_price=\"\" data-columns=\"4\" style=\"--wd-col-lg:4;--wd-col-md:4;--wd-col-sm:2;--wd-gap-lg:20px;--wd-gap-sm:10px;\">\n<div class=\"wd-product wd-hover-base wd-hover-with-fade wd-col product-grid-item product product-no-swatches type-product post-13143 status-publish last instock product_cat-attivita product_cat-terceira-it product_cat-tutte-le-isole product_cat-visite-guidate has-post-thumbnail virtual sold-individually taxable purchasable product-type-phive_booking\" data-loop=\"5\" data-id=\"13143\">\n\t\n\t\n<div class=\"product-wrapper\">\n\t<div class=\"content-product-imagin\"><\/div>\n\t<div class=\"product-element-top wd-quick-shop\">\n\t\t<a href=\"https:\/\/guidetotheazores.pt\/it\/prodotto\/isola-di-terceira-tour-di-mezza-giornata-in-furgone\/\" class=\"product-image-link\" tabindex=\"-1\" aria-label=\"Isola di Terceira &#8211; Tour di mezza giornata in furgone\">\n\t\t\t<img decoding=\"async\" width=\"300\" height=\"225\" src=\"https:\/\/guidetotheazores.pt\/wp-content\/uploads\/2024\/02\/20-300x225.jpg\" class=\"attachment-woocommerce_thumbnail size-woocommerce_thumbnail\" alt=\"\" srcset=\"https:\/\/guidetotheazores.pt\/wp-content\/uploads\/2024\/02\/20-300x225.jpg 300w, https:\/\/guidetotheazores.pt\/wp-content\/uploads\/2024\/02\/20-600x450.jpg 600w\" sizes=\"(max-width: 300px) 100vw, 300px\">\t\t<\/a>\n\n\t\t\t\t\t<div class=\"hover-img\">\n\t\t\t\t<img decoding=\"async\" width=\"300\" height=\"225\" src=\"https:\/\/guidetotheazores.pt\/wp-content\/uploads\/2024\/02\/06-300x225.jpg\" class=\"attachment-woocommerce_thumbnail size-woocommerce_thumbnail\" alt=\"\" srcset=\"https:\/\/guidetotheazores.pt\/wp-content\/uploads\/2024\/02\/06-300x225.jpg 300w, https:\/\/guidetotheazores.pt\/wp-content\/uploads\/2024\/02\/06-600x450.jpg 600w\" sizes=\"(max-width: 300px) 100vw, 300px\">\t\t\t<\/div>\n\t\t\t\n\t\t<div class=\"wrapp-swatches\"><\/div>\n\t<\/div>\n\n\t<div class=\"product-element-bottom product-information\">\n\t\t<h3 class=\"wd-entities-title\"><a href=\"https:\/\/guidetotheazores.pt\/it\/prodotto\/isola-di-terceira-tour-di-mezza-giornata-in-furgone\/\">Isola di Terceira &#8211; Tour di mezza giornata in furgone<\/a><\/h3>\t\t\t\t<div class=\"product-rating-price\">\n\t\t\t<div class=\"wrapp-product-price\">\n\t\t\t\t\n\t<span class=\"price\"><span class=\"woocommerce-Price-amount amount\"><bdi><span class=\"woocommerce-Price-currencySymbol\">&euro;<\/span>49.00<\/bdi><\/span><\/span>\n        <\/a>\n                            <span class=\"details\">\n                        <a href=\"https:\/\/guidetotheazores.pt\/it\/partner\/www-spottours-pt\/\">Spot Tours<\/a>                    <\/span>\n            \t\t\t\t\t\t\t<\/div>\n\t\t<\/div>\n\t\t\t\t<div class=\"fade-in-block wd-scroll\">\n\t\t\t<div class=\"hover-content wd-more-desc\">\n\t\t\t\t<div class=\"hover-content-inner wd-more-desc-inner\">\n\t\t\t\t\tApprofitta della comodit\u00e0 di un ritiro nella citt\u00e0 di Angra do Hero\u00edsmo. Inizia il tuo tour con una visita al Monte Brasil. Ammira la citt\u00e0 di Angra do Hero\u00edsmo, patrimonio dell'umanit\u00e0 dell'UNESCO, dall'alto. Goditi una vista completa della citt\u00e0, delle montagne e dei villaggi circostanti.\t\t\t\t<\/div>\n\t\t\t\t<a href=\"#\" rel=\"nofollow\" class=\"wd-more-desc-btn\" aria-label=\"Read more description\"><\/a>\n\t\t\t<\/div>\n\t\t\t<div class=\" wd-bottom-actions\">\n\t\t\t\t<div class=\"wrap-wishlist-button\"><\/div>\n\t\t\t\t<div class=\"wd-add-btn wd-add-btn-replace\">\n\t\t\t\t\t<a href=\"https:\/\/guidetotheazores.pt\/it\/prodotto\/isola-di-terceira-tour-di-mezza-giornata-in-furgone\/\" aria-describedby=\"woocommerce_loop_add_to_cart_link_describedby_13143\" data-quantity=\"1\" class=\"button product_type_phive_booking add_to_cart_button add-to-cart-loop\" data-product_id=\"13143\" data-product_sku=\"\" aria-label=\"Leggi di pi\u00f9 su &quot;Isola di Terceira - Tour di mezza giornata in furgone&quot;\" rel=\"nofollow\"><span>Prenota Ora<\/span><\/a>\t<span id=\"woocommerce_loop_add_to_cart_link_describedby_13143\" class=\"screen-reader-text\">\n\t\t\t<\/span>\n\t\t\t\t\t\t\t\t\t\t\t\t\t\t\t\t\t\t\t\t<\/div>\n\t\t\t\t<div class=\"wrap-quickview-button\"><\/div>\n\t\t\t<\/div>\n\n\t\t\t\t\t\t\n\t\t\t\t\t<\/div>\n\t<\/div>\n<\/div>\n<\/div>\n<div class=\"wd-product wd-hover-base wd-hover-with-fade wd-col product-grid-item product product-no-swatches type-product post-25898 status-publish first instock product_cat-attivita product_cat-terceira-it product_cat-tutte-le-isole product_cat-visite-guidate product_tag-isoladiterceira has-post-thumbnail taxable shipping-taxable product-type-external\" data-loop=\"6\" data-id=\"25898\">\n\t\n\t\n<div class=\"product-wrapper\">\n\t<div class=\"content-product-imagin\"><\/div>\n\t<div class=\"product-element-top wd-quick-shop\">\n\t\t<a href=\"https:\/\/guidetotheazores.pt\/it\/prodotto\/van-tour-mezza-giornata-costa-orientale-isola-di-terceira\/\" class=\"product-image-link\" tabindex=\"-1\" aria-label=\"VAN TOUR (mezza giornata) &#8211; Costa orientale &#8211; Isola di Terceira\">\n\t\t\t<img decoding=\"async\" width=\"300\" height=\"225\" src=\"https:\/\/guidetotheazores.pt\/wp-content\/uploads\/2026\/06\/VAN-TOUR-Half-Day-\u2013-East-Coast-\u2013-Terceira-Island-Azoresnaturetours-Guidetotheazores-300x225.webp\" class=\"attachment-woocommerce_thumbnail size-woocommerce_thumbnail\" alt=\"VAN TOUR (mezza giornata) - Costa orientale - Isola di Terceira-Azoresnaturetours-Guidetotheazores\" \/>\t\t<\/a>\n\n\t\t\t\t\t<div class=\"hover-img\">\n\t\t\t\t<img decoding=\"async\" width=\"300\" height=\"225\" src=\"https:\/\/guidetotheazores.pt\/wp-content\/uploads\/2026\/06\/VAN-TOUR-Half-Day-\u2013-East-Coast-\u2013-Terceira-Island-Azoresnaturetours-Guidetotheazores1-300x225.webp\" class=\"attachment-woocommerce_thumbnail size-woocommerce_thumbnail\" alt=\"VAN TOUR (mezza giornata) - Costa orientale - Isola di Terceira-Azoresnaturetours-Guidetotheazores\" \/>\t\t\t<\/div>\n\t\t\t\n\t\t<div class=\"wrapp-swatches\"><\/div>\n\t<\/div>\n\n\t<div class=\"product-element-bottom product-information\">\n\t\t<h3 class=\"wd-entities-title\"><a href=\"https:\/\/guidetotheazores.pt\/it\/prodotto\/van-tour-mezza-giornata-costa-orientale-isola-di-terceira\/\">VAN TOUR (mezza giornata) &#8211; Costa orientale &#8211; Isola di Terceira<\/a><\/h3>\t\t\t\t<div class=\"product-rating-price\">\n\t\t\t<div class=\"wrapp-product-price\">\n\t\t\t\t\n        <\/a>\n                            <span class=\"details\">\n                        <a href=\"https:\/\/guidetotheazores.pt\/it\/partner\/azores-nature-tours\/\">Azores Nature Tours<\/a>                    <\/span>\n            \t\t\t\t\t\t\t<\/div>\n\t\t<\/div>\n\t\t\t\t<div class=\"fade-in-block wd-scroll\">\n\t\t\t<div class=\"hover-content wd-more-desc\">\n\t\t\t\t<div class=\"hover-content-inner wd-more-desc-inner\">\n\t\t\t\t\tLa Costa Orientale \u00e8 nota per le sue lunghe distese di campagna verde, ricca di patrimonio, storia e cultura delle Azzorre. Con questo tour possiamo addentrarci nel cuore dell'isola e visitare punti panoramici e luoghi nascosti conosciuti solo dagli abitanti del luogo. \n\n<script src=\"https:\/\/fareharbor.com\/embeds\/script\/calendar\/azoresnaturetours\/items\/334309\/?asn=fhdn-eur&amp;asn-ref=guidetotheazores&amp;ref=guidetotheazores&amp;bookable-only=yes&amp;full-items=yes&amp;marketplace=yes&amp;flow=no&amp;branding=no\"><\/script>\n<div class=\"flex items-start gap-4 mb-4 last:mb-0\" data-v-a5b16f77=\"\">\n<div class=\"min-w-0 flex-1\"><span class=\"fh-text fh-text--body-sm fh-text--medium\" data-v-3872b9c5=\"\">Durata: <\/span>3H<\/div>\n<\/div>\n<div class=\"flex items-start gap-4 mb-4 last:mb-0\" data-v-a5b16f77=\"\">\n<div class=\"mt-1 shrink-0\"><\/div>\n<div class=\"min-w-0 flex-1\"><span class=\"fh-text fh-text--body-sm fh-text--medium\" data-v-3872b9c5=\"\">Punto di incontro: <\/span>ufficio Azzorre Nature Tours<\/div>\n<\/div>\n<div class=\"flex items-start gap-4 mb-4 last:mb-0\" data-v-a5b16f77=\"\">\n<div class=\"mt-1 shrink-0\"><\/div>\n<div class=\"min-w-0 flex-1\"><span class=\"fh-text fh-text--body-sm fh-text--medium\" data-v-3872b9c5=\"\">Cancellazioni: <\/span>48 ore prima<\/div>\n<\/div>\t\t\t\t<\/div>\n\t\t\t\t<a href=\"#\" rel=\"nofollow\" class=\"wd-more-desc-btn\" aria-label=\"Read more description\"><\/a>\n\t\t\t<\/div>\n\t\t\t<div class=\" wd-bottom-actions\">\n\t\t\t\t<div class=\"wrap-wishlist-button\"><\/div>\n\t\t\t\t<div class=\"wd-add-btn wd-add-btn-replace\">\n\t\t\t\t\t<a href=\"\" aria-describedby=\"woocommerce_loop_add_to_cart_link_describedby_25898\" data-quantity=\"1\" class=\"button product_type_external add-to-cart-loop\" data-product_id=\"25898\" data-product_sku=\"\" aria-label=\"Compra &ldquo;VAN TOUR (mezza giornata) - Costa orientale - Isola di Terceira&rdquo;\" rel=\"nofollow\"><span>Acquista prodotto<\/span><\/a>\t<span id=\"woocommerce_loop_add_to_cart_link_describedby_25898\" class=\"screen-reader-text\">\n\t\t\t<\/span>\n\t\t\t\t\t\t\t\t\t\t\t\t\t\t\t\t\t\t\t\t<\/div>\n\t\t\t\t<div class=\"wrap-quickview-button\"><\/div>\n\t\t\t<\/div>\n\n\t\t\t\t\t\t\n\t\t\t\t\t<\/div>\n\t<\/div>\n<\/div>\n<\/div>\n<div class=\"wd-product wd-hover-base wd-hover-with-fade wd-col product-grid-item product product-no-swatches type-product post-24841 status-publish instock product_cat-attivita product_cat-escursioni product_cat-geoturismo product_cat-terceira-it product_cat-tutte-le-isole product_cat-visite-guidate product_tag-isoladiterceira has-post-thumbnail virtual sold-individually taxable purchasable product-type-phive_booking\" data-loop=\"7\" data-id=\"24841\">\n\t\n\t\n<div class=\"product-wrapper\">\n\t<div class=\"content-product-imagin\"><\/div>\n\t<div class=\"product-element-top wd-quick-shop\">\n\t\t<a href=\"https:\/\/guidetotheazores.pt\/it\/prodotto\/giornata-intera-sentiero-escursionistico-rocha-do-chambre-con-picnic-biscoitos-pico-matias-simao\/\" class=\"product-image-link\" tabindex=\"-1\" aria-label=\"Giornata intera: Sentiero escursionistico Rocha do Chambre con picnic + Biscoitos + Pico Matias Sim\u00e3o\">\n\t\t\t<img decoding=\"async\" width=\"300\" height=\"225\" src=\"https:\/\/guidetotheazores.pt\/wp-content\/uploads\/2025\/08\/1_Foto-Capa_-Rocha-do-Chambre-300x225.jpg\" class=\"attachment-woocommerce_thumbnail size-woocommerce_thumbnail\" alt=\"\" srcset=\"https:\/\/guidetotheazores.pt\/wp-content\/uploads\/2025\/08\/1_Foto-Capa_-Rocha-do-Chambre-300x225.jpg 300w, https:\/\/guidetotheazores.pt\/wp-content\/uploads\/2025\/08\/1_Foto-Capa_-Rocha-do-Chambre-600x450.jpg 600w\" sizes=\"(max-width: 300px) 100vw, 300px\">\t\t<\/a>\n\n\t\t\t\t\t<div class=\"hover-img\">\n\t\t\t\t<img decoding=\"async\" width=\"300\" height=\"225\" src=\"https:\/\/guidetotheazores.pt\/wp-content\/uploads\/2025\/08\/2-Rocha-do-Chambre-300x225.jpg\" class=\"attachment-woocommerce_thumbnail size-woocommerce_thumbnail\" alt=\"\" srcset=\"https:\/\/guidetotheazores.pt\/wp-content\/uploads\/2025\/08\/2-Rocha-do-Chambre-300x225.jpg 300w, https:\/\/guidetotheazores.pt\/wp-content\/uploads\/2025\/08\/2-Rocha-do-Chambre-600x450.jpg 600w\" sizes=\"(max-width: 300px) 100vw, 300px\">\t\t\t<\/div>\n\t\t\t\n\t\t<div class=\"wrapp-swatches\"><\/div>\n\t<\/div>\n\n\t<div class=\"product-element-bottom product-information\">\n\t\t<h3 class=\"wd-entities-title\"><a href=\"https:\/\/guidetotheazores.pt\/it\/prodotto\/giornata-intera-sentiero-escursionistico-rocha-do-chambre-con-picnic-biscoitos-pico-matias-simao\/\">Giornata intera: Sentiero escursionistico Rocha do Chambre con picnic + Biscoitos + Pico Matias Sim\u00e3o<\/a><\/h3>\t\t\t\t<div class=\"product-rating-price\">\n\t\t\t<div class=\"wrapp-product-price\">\n\t\t\t\t\n\t<span class=\"price\"><span class=\"woocommerce-Price-amount amount\"><bdi><span class=\"woocommerce-Price-currencySymbol\">&euro;<\/span>59.00<\/bdi><\/span><\/span>\n        <\/a>\n                            <span class=\"details\">\n                        <a href=\"https:\/\/guidetotheazores.pt\/it\/partner\/azores-on-route\/\">Azores On Route<\/a>                    <\/span>\n            \t\t\t\t\t\t\t<\/div>\n\t\t<\/div>\n\t\t\t\t<div class=\"fade-in-block wd-scroll\">\n\t\t\t<div class=\"hover-content wd-more-desc\">\n\t\t\t\t<div class=\"hover-content-inner wd-more-desc-inner\">\n\t\t\t\t\tLasciati incantare da uno dei sentieri pi\u00f9 belli dell'isola. Goditi le piscine naturali di Biscoitos. Sali in cima al Pico Matias Sim\u00e3o.  \t\t\t\t<\/div>\n\t\t\t\t<a href=\"#\" rel=\"nofollow\" class=\"wd-more-desc-btn\" aria-label=\"Read more description\"><\/a>\n\t\t\t<\/div>\n\t\t\t<div class=\" wd-bottom-actions\">\n\t\t\t\t<div class=\"wrap-wishlist-button\"><\/div>\n\t\t\t\t<div class=\"wd-add-btn wd-add-btn-replace\">\n\t\t\t\t\t<a href=\"https:\/\/guidetotheazores.pt\/it\/prodotto\/giornata-intera-sentiero-escursionistico-rocha-do-chambre-con-picnic-biscoitos-pico-matias-simao\/\" aria-describedby=\"woocommerce_loop_add_to_cart_link_describedby_24841\" data-quantity=\"1\" class=\"button product_type_phive_booking add_to_cart_button add-to-cart-loop\" data-product_id=\"24841\" data-product_sku=\"\" aria-label=\"Leggi di pi\u00f9 su &quot;Giornata intera: Sentiero escursionistico Rocha do Chambre con picnic + Biscoitos + Pico Matias Sim\u00e3o&quot;\" rel=\"nofollow\"><span>Prenota Ora<\/span><\/a>\t<span id=\"woocommerce_loop_add_to_cart_link_describedby_24841\" class=\"screen-reader-text\">\n\t\t\t<\/span>\n\t\t\t\t\t\t\t\t\t\t\t\t\t\t\t\t\t\t\t\t<\/div>\n\t\t\t\t<div class=\"wrap-quickview-button\"><\/div>\n\t\t\t<\/div>\n\n\t\t\t\t\t\t\n\t\t\t\t\t<\/div>\n\t<\/div>\n<\/div>\n<\/div>\n<\/div>\n<\/div><\/div>\t\t\t\t<\/div>\n\t\t\t\t<\/div>\n\t\t\t\t\t<\/div>\n\t\t<\/div>\n\t\t\t\t\t<\/div>\n\t\t<\/section>\n\t\t\t\t<section class=\"wd-negative-gap elementor-section elementor-top-section elementor-element elementor-element-6087852 elementor-section-boxed elementor-section-height-default elementor-section-height-default\" data-id=\"6087852\" data-element_type=\"section\" data-e-type=\"section\">\n\t\t\t\t\t\t<div class=\"elementor-container elementor-column-gap-default\">\n\t\t\t\t\t<div class=\"elementor-column elementor-col-100 elementor-top-column elementor-element elementor-element-53b83c0\" data-id=\"53b83c0\" data-element_type=\"column\" data-e-type=\"column\">\n\t\t\t<div class=\"elementor-widget-wrap elementor-element-populated\">\n\t\t\t\t\t\t<div class=\"elementor-element elementor-element-e1ba0bd elementor-widget elementor-widget-wd_text_block\" data-id=\"e1ba0bd\" data-element_type=\"widget\" data-e-type=\"widget\" data-widget_type=\"wd_text_block.default\">\n\t\t\t\t<div class=\"elementor-widget-container\">\n\t\t\t\t\t\t\t<div class=\"wd-text-block reset-last-child text-left\">\n\t\t\t\n\t\t\t<p> <\/p><hr><h3> <b style=\"font-size: 22px; color: var(--wd-title-color); text-transform: var(--wd-title-transform); text-align: var(--text-align); background-color: var(--wd-main-bgcolor);\">S\u00e3o Miguel<\/b><\/h3><ul><li><h4>Sete Cidades<\/h4><\/li><\/ul><div id=\"attachment_5728\" style=\"width: 810px\" class=\"wp-caption aligncenter\"><img decoding=\"async\" aria-describedby=\"caption-attachment-5728\" class=\" wd-lazy-fade wp-image-5728\" src=\"https:\/\/guidetotheazores.pt\/wp-content\/themes\/woodmart\/images\/lazy.svg\" data-src=\"https:\/\/guidetotheazores.pt\/wp-content\/uploads\/2020\/02\/sete-citades-Azores-Sao-Miguel.jpg\" alt=\"Sete Cidades - S\u00e3o MIguel - Azzorre\" width=\"800\" height=\"533\" srcset=\"\" data-srcset=\"https:\/\/guidetotheazores.pt\/wp-content\/uploads\/2020\/02\/sete-citades-Azores-Sao-Miguel.jpg 640w, https:\/\/guidetotheazores.pt\/wp-content\/uploads\/2020\/02\/sete-citades-Azores-Sao-Miguel-300x200.jpg 300w, https:\/\/guidetotheazores.pt\/wp-content\/uploads\/2020\/02\/sete-citades-Azores-Sao-Miguel-180x120.jpg 180w, https:\/\/guidetotheazores.pt\/wp-content\/uploads\/2020\/02\/sete-citades-Azores-Sao-Miguel-561x373.jpg 561w, https:\/\/guidetotheazores.pt\/wp-content\/uploads\/2020\/02\/sete-citades-Azores-Sao-Miguel-364x242.jpg 364w, https:\/\/guidetotheazores.pt\/wp-content\/uploads\/2020\/02\/sete-citades-Azores-Sao-Miguel-608x405.jpg 608w, https:\/\/guidetotheazores.pt\/wp-content\/uploads\/2020\/02\/sete-citades-Azores-Sao-Miguel-313x208.jpg 313w, https:\/\/guidetotheazores.pt\/wp-content\/uploads\/2020\/02\/sete-citades-Azores-Sao-Miguel-600x399.jpg 600w\" sizes=\"(max-width: 800px) 100vw, 800px\" \/><p id=\"caption-attachment-5728\" class=\"wp-caption-text\">Paesaggio di fama mondiale di Sete Cidades a S\u00e3o Miguel<\/p><\/div><ul><li><h4>Lagoa do Fogo<\/h4><\/li><\/ul><div id=\"attachment_5366\" style=\"width: 810px\" class=\"wp-caption aligncenter\"><img decoding=\"async\" aria-describedby=\"caption-attachment-5366\" class=\" wd-lazy-fade wp-image-5366\" src=\"https:\/\/guidetotheazores.pt\/wp-content\/themes\/woodmart\/images\/lazy.svg\" data-src=\"https:\/\/guidetotheazores.pt\/wp-content\/uploads\/2020\/01\/sao_miguel-2.jpg\" alt=\"Lagoa do Fogo - S\u00e3o Miguel - Azzorre\" width=\"800\" height=\"443\" srcset=\"\" data-srcset=\"https:\/\/guidetotheazores.pt\/wp-content\/uploads\/2020\/01\/sao_miguel-2.jpg 730w, https:\/\/guidetotheazores.pt\/wp-content\/uploads\/2020\/01\/sao_miguel-2-600x332.jpg 600w, https:\/\/guidetotheazores.pt\/wp-content\/uploads\/2020\/01\/sao_miguel-2-300x166.jpg 300w, https:\/\/guidetotheazores.pt\/wp-content\/uploads\/2020\/01\/sao_miguel-2-728x404.jpg 728w, https:\/\/guidetotheazores.pt\/wp-content\/uploads\/2020\/01\/sao_miguel-2-561x310.jpg 561w, https:\/\/guidetotheazores.pt\/wp-content\/uploads\/2020\/01\/sao_miguel-2-364x201.jpg 364w, https:\/\/guidetotheazores.pt\/wp-content\/uploads\/2020\/01\/sao_miguel-2-608x336.jpg 608w, https:\/\/guidetotheazores.pt\/wp-content\/uploads\/2020\/01\/sao_miguel-2-313x173.jpg 313w\" sizes=\"(max-width: 800px) 100vw, 800px\" \/><p id=\"caption-attachment-5366\" class=\"wp-caption-text\">Un lago craterico che sembra sospeso sull'Oceano<\/p><\/div><ul><li><h4>Furnas<\/h4><\/li><\/ul><div id=\"attachment_5879\" style=\"width: 810px\" class=\"wp-caption aligncenter\"><img decoding=\"async\" aria-describedby=\"caption-attachment-5879\" class=\" wd-lazy-fade wp-image-5879\" src=\"https:\/\/guidetotheazores.pt\/wp-content\/themes\/woodmart\/images\/lazy.svg\" data-src=\"https:\/\/guidetotheazores.pt\/wp-content\/uploads\/2020\/02\/Thermal-baths-Furnas-Azores-1.jpg\" alt=\"Terme di Furnas Azzorre\" width=\"800\" height=\"600\" srcset=\"\" data-srcset=\"https:\/\/guidetotheazores.pt\/wp-content\/uploads\/2020\/02\/Thermal-baths-Furnas-Azores-1.jpg 960w, https:\/\/guidetotheazores.pt\/wp-content\/uploads\/2020\/02\/Thermal-baths-Furnas-Azores-1-300x225.jpg 300w, https:\/\/guidetotheazores.pt\/wp-content\/uploads\/2020\/02\/Thermal-baths-Furnas-Azores-1-768x576.jpg 768w, https:\/\/guidetotheazores.pt\/wp-content\/uploads\/2020\/02\/Thermal-baths-Furnas-Azores-1-192x144.jpg 192w, https:\/\/guidetotheazores.pt\/wp-content\/uploads\/2020\/02\/Thermal-baths-Furnas-Azores-1-384x288.jpg 384w, https:\/\/guidetotheazores.pt\/wp-content\/uploads\/2020\/02\/Thermal-baths-Furnas-Azores-1-90x67.jpg 90w, https:\/\/guidetotheazores.pt\/wp-content\/uploads\/2020\/02\/Thermal-baths-Furnas-Azores-1-180x135.jpg 180w, https:\/\/guidetotheazores.pt\/wp-content\/uploads\/2020\/02\/Thermal-baths-Furnas-Azores-1-561x421.jpg 561w, https:\/\/guidetotheazores.pt\/wp-content\/uploads\/2020\/02\/Thermal-baths-Furnas-Azores-1-364x273.jpg 364w, https:\/\/guidetotheazores.pt\/wp-content\/uploads\/2020\/02\/Thermal-baths-Furnas-Azores-1-728x546.jpg 728w, https:\/\/guidetotheazores.pt\/wp-content\/uploads\/2020\/02\/Thermal-baths-Furnas-Azores-1-608x456.jpg 608w, https:\/\/guidetotheazores.pt\/wp-content\/uploads\/2020\/02\/Thermal-baths-Furnas-Azores-1-758x569.jpg 758w, https:\/\/guidetotheazores.pt\/wp-content\/uploads\/2020\/02\/Thermal-baths-Furnas-Azores-1-313x235.jpg 313w, https:\/\/guidetotheazores.pt\/wp-content\/uploads\/2020\/02\/Thermal-baths-Furnas-Azores-1-600x450.jpg 600w\" sizes=\"(max-width: 800px) 100vw, 800px\" \/><p id=\"caption-attachment-5879\" class=\"wp-caption-text\">Le migliori acque termali delle Azzorre, prendete una tazza di t\u00e8 mentre vi rilassate circondati da una natura lussureggiante<\/p><\/div><ul><li><h4>Piantagioni di t\u00e8<\/h4><\/li><\/ul><div id=\"attachment_5884\" style=\"width: 810px\" class=\"wp-caption aligncenter\"><img decoding=\"async\" aria-describedby=\"caption-attachment-5884\" class=\" wd-lazy-fade wp-image-5884\" src=\"https:\/\/guidetotheazores.pt\/wp-content\/themes\/woodmart\/images\/lazy.svg\" data-src=\"https:\/\/guidetotheazores.pt\/wp-content\/uploads\/2020\/02\/tea-plantation-Azores-2.jpg\" alt=\"Piantagione di t\u00e8 - S\u00e3o MIguel - Azzorre\" width=\"800\" height=\"535\" srcset=\"\" data-srcset=\"https:\/\/guidetotheazores.pt\/wp-content\/uploads\/2020\/02\/tea-plantation-Azores-2.jpg 640w, https:\/\/guidetotheazores.pt\/wp-content\/uploads\/2020\/02\/tea-plantation-Azores-2-300x201.jpg 300w, https:\/\/guidetotheazores.pt\/wp-content\/uploads\/2020\/02\/tea-plantation-Azores-2-180x120.jpg 180w, https:\/\/guidetotheazores.pt\/wp-content\/uploads\/2020\/02\/tea-plantation-Azores-2-561x375.jpg 561w, https:\/\/guidetotheazores.pt\/wp-content\/uploads\/2020\/02\/tea-plantation-Azores-2-364x243.jpg 364w, https:\/\/guidetotheazores.pt\/wp-content\/uploads\/2020\/02\/tea-plantation-Azores-2-608x407.jpg 608w, https:\/\/guidetotheazores.pt\/wp-content\/uploads\/2020\/02\/tea-plantation-Azores-2-313x209.jpg 313w, https:\/\/guidetotheazores.pt\/wp-content\/uploads\/2020\/02\/tea-plantation-Azores-2-600x401.jpg 600w\" sizes=\"(max-width: 800px) 100vw, 800px\" \/><p id=\"caption-attachment-5884\" class=\"wp-caption-text\">L'unico posto in Europa dove il t\u00e8 cresce felice e delizioso<\/p><\/div><h3><span style=\"color: #7a7a7a;\"><span style=\"font-size: 16px;\">In termini di numero di attrazioni e meraviglie naturali, S\u00e3o Miguel pu\u00f2 certamente essere considerata la migliore isola delle Azzorre da visitare, ma per lo stesso motivo \u00e8 anche la pi\u00f9 affollata, soprattutto in estate.  <\/span><\/span><\/h3>\n\t\t\t\t\t<\/div>\n\t\t\t\t\t\t<\/div>\n\t\t\t\t<\/div>\n\t\t\t\t<div class=\"facetwp-template facetwp-elementor-widget elementor-element elementor-element-38bec02 elementor-grid-3 elementor-grid-tablet-3 elementor-grid-mobile-2 elementor-products-grid elementor-wc-products elementor-widget elementor-widget-woocommerce-products\" data-id=\"38bec02\" data-element_type=\"widget\" data-e-type=\"widget\" data-widget_type=\"woocommerce-products.default\">\n\t\t\t\t<div class=\"elementor-widget-container\">\n\t\t\t\t\t<div class=\"woocommerce columns-3 \"><div class=\"wd-products-element\">\t\t\t<div class=\"wd-sticky-loader wd-content-loader\"><span class=\"wd-loader\"><\/span><\/div>\n\t\t\n<div class=\"products wd-products wd-grid-g grid-columns-4 elements-grid pagination-infinit title-line-two\" data-source=\"main_loop\" data-min_price=\"\" data-max_price=\"\" data-columns=\"4\" style=\"--wd-col-lg:4;--wd-col-md:4;--wd-col-sm:2;--wd-gap-lg:20px;--wd-gap-sm:10px;\">\n<div class=\"wd-product wd-hover-base wd-hover-with-fade wd-col product-grid-item product product-no-swatches type-product post-24213 status-publish last instock product_cat-attivita product_cat-sao-miguel-it product_cat-tutte-le-isole product_cat-visite-guidate product_tag-isoladisanmiguel has-post-thumbnail taxable shipping-taxable product-type-external\" data-loop=\"8\" data-id=\"24213\">\n\t\n\t\n<div class=\"product-wrapper\">\n\t<div class=\"content-product-imagin\"><\/div>\n\t<div class=\"product-element-top wd-quick-shop\">\n\t\t<a href=\"https:\/\/guidetotheazores.pt\/it\/prodotto\/tour-a-piedi-della-citta-di-ponta-delgada\/\" class=\"product-image-link\" tabindex=\"-1\" aria-label=\"Tour a piedi della citt\u00e0 di Ponta Delgada\">\n\t\t\t<img decoding=\"async\" width=\"300\" height=\"225\" src=\"https:\/\/guidetotheazores.pt\/wp-content\/uploads\/2026\/05\/Flow-Tours-Walking-Ponta-Delgada-Tour-Guide-to-the-Azores-300x225.webp\" class=\"attachment-woocommerce_thumbnail size-woocommerce_thumbnail\" alt=\"Flow Tours - Tour a piedi di Ponta Delgada - Guida alle Azzorre\" \/>\t\t<\/a>\n\n\t\t\t\t\t<div class=\"hover-img\">\n\t\t\t\t<img decoding=\"async\" width=\"300\" height=\"225\" src=\"https:\/\/guidetotheazores.pt\/wp-content\/uploads\/2026\/05\/Flow-Tours-Walking-Ponta-Delgada-Tour-Guide-to-the-Azores-300x225.webp\" class=\"attachment-woocommerce_thumbnail size-woocommerce_thumbnail\" alt=\"Flow Tours - Tour a piedi di Ponta Delgada - Guida alle Azzorre\" \/>\t\t\t<\/div>\n\t\t\t\n\t\t<div class=\"wrapp-swatches\"><\/div>\n\t<\/div>\n\n\t<div class=\"product-element-bottom product-information\">\n\t\t<h3 class=\"wd-entities-title\"><a href=\"https:\/\/guidetotheazores.pt\/it\/prodotto\/tour-a-piedi-della-citta-di-ponta-delgada\/\">Tour a piedi della citt\u00e0 di Ponta Delgada<\/a><\/h3>\t\t\t\t<div class=\"product-rating-price\">\n\t\t\t<div class=\"wrapp-product-price\">\n\t\t\t\t\n        <\/a>\n                            <span class=\"details\">\n                        <a href=\"https:\/\/guidetotheazores.pt\/it\/partner\/flow-tours\/\">Flow Tours<\/a>                    <\/span>\n            \t\t\t\t\t\t\t<\/div>\n\t\t<\/div>\n\t\t\t\t<div class=\"fade-in-block wd-scroll\">\n\t\t\t<div class=\"hover-content wd-more-desc\">\n\t\t\t\t<div class=\"hover-content-inner wd-more-desc-inner\">\n\t\t\t\t\tEntra nella storia della nostra citt\u00e0. Questo tour intimo a piedi ti porta al di l\u00e0 delle guide e nei vicoli acciottolati e negli angoli storici dove vivono le leggende. Guidato da un esperto del posto, ascolterai i racconti dei secoli passati, scoprirai le meraviglie architettoniche nascoste in bella vista e sentirai il ritmo vibrante della vita quotidiana. \u00c8 pi\u00f9 di un tour: \u00e8 una connessione autentica con l'anima della citt\u00e0.   \n&nbsp;\n\n<script src=\"https:\/\/fareharbor.com\/embeds\/script\/calendar\/flowtours\/items\/645510\/?asn=fhdn-eur&amp;asn-ref=guidetotheazores&amp;ref=guidetotheazores&amp;bookable-only=yes&amp;full-items=yes&amp;marketplace=yes&amp;flow=no&amp;branding=no\"><\/script>\n\nDurata - 3 ore\nPunto d'incontro - Porte della citt\u00e0 di Ponta Delgada\nGruppo - 20 persone\t\t\t\t<\/div>\n\t\t\t\t<a href=\"#\" rel=\"nofollow\" class=\"wd-more-desc-btn\" aria-label=\"Read more description\"><\/a>\n\t\t\t<\/div>\n\t\t\t<div class=\" wd-bottom-actions\">\n\t\t\t\t<div class=\"wrap-wishlist-button\"><\/div>\n\t\t\t\t<div class=\"wd-add-btn wd-add-btn-replace\">\n\t\t\t\t\t<a href=\"\" aria-describedby=\"woocommerce_loop_add_to_cart_link_describedby_24213\" data-quantity=\"1\" class=\"button product_type_external add-to-cart-loop\" data-product_id=\"24213\" data-product_sku=\"\" aria-label=\"Compra &ldquo;Tour a piedi della citt\u00e0 di Ponta Delgada&rdquo;\" rel=\"nofollow\"><span>Acquista prodotto<\/span><\/a>\t<span id=\"woocommerce_loop_add_to_cart_link_describedby_24213\" class=\"screen-reader-text\">\n\t\t\t<\/span>\n\t\t\t\t\t\t\t\t\t\t\t\t\t\t\t\t\t\t\t\t<\/div>\n\t\t\t\t<div class=\"wrap-quickview-button\"><\/div>\n\t\t\t<\/div>\n\n\t\t\t\t\t\t\n\t\t\t\t\t<\/div>\n\t<\/div>\n<\/div>\n<\/div>\n<div class=\"wd-product wd-hover-base wd-hover-with-fade wd-col product-grid-item product product-no-swatches type-product post-24821 status-publish first instock product_cat-attivita product_cat-sao-miguel-it product_cat-tutte-le-isole product_cat-vela product_tag-isoladisanmiguel has-post-thumbnail taxable shipping-taxable product-type-external\" data-loop=\"9\" data-id=\"24821\">\n\t\n\t\n<div class=\"product-wrapper\">\n\t<div class=\"content-product-imagin\"><\/div>\n\t<div class=\"product-element-top wd-quick-shop\">\n\t\t<a href=\"https:\/\/guidetotheazores.pt\/it\/prodotto\/tour-vip-di-una-giornata-intera\/\" class=\"product-image-link\" tabindex=\"-1\" aria-label=\"Tour VIP di una giornata intera\">\n\t\t\t<img decoding=\"async\" width=\"300\" height=\"225\" src=\"https:\/\/guidetotheazores.pt\/wp-content\/uploads\/2026\/05\/Full-Day-VIP-Tour-Sail4Sailing-Guidetotheazores-300x225.webp\" class=\"attachment-woocommerce_thumbnail size-woocommerce_thumbnail\" alt=\"Tour VIP di una giornata intera-Sail4Sailing-Guidetotheazores\" \/>\t\t<\/a>\n\n\t\t\t\t\t<div class=\"hover-img\">\n\t\t\t\t<img decoding=\"async\" width=\"300\" height=\"225\" src=\"https:\/\/guidetotheazores.pt\/wp-content\/uploads\/2026\/05\/Full-Day-VIP-Tour-Sail4Sailing-Guidetotheazores-1-300x225.jpg\" class=\"attachment-woocommerce_thumbnail size-woocommerce_thumbnail\" alt=\"Tour VIP di una giornata intera-Sail4Sailing-Guidetotheazores\" \/>\t\t\t<\/div>\n\t\t\t\n\t\t<div class=\"wrapp-swatches\"><\/div>\n\t<\/div>\n\n\t<div class=\"product-element-bottom product-information\">\n\t\t<h3 class=\"wd-entities-title\"><a href=\"https:\/\/guidetotheazores.pt\/it\/prodotto\/tour-vip-di-una-giornata-intera\/\">Tour VIP di una giornata intera<\/a><\/h3>\t\t\t\t<div class=\"product-rating-price\">\n\t\t\t<div class=\"wrapp-product-price\">\n\t\t\t\t\n        <\/a>\n                            <span class=\"details\">\n                        <a href=\"https:\/\/guidetotheazores.pt\/it\/partner\/sail4sailing\/\">Sail4Sailing<\/a>                    <\/span>\n            \t\t\t\t\t\t\t<\/div>\n\t\t<\/div>\n\t\t\t\t<div class=\"fade-in-block wd-scroll\">\n\t\t\t<div class=\"hover-content wd-more-desc\">\n\t\t\t\t<div class=\"hover-content-inner wd-more-desc-inner\">\n\t\t\t\t\tUna splendida gita in barca che copre circa 22 miglia nautiche.\n\nViaggio di ritorno all'isolotto di Vila Franca. Goditi la nostra fantastica costa e ammira il paesaggio da una prospettiva diversa. Durante il viaggio di ritorno, ancoreremo in una delle nostre baie per permetterti di fare un tuffo nel nostro splendido mare.  \n\n<script src=\"https:\/\/fareharbor.com\/embeds\/script\/calendar\/sail4sailing\/items\/472777\/?asn=fhdn-eur&amp;asn-ref=guidetotheazores&amp;ref=guidetotheazores&amp;bookable-only=yes&amp;full-items=yes&amp;marketplace=yes&amp;flow=no&amp;branding=no\"><\/script>\n\nDurata: 8 ore\n\nMax 4 persone\n\nPunto d'incontro: Marina - Portas do Mar - Ponta Delgada\n\n&nbsp;\t\t\t\t<\/div>\n\t\t\t\t<a href=\"#\" rel=\"nofollow\" class=\"wd-more-desc-btn\" aria-label=\"Read more description\"><\/a>\n\t\t\t<\/div>\n\t\t\t<div class=\" wd-bottom-actions\">\n\t\t\t\t<div class=\"wrap-wishlist-button\"><\/div>\n\t\t\t\t<div class=\"wd-add-btn wd-add-btn-replace\">\n\t\t\t\t\t<a href=\"\" aria-describedby=\"woocommerce_loop_add_to_cart_link_describedby_24821\" data-quantity=\"1\" class=\"button product_type_external add-to-cart-loop\" data-product_id=\"24821\" data-product_sku=\"\" aria-label=\"Compra &ldquo;Tour VIP di una giornata intera&rdquo;\" rel=\"nofollow\"><span>Acquista prodotto<\/span><\/a>\t<span id=\"woocommerce_loop_add_to_cart_link_describedby_24821\" class=\"screen-reader-text\">\n\t\t\t<\/span>\n\t\t\t\t\t\t\t\t\t\t\t\t\t\t\t\t\t\t\t\t<\/div>\n\t\t\t\t<div class=\"wrap-quickview-button\"><\/div>\n\t\t\t<\/div>\n\n\t\t\t\t\t\t\n\t\t\t\t\t<\/div>\n\t<\/div>\n<\/div>\n<\/div>\n<div class=\"wd-product wd-hover-base wd-hover-with-fade wd-col product-grid-item product product-no-swatches type-product post-25344 status-publish instock product_cat-attivita product_cat-sao-miguel-it product_cat-tutte-le-isole product_cat-visite-guidate product_tag-isoladisanmiguel has-post-thumbnail taxable shipping-taxable product-type-external\" data-loop=\"10\" data-id=\"25344\">\n\t\n\t\n<div class=\"product-wrapper\">\n\t<div class=\"content-product-imagin\"><\/div>\n\t<div class=\"product-element-top wd-quick-shop\">\n\t\t<a href=\"https:\/\/guidetotheazores.pt\/it\/prodotto\/esperienza-notturna-di-furnas\/\" class=\"product-image-link\" tabindex=\"-1\" aria-label=\"Esperienza notturna di Furnas\">\n\t\t\t<img decoding=\"async\" width=\"300\" height=\"225\" src=\"https:\/\/guidetotheazores.pt\/wp-content\/uploads\/2026\/05\/Furnas-Night-Experience_Into-the-Wild-Guidetotheazores-300x225.webp\" class=\"attachment-woocommerce_thumbnail size-woocommerce_thumbnail\" alt=\"Esperienza notturna di Furnas_Into the Wild-Guidetotheazores\" \/>\t\t<\/a>\n\n\t\t\t\t\t<div class=\"hover-img\">\n\t\t\t\t<img decoding=\"async\" width=\"300\" height=\"225\" src=\"https:\/\/guidetotheazores.pt\/wp-content\/uploads\/2026\/05\/Furnas-Night-Experience_Into-the-Wild-Guidetotheazores-300x225.webp\" class=\"attachment-woocommerce_thumbnail size-woocommerce_thumbnail\" alt=\"Esperienza notturna di Furnas_Into the Wild-Guidetotheazores\" \/>\t\t\t<\/div>\n\t\t\t\n\t\t<div class=\"wrapp-swatches\"><\/div>\n\t<\/div>\n\n\t<div class=\"product-element-bottom product-information\">\n\t\t<h3 class=\"wd-entities-title\"><a href=\"https:\/\/guidetotheazores.pt\/it\/prodotto\/esperienza-notturna-di-furnas\/\">Esperienza notturna di Furnas<\/a><\/h3>\t\t\t\t<div class=\"product-rating-price\">\n\t\t\t<div class=\"wrapp-product-price\">\n\t\t\t\t\n        <\/a>\n                            <span class=\"details\">\n                        <a href=\"https:\/\/guidetotheazores.pt\/it\/partner\/into-the-wild-azores\/\">Into the Wild Azores<\/a>                    <\/span>\n            \t\t\t\t\t\t\t<\/div>\n\t\t<\/div>\n\t\t\t\t<div class=\"fade-in-block wd-scroll\">\n\t\t\t<div class=\"hover-content wd-more-desc\">\n\t\t\t\t<div class=\"hover-content-inner wd-more-desc-inner\">\n\t\t\t\t\tAssisti e immergi il tuo corpo nelle sorgenti calde geotermiche della Furnas Valley di notte, durante una sorta di incantevole avventura romantica sotto le stelle.\n\n<script src=\"https:\/\/fareharbor.com\/embeds\/script\/calendar\/intothewildazorestours\/items\/124749\/?asn=fhdn-eur&amp;asn-ref=guidetotheazores&amp;ref=guidetotheazores&amp;bookable-only=yes&amp;full-items=yes&amp;marketplace=yes&amp;flow=no&amp;branding=no\"><\/script>\n<div class=\"flex items-start gap-4 mb-4 last:mb-0\" data-v-a5b16f77=\"\">\n<div class=\"min-w-0 flex-1\"><span class=\"fh-text fh-text--body-sm fh-text--medium\" data-v-3872b9c5=\"\">Durata: <\/span>6 h \/ 6h 30<\/div>\n<\/div>\n<div class=\"flex items-start gap-4 mb-4 last:mb-0\" data-v-a5b16f77=\"\">\n<div class=\"mt-1 shrink-0\"><\/div>\n<div class=\"min-w-0 flex-1\"><span class=\"fh-text fh-text--body-sm fh-text--medium\" data-v-3872b9c5=\"\">Punto d'incontro: <\/span>Pick up presso l'hotel o qualsiasi altra struttura residenziale nei dintorni di Ponta Delgada.<\/div>\n<\/div>\t\t\t\t<\/div>\n\t\t\t\t<a href=\"#\" rel=\"nofollow\" class=\"wd-more-desc-btn\" aria-label=\"Read more description\"><\/a>\n\t\t\t<\/div>\n\t\t\t<div class=\" wd-bottom-actions\">\n\t\t\t\t<div class=\"wrap-wishlist-button\"><\/div>\n\t\t\t\t<div class=\"wd-add-btn wd-add-btn-replace\">\n\t\t\t\t\t<a href=\"\" aria-describedby=\"woocommerce_loop_add_to_cart_link_describedby_25344\" data-quantity=\"1\" class=\"button product_type_external add-to-cart-loop\" data-product_id=\"25344\" data-product_sku=\"\" aria-label=\"Compra &ldquo;Esperienza notturna di Furnas&rdquo;\" rel=\"nofollow\"><span>Acquista prodotto<\/span><\/a>\t<span id=\"woocommerce_loop_add_to_cart_link_describedby_25344\" class=\"screen-reader-text\">\n\t\t\t<\/span>\n\t\t\t\t\t\t\t\t\t\t\t\t\t\t\t\t\t\t\t\t<\/div>\n\t\t\t\t<div class=\"wrap-quickview-button\"><\/div>\n\t\t\t<\/div>\n\n\t\t\t\t\t\t\n\t\t\t\t\t<\/div>\n\t<\/div>\n<\/div>\n<\/div>\n<\/div>\n<\/div><\/div>\t\t\t\t<\/div>\n\t\t\t\t<\/div>\n\t\t\t\t\t<\/div>\n\t\t<\/div>\n\t\t\t\t\t<\/div>\n\t\t<\/section>\n\t\t\t\t<section class=\"wd-negative-gap elementor-section elementor-top-section elementor-element elementor-element-a97eb2e elementor-section-boxed elementor-section-height-default elementor-section-height-default\" data-id=\"a97eb2e\" data-element_type=\"section\" data-e-type=\"section\">\n\t\t\t\t\t\t<div class=\"elementor-container elementor-column-gap-default\">\n\t\t\t\t\t<div class=\"elementor-column elementor-col-100 elementor-top-column elementor-element elementor-element-52500c7\" data-id=\"52500c7\" data-element_type=\"column\" data-e-type=\"column\">\n\t\t\t<div class=\"elementor-widget-wrap elementor-element-populated\">\n\t\t\t\t\t\t<div class=\"elementor-element elementor-element-08b8815 elementor-widget elementor-widget-wd_text_block\" data-id=\"08b8815\" data-element_type=\"widget\" data-e-type=\"widget\" data-widget_type=\"wd_text_block.default\">\n\t\t\t\t<div class=\"elementor-widget-container\">\n\t\t\t\t\t\t\t<div class=\"wd-text-block reset-last-child text-left\">\n\t\t\t\n\t\t\t<p> <\/p><h3 class=\"p1\"><span class=\"s1\"><b>S\u00e3o Jorge<br><\/b><\/span><\/h3><ul><li><h4>Faj\u00e3 do Santo Cristo<\/h4><\/li><\/ul><div id=\"attachment_5410\" style=\"width: 810px\" class=\"wp-caption aligncenter\"><img decoding=\"async\" aria-describedby=\"caption-attachment-5410\" class=\" wd-lazy-fade wp-image-5410\" src=\"https:\/\/guidetotheazores.pt\/wp-content\/themes\/woodmart\/images\/lazy.svg\" data-src=\"https:\/\/guidetotheazores.pt\/wp-content\/uploads\/2020\/01\/Fajas-of-Sao-Jorge-Azores.jpg\" alt=\"Faj\u00e3 do Santo Cristo - S\u00e3o Jorge - Azzorre\" width=\"800\" height=\"600\" srcset=\"\" data-srcset=\"https:\/\/guidetotheazores.pt\/wp-content\/uploads\/2020\/01\/Fajas-of-Sao-Jorge-Azores.jpg 2016w, https:\/\/guidetotheazores.pt\/wp-content\/uploads\/2020\/01\/Fajas-of-Sao-Jorge-Azores-600x450.jpg 600w, https:\/\/guidetotheazores.pt\/wp-content\/uploads\/2020\/01\/Fajas-of-Sao-Jorge-Azores-300x225.jpg 300w, https:\/\/guidetotheazores.pt\/wp-content\/uploads\/2020\/01\/Fajas-of-Sao-Jorge-Azores-1024x768.jpg 1024w, https:\/\/guidetotheazores.pt\/wp-content\/uploads\/2020\/01\/Fajas-of-Sao-Jorge-Azores-768x576.jpg 768w, https:\/\/guidetotheazores.pt\/wp-content\/uploads\/2020\/01\/Fajas-of-Sao-Jorge-Azores-1536x1152.jpg 1536w, https:\/\/guidetotheazores.pt\/wp-content\/uploads\/2020\/01\/Fajas-of-Sao-Jorge-Azores-192x144.jpg 192w, https:\/\/guidetotheazores.pt\/wp-content\/uploads\/2020\/01\/Fajas-of-Sao-Jorge-Azores-384x288.jpg 384w, https:\/\/guidetotheazores.pt\/wp-content\/uploads\/2020\/01\/Fajas-of-Sao-Jorge-Azores-90x67.jpg 90w, https:\/\/guidetotheazores.pt\/wp-content\/uploads\/2020\/01\/Fajas-of-Sao-Jorge-Azores-180x135.jpg 180w, https:\/\/guidetotheazores.pt\/wp-content\/uploads\/2020\/01\/Fajas-of-Sao-Jorge-Azores-561x421.jpg 561w, https:\/\/guidetotheazores.pt\/wp-content\/uploads\/2020\/01\/Fajas-of-Sao-Jorge-Azores-1122x842.jpg 1122w, https:\/\/guidetotheazores.pt\/wp-content\/uploads\/2020\/01\/Fajas-of-Sao-Jorge-Azores-364x273.jpg 364w, https:\/\/guidetotheazores.pt\/wp-content\/uploads\/2020\/01\/Fajas-of-Sao-Jorge-Azores-728x546.jpg 728w, https:\/\/guidetotheazores.pt\/wp-content\/uploads\/2020\/01\/Fajas-of-Sao-Jorge-Azores-608x456.jpg 608w, https:\/\/guidetotheazores.pt\/wp-content\/uploads\/2020\/01\/Fajas-of-Sao-Jorge-Azores-758x569.jpg 758w, https:\/\/guidetotheazores.pt\/wp-content\/uploads\/2020\/01\/Fajas-of-Sao-Jorge-Azores-1152x864.jpg 1152w, https:\/\/guidetotheazores.pt\/wp-content\/uploads\/2020\/01\/Fajas-of-Sao-Jorge-Azores-313x235.jpg 313w\" sizes=\"(max-width: 800px) 100vw, 800px\" \/><p id=\"caption-attachment-5410\" class=\"wp-caption-text\">Ammirate la surreale Faj\u00e3 (colata lavica) di Santo Cristo a S\u00e3o Jorge<\/p><\/div><p>I \"Faj\u00e3s\" sono fondamentalmente colate laviche provenienti da antiche eruzioni che hanno creato nel corso dei millenni nuovi territori bassi che si protendono verso l'Oceano. Alcune di esse sono piuttosto grandi e su di esse sono sorti villaggi grazie al clima pi\u00f9 mite, alla posizione riparata e alle possibilit\u00e0 agricole. La Faj\u00e3 da Caldeira do Santo Cristo \u00e8 una delle pi\u00f9 famose, costituita in realt\u00e0 da due faj\u00e3 distinte, collegate da un sentiero che \u00e8 una bella escursione da fare. C'\u00e8 un bar vicino alle lagune create dalle tempeste in inverno ed \u00e8 un luogo magico per rilassarsi e passare il tempo ad esplorare.<\/p><ul><li><h4>Faj\u00e3 do Ouvidor<\/h4><\/li><\/ul><div id=\"attachment_5412\" style=\"width: 810px\" class=\"wp-caption aligncenter\"><img decoding=\"async\" aria-describedby=\"caption-attachment-5412\" class=\" wd-lazy-fade wp-image-5412\" src=\"https:\/\/guidetotheazores.pt\/wp-content\/themes\/woodmart\/images\/lazy.svg\" data-src=\"https:\/\/guidetotheazores.pt\/wp-content\/uploads\/2020\/01\/Fajas-Sao-Jorge-Azores.jpg\" alt=\"Faja do Ouvidor Sao Jorge Azzorre\" width=\"800\" height=\"600\" srcset=\"\" data-srcset=\"https:\/\/guidetotheazores.pt\/wp-content\/uploads\/2020\/01\/Fajas-Sao-Jorge-Azores.jpg 2016w, https:\/\/guidetotheazores.pt\/wp-content\/uploads\/2020\/01\/Fajas-Sao-Jorge-Azores-600x450.jpg 600w, https:\/\/guidetotheazores.pt\/wp-content\/uploads\/2020\/01\/Fajas-Sao-Jorge-Azores-300x225.jpg 300w, https:\/\/guidetotheazores.pt\/wp-content\/uploads\/2020\/01\/Fajas-Sao-Jorge-Azores-1024x768.jpg 1024w, https:\/\/guidetotheazores.pt\/wp-content\/uploads\/2020\/01\/Fajas-Sao-Jorge-Azores-768x576.jpg 768w, https:\/\/guidetotheazores.pt\/wp-content\/uploads\/2020\/01\/Fajas-Sao-Jorge-Azores-1536x1152.jpg 1536w, https:\/\/guidetotheazores.pt\/wp-content\/uploads\/2020\/01\/Fajas-Sao-Jorge-Azores-192x144.jpg 192w, https:\/\/guidetotheazores.pt\/wp-content\/uploads\/2020\/01\/Fajas-Sao-Jorge-Azores-384x288.jpg 384w, https:\/\/guidetotheazores.pt\/wp-content\/uploads\/2020\/01\/Fajas-Sao-Jorge-Azores-90x67.jpg 90w, https:\/\/guidetotheazores.pt\/wp-content\/uploads\/2020\/01\/Fajas-Sao-Jorge-Azores-180x135.jpg 180w, https:\/\/guidetotheazores.pt\/wp-content\/uploads\/2020\/01\/Fajas-Sao-Jorge-Azores-561x421.jpg 561w, https:\/\/guidetotheazores.pt\/wp-content\/uploads\/2020\/01\/Fajas-Sao-Jorge-Azores-1122x842.jpg 1122w, https:\/\/guidetotheazores.pt\/wp-content\/uploads\/2020\/01\/Fajas-Sao-Jorge-Azores-364x273.jpg 364w, https:\/\/guidetotheazores.pt\/wp-content\/uploads\/2020\/01\/Fajas-Sao-Jorge-Azores-728x546.jpg 728w, https:\/\/guidetotheazores.pt\/wp-content\/uploads\/2020\/01\/Fajas-Sao-Jorge-Azores-608x456.jpg 608w, https:\/\/guidetotheazores.pt\/wp-content\/uploads\/2020\/01\/Fajas-Sao-Jorge-Azores-758x569.jpg 758w, https:\/\/guidetotheazores.pt\/wp-content\/uploads\/2020\/01\/Fajas-Sao-Jorge-Azores-1152x864.jpg 1152w, https:\/\/guidetotheazores.pt\/wp-content\/uploads\/2020\/01\/Fajas-Sao-Jorge-Azores-313x235.jpg 313w\" sizes=\"(max-width: 800px) 100vw, 800px\" \/><p id=\"caption-attachment-5412\" class=\"wp-caption-text\">Un altro paesaggio da \"fine del mondo\" a Faj\u00e3 do Ouvidor<\/p><\/div><p>La F\u00e3ja do Ouvidor si presenta in modo spettacolare quando si percorre la stretta strada che vi conduce. Ci sono un paio di piscine naturali e un piccolo porto sul fondo, sicuramente un posto per godersi la tranquillit\u00e0 e le fantastiche viste di Graciosa e Terceira nelle giornate limpide.<\/p><ul><li><h4><a href=\"https:\/\/guidetotheazores.pt\/it\/tutte-le-5-isole-del-gruppo-centrale-in-un-colpo-solo\/\">Ponta dos Rosais<\/a><\/h4><\/li><\/ul><div id=\"attachment_7484\" style=\"width: 810px\" class=\"wp-caption aligncenter\"><img decoding=\"async\" aria-describedby=\"caption-attachment-7484\" class=\" wd-lazy-fade wp-image-7484\" src=\"https:\/\/guidetotheazores.pt\/wp-content\/themes\/woodmart\/images\/lazy.svg\" data-src=\"https:\/\/guidetotheazores.pt\/wp-content\/uploads\/2021\/12\/Sao-Jorge-for-Video.jpg\" alt=\"Ponta dos Rosais - Sao Jorge - Azzorre\" width=\"800\" height=\"438\" srcset=\"\" data-srcset=\"https:\/\/guidetotheazores.pt\/wp-content\/uploads\/2021\/12\/Sao-Jorge-for-Video.jpg 1280w, https:\/\/guidetotheazores.pt\/wp-content\/uploads\/2021\/12\/Sao-Jorge-for-Video-300x164.jpg 300w, https:\/\/guidetotheazores.pt\/wp-content\/uploads\/2021\/12\/Sao-Jorge-for-Video-1024x560.jpg 1024w, https:\/\/guidetotheazores.pt\/wp-content\/uploads\/2021\/12\/Sao-Jorge-for-Video-768x420.jpg 768w, https:\/\/guidetotheazores.pt\/wp-content\/uploads\/2021\/12\/Sao-Jorge-for-Video-561x307.jpg 561w, https:\/\/guidetotheazores.pt\/wp-content\/uploads\/2021\/12\/Sao-Jorge-for-Video-1122x614.jpg 1122w, https:\/\/guidetotheazores.pt\/wp-content\/uploads\/2021\/12\/Sao-Jorge-for-Video-265x145.jpg 265w, https:\/\/guidetotheazores.pt\/wp-content\/uploads\/2021\/12\/Sao-Jorge-for-Video-531x290.jpg 531w, https:\/\/guidetotheazores.pt\/wp-content\/uploads\/2021\/12\/Sao-Jorge-for-Video-364x199.jpg 364w, https:\/\/guidetotheazores.pt\/wp-content\/uploads\/2021\/12\/Sao-Jorge-for-Video-728x398.jpg 728w, https:\/\/guidetotheazores.pt\/wp-content\/uploads\/2021\/12\/Sao-Jorge-for-Video-608x333.jpg 608w, https:\/\/guidetotheazores.pt\/wp-content\/uploads\/2021\/12\/Sao-Jorge-for-Video-758x415.jpg 758w, https:\/\/guidetotheazores.pt\/wp-content\/uploads\/2021\/12\/Sao-Jorge-for-Video-1152x630.jpg 1152w, https:\/\/guidetotheazores.pt\/wp-content\/uploads\/2021\/12\/Sao-Jorge-for-Video-313x171.jpg 313w, https:\/\/guidetotheazores.pt\/wp-content\/uploads\/2021\/12\/Sao-Jorge-for-Video-600x328.jpg 600w, https:\/\/guidetotheazores.pt\/wp-content\/uploads\/2021\/12\/Sao-Jorge-for-Video-150x82.jpg 150w\" sizes=\"(max-width: 800px) 100vw, 800px\" \/><p id=\"caption-attachment-7484\" class=\"wp-caption-text\">Cinque isole delle Azzorre da un punto di vista spettacolare<\/p><\/div><p>Sulla punta occidentale di S\u00e3o Jorge, la spettacolare area intorno a Ponta dos Rosais offre una <a href=\"https:\/\/guidetotheazores.pt\/it\/tutte-le-5-isole-del-gruppo-centrale-in-un-colpo-solo\/\">vista impareggiabile<\/a> su tutte e cinque le isole del Gruppo Centrale delle Azzorre (S\u00e3o Jorge, Graciosa, Terceira, Pico e Faial). Oltre a questo, c'\u00e8 un faro ben conservato (operativo, non aperto al pubblico) e un'antica Vigia da Baleias (capanno per l'avvistamento delle balene) restaurata, che un tempo serviva ai balenieri per - avete indovinato - avvistare le balene di passaggio a scopo di caccia. Fortunatamente la caccia alle balene \u00e8 stata vietata da tempo, ma con un po' di fortuna \u00e8 possibile avvistarle con il telescopio in dotazione mentre girano libere per l'isola.<\/p><ul><li><h4><a href=\"https:\/\/guidetotheazores.pt\/it\/il-caffe-biologico-del-cafe-nunes-alla-faja-dos-vimes-di-sao-jorge\/\">Piantagione di caff\u00e8 Faj\u00e3 dos Vimes<\/a><\/h4><\/li><\/ul><div id=\"attachment_5167\" style=\"width: 810px\" class=\"wp-caption aligncenter\"><img decoding=\"async\" aria-describedby=\"caption-attachment-5167\" class=\" wd-lazy-fade wp-image-5167\" src=\"https:\/\/guidetotheazores.pt\/wp-content\/themes\/woodmart\/images\/lazy.svg\" data-src=\"https:\/\/guidetotheazores.pt\/wp-content\/uploads\/2020\/01\/Drying-Coffee-in-Faja-Dos-Vimes-Sao-Jorge.jpg\" alt=\"Essiccazione del caff\u00e8 nella Faja Dos Vimes - Sao Jorge\" width=\"800\" height=\"407\" srcset=\"\" data-srcset=\"https:\/\/guidetotheazores.pt\/wp-content\/uploads\/2020\/01\/Drying-Coffee-in-Faja-Dos-Vimes-Sao-Jorge.jpg 1440w, https:\/\/guidetotheazores.pt\/wp-content\/uploads\/2020\/01\/Drying-Coffee-in-Faja-Dos-Vimes-Sao-Jorge-600x305.jpg 600w, https:\/\/guidetotheazores.pt\/wp-content\/uploads\/2020\/01\/Drying-Coffee-in-Faja-Dos-Vimes-Sao-Jorge-300x153.jpg 300w, https:\/\/guidetotheazores.pt\/wp-content\/uploads\/2020\/01\/Drying-Coffee-in-Faja-Dos-Vimes-Sao-Jorge-1024x521.jpg 1024w, https:\/\/guidetotheazores.pt\/wp-content\/uploads\/2020\/01\/Drying-Coffee-in-Faja-Dos-Vimes-Sao-Jorge-768x390.jpg 768w, https:\/\/guidetotheazores.pt\/wp-content\/uploads\/2020\/01\/Drying-Coffee-in-Faja-Dos-Vimes-Sao-Jorge-561x285.jpg 561w, https:\/\/guidetotheazores.pt\/wp-content\/uploads\/2020\/01\/Drying-Coffee-in-Faja-Dos-Vimes-Sao-Jorge-1122x570.jpg 1122w, https:\/\/guidetotheazores.pt\/wp-content\/uploads\/2020\/01\/Drying-Coffee-in-Faja-Dos-Vimes-Sao-Jorge-364x185.jpg 364w, https:\/\/guidetotheazores.pt\/wp-content\/uploads\/2020\/01\/Drying-Coffee-in-Faja-Dos-Vimes-Sao-Jorge-728x370.jpg 728w, https:\/\/guidetotheazores.pt\/wp-content\/uploads\/2020\/01\/Drying-Coffee-in-Faja-Dos-Vimes-Sao-Jorge-608x309.jpg 608w, https:\/\/guidetotheazores.pt\/wp-content\/uploads\/2020\/01\/Drying-Coffee-in-Faja-Dos-Vimes-Sao-Jorge-758x385.jpg 758w, https:\/\/guidetotheazores.pt\/wp-content\/uploads\/2020\/01\/Drying-Coffee-in-Faja-Dos-Vimes-Sao-Jorge-1152x586.jpg 1152w, https:\/\/guidetotheazores.pt\/wp-content\/uploads\/2020\/01\/Drying-Coffee-in-Faja-Dos-Vimes-Sao-Jorge-313x159.jpg 313w\" sizes=\"(max-width: 800px) 100vw, 800px\" \/><p id=\"caption-attachment-5167\" class=\"wp-caption-text\">Chicchi di caff\u00e8 essiccati al sole al Caf\u00e9 Nunes di Faj\u00e3 dos Vimes<\/p><\/div><p>Tra le decine di Faj\u00e3 di S\u00e3o Jorge, la Faj\u00e3 dos Vimes ha una curiosa attrattiva da offrire ai viaggiatori. Nel Caf\u0113 Nunes si pu\u00f2 gustare un buon espresso fatto in casa dall'inizio alla fine. La caffetteria, a conduzione familiare, possiede molte piante di caff\u00e8 sul proprio terreno e l'intero processo di coltivazione, essiccazione e tostatura dei chicchi di caff\u00e8 viene effettuato in loco, rendendo cos\u00ec questo <a href=\"https:\/\/guidetotheazores.pt\/it\/il-caffe-biologico-del-cafe-nunes-alla-faja-dos-vimes-di-sao-jorge\/\">bar<\/a> davvero diverso in una posizione inaspettata.<\/p><p>Grazie a queste caratteristiche molto particolari, S\u00e3o Jorge potrebbe essere una delle candidate ad essere definita la migliore isola delle Azzorre, ed \u00e8 sicuramente una delle pi\u00f9 selvagge e aspre!  <\/p>\n\t\t\t\t\t<\/div>\n\t\t\t\t\t\t<\/div>\n\t\t\t\t<\/div>\n\t\t\t\t\t<\/div>\n\t\t<\/div>\n\t\t\t\t\t<\/div>\n\t\t<\/section>\n\t\t\t\t<section class=\"wd-negative-gap elementor-section elementor-top-section elementor-element elementor-element-146c699 elementor-section-boxed elementor-section-height-default elementor-section-height-default\" data-id=\"146c699\" data-element_type=\"section\" data-e-type=\"section\">\n\t\t\t\t\t\t<div class=\"elementor-container elementor-column-gap-default\">\n\t\t\t\t\t<div class=\"elementor-column elementor-col-100 elementor-top-column elementor-element elementor-element-0cab425\" data-id=\"0cab425\" data-element_type=\"column\" data-e-type=\"column\">\n\t\t\t<div class=\"elementor-widget-wrap elementor-element-populated\">\n\t\t\t\t\t\t<div class=\"elementor-element elementor-element-24b14c3 elementor-widget elementor-widget-wd_text_block\" data-id=\"24b14c3\" data-element_type=\"widget\" data-e-type=\"widget\" data-widget_type=\"wd_text_block.default\">\n\t\t\t\t<div class=\"elementor-widget-container\">\n\t\t\t\t\t\t\t<div class=\"wd-text-block reset-last-child text-left\">\n\t\t\t\n\t\t\t<p> <\/p><hr><h3> <\/h3><h3 class=\"p1\"><span class=\"s1\"><b>Santa Maria<br><\/b><\/span><\/h3><ul><li><h4>Ribeira de Malo\u00e1s<\/h4><\/li><\/ul><div id=\"attachment_7541\" style=\"width: 810px\" class=\"wp-caption aligncenter\"><img decoding=\"async\" aria-describedby=\"caption-attachment-7541\" class=\" wd-lazy-fade wp-image-7541\" src=\"https:\/\/guidetotheazores.pt\/wp-content\/themes\/woodmart\/images\/lazy.svg\" data-src=\"https:\/\/guidetotheazores.pt\/wp-content\/uploads\/2022\/01\/Ribeira-de-Maloa%CC%81s.jpg\" alt=\"Ribeira de Malo\u00e1s - Santa Maria - Azzorre\" width=\"800\" height=\"450\"><p id=\"caption-attachment-7541\" class=\"wp-caption-text\">Formazione geologica unica nel suo genere, risultante dal contatto della lava con il mare<\/p><\/div><ul><li><h4>Baia di S\u00e3o Lourenco<\/h4><\/li><\/ul><p><img decoding=\"async\" class=\" wd-lazy-fade wp-image-7542 aligncenter\" src=\"https:\/\/guidetotheazores.pt\/wp-content\/themes\/woodmart\/images\/lazy.svg\" data-src=\"https:\/\/guidetotheazores.pt\/wp-content\/uploads\/2022\/01\/Baia-de-Sa%CC%83o-Lourenco-Santa-Maria-Azores.jpg\" alt=\"Baia de S\u00e3o Lourenco - Santa Maria - Azzorre\" width=\"800\" height=\"600\"><\/p><hr><h3> <\/h3>\n\t\t\t\t\t<\/div>\n\t\t\t\t\t\t<\/div>\n\t\t\t\t<\/div>\n\t\t\t\t\t<\/div>\n\t\t<\/div>\n\t\t\t\t\t<\/div>\n\t\t<\/section>\n\t\t\t\t<section class=\"wd-negative-gap elementor-section elementor-top-section elementor-element elementor-element-ccf73c6 elementor-section-boxed elementor-section-height-default elementor-section-height-default\" data-id=\"ccf73c6\" data-element_type=\"section\" data-e-type=\"section\">\n\t\t\t\t\t\t<div class=\"elementor-container elementor-column-gap-default\">\n\t\t\t\t\t<div class=\"elementor-column elementor-col-100 elementor-top-column elementor-element elementor-element-ac3d59b\" data-id=\"ac3d59b\" data-element_type=\"column\" data-e-type=\"column\">\n\t\t\t<div class=\"elementor-widget-wrap elementor-element-populated\">\n\t\t\t\t\t\t<div class=\"elementor-element elementor-element-f6bebec elementor-widget elementor-widget-wd_text_block\" data-id=\"f6bebec\" data-element_type=\"widget\" data-e-type=\"widget\" data-widget_type=\"wd_text_block.default\">\n\t\t\t\t<div class=\"elementor-widget-container\">\n\t\t\t\t\t\t\t<div class=\"wd-text-block reset-last-child text-left\">\n\t\t\t\n\t\t\t<h3 class=\"p1\"><span class=\"s1\"><b>Pico<br><\/b><\/span><\/h3><ul><li><h4>Arrampicata sul Pico<\/h4><\/li><\/ul><div id=\"attachment_5731\" style=\"width: 810px\" class=\"wp-caption aligncenter\"><img decoding=\"async\" aria-describedby=\"caption-attachment-5731\" class=\" wd-lazy-fade wp-image-5731\" src=\"https:\/\/guidetotheazores.pt\/wp-content\/themes\/woodmart\/images\/lazy.svg\" data-src=\"https:\/\/guidetotheazores.pt\/wp-content\/uploads\/2020\/02\/Pico-volcan-Azores.jpg\" alt=\"Monte Pico - Pico - Azzorre\" width=\"800\" height=\"522\" srcset=\"\" data-srcset=\"https:\/\/guidetotheazores.pt\/wp-content\/uploads\/2020\/02\/Pico-volcan-Azores.jpg 1012w, https:\/\/guidetotheazores.pt\/wp-content\/uploads\/2020\/02\/Pico-volcan-Azores-300x196.jpg 300w, https:\/\/guidetotheazores.pt\/wp-content\/uploads\/2020\/02\/Pico-volcan-Azores-768x501.jpg 768w, https:\/\/guidetotheazores.pt\/wp-content\/uploads\/2020\/02\/Pico-volcan-Azores-561x366.jpg 561w, https:\/\/guidetotheazores.pt\/wp-content\/uploads\/2020\/02\/Pico-volcan-Azores-364x237.jpg 364w, https:\/\/guidetotheazores.pt\/wp-content\/uploads\/2020\/02\/Pico-volcan-Azores-728x475.jpg 728w, https:\/\/guidetotheazores.pt\/wp-content\/uploads\/2020\/02\/Pico-volcan-Azores-608x397.jpg 608w, https:\/\/guidetotheazores.pt\/wp-content\/uploads\/2020\/02\/Pico-volcan-Azores-758x494.jpg 758w, https:\/\/guidetotheazores.pt\/wp-content\/uploads\/2020\/02\/Pico-volcan-Azores-313x204.jpg 313w, https:\/\/guidetotheazores.pt\/wp-content\/uploads\/2020\/02\/Pico-volcan-Azores-600x391.jpg 600w\" sizes=\"(max-width: 800px) 100vw, 800px\" \/><p id=\"caption-attachment-5731\" class=\"wp-caption-text\">Scalare la montagna pi\u00f9 alta del Portogallo (2351 m)<\/p><\/div><p>La salita al Pico (2351 m s.l.m.) non \u00e8 un percorso facile, soprattutto la discesa, ma pu\u00f2 essere effettuata da persone ragionevolmente in forma e di qualsiasi et\u00e0. Sebbene sia possibile effettuare la scalata da soli, si consiglia di affidarsi a una guida esperta. La salita non \u00e8 eccessivamente tecnica, ma i consigli su quale percorso seguire e cosa evitare sono sicuramente utili. Il sentiero \u00e8 ben segnalato ma, a causa della natura rocciosa dell'escursione, \u00e8 sempre possibile farsi male se ci si avvicina al sentiero in modo sbagliato.<\/p><ul><li><h4>Patrimonio dell'Unesco: I muri a secco proteggono i vigneti<\/h4><\/li><\/ul><div id=\"attachment_5510\" style=\"width: 810px\" class=\"wp-caption aligncenter\"><img decoding=\"async\" aria-describedby=\"caption-attachment-5510\" class=\" wd-lazy-fade wp-image-5510\" src=\"https:\/\/guidetotheazores.pt\/wp-content\/themes\/woodmart\/images\/lazy.svg\" data-src=\"https:\/\/guidetotheazores.pt\/wp-content\/uploads\/2020\/02\/Pico-vineyards-field-Azores.jpg\" alt=\"Vigneto patrimonio mondiale dell'Unesco - Pico - Azzorre\" width=\"800\" height=\"531\" srcset=\"\" data-srcset=\"https:\/\/guidetotheazores.pt\/wp-content\/uploads\/2020\/02\/Pico-vineyards-field-Azores.jpg 640w, https:\/\/guidetotheazores.pt\/wp-content\/uploads\/2020\/02\/Pico-vineyards-field-Azores-300x199.jpg 300w, https:\/\/guidetotheazores.pt\/wp-content\/uploads\/2020\/02\/Pico-vineyards-field-Azores-180x120.jpg 180w, https:\/\/guidetotheazores.pt\/wp-content\/uploads\/2020\/02\/Pico-vineyards-field-Azores-561x373.jpg 561w, https:\/\/guidetotheazores.pt\/wp-content\/uploads\/2020\/02\/Pico-vineyards-field-Azores-364x242.jpg 364w, https:\/\/guidetotheazores.pt\/wp-content\/uploads\/2020\/02\/Pico-vineyards-field-Azores-608x404.jpg 608w, https:\/\/guidetotheazores.pt\/wp-content\/uploads\/2020\/02\/Pico-vineyards-field-Azores-313x208.jpg 313w, https:\/\/guidetotheazores.pt\/wp-content\/uploads\/2020\/02\/Pico-vineyards-field-Azores-600x398.jpg 600w, https:\/\/guidetotheazores.pt\/wp-content\/uploads\/2020\/02\/Pico-vineyards-field-Azores-150x100.jpg 150w\" sizes=\"(max-width: 800px) 100vw, 800px\" \/><p id=\"caption-attachment-5510\" class=\"wp-caption-text\">Esplorate gli incredibili vigneti di Pico<\/p><\/div><p>L'intricata rete di muretti a secco che proteggono le viti \u00e8 un luogo unico e fantastico in cui passeggiare. Ogni \"cella\" contiene solo una manciata di piante al suo interno, proteggendole cos\u00ec dalla salsedine e dal vento provenienti dall'oceano. Mentre la parte occidentale dell'isola \u00e8 ricoperta da questi curiosi vigneti, gran parte di essa \u00e8 ormai abbandonata, anche se negli ultimi anni c'\u00e8 stata una rinascita grazie a stranieri e imprenditori locali che stanno avviando nuove aziende vinicole.<\/p>\n\t\t\t\t\t<\/div>\n\t\t\t\t\t\t<\/div>\n\t\t\t\t<\/div>\n\t\t\t\t<div class=\"facetwp-template facetwp-elementor-widget elementor-element elementor-element-fd83150 elementor-grid-3 elementor-grid-tablet-3 elementor-grid-mobile-2 elementor-products-grid elementor-wc-products elementor-widget elementor-widget-woocommerce-products\" data-id=\"fd83150\" data-element_type=\"widget\" data-e-type=\"widget\" data-widget_type=\"woocommerce-products.default\">\n\t\t\t\t<div class=\"elementor-widget-container\">\n\t\t\t\t\t<div class=\"woocommerce columns-3 \"><div class=\"wd-products-element\">\t\t\t<div class=\"wd-sticky-loader wd-content-loader\"><span class=\"wd-loader\"><\/span><\/div>\n\t\t\n<div class=\"products wd-products wd-grid-g grid-columns-4 elements-grid pagination-infinit title-line-two\" data-source=\"main_loop\" data-min_price=\"\" data-max_price=\"\" data-columns=\"4\" style=\"--wd-col-lg:4;--wd-col-md:4;--wd-col-sm:2;--wd-gap-lg:20px;--wd-gap-sm:10px;\">\n<div class=\"wd-product wd-hover-base wd-hover-with-fade wd-col product-grid-item product product-no-swatches type-product post-15082 status-publish last instock product_cat-attivita product_cat-pico-it product_cat-tutte-le-isole product_cat-visite-guidate product_tag-isoladipico has-post-thumbnail virtual sold-individually taxable purchasable product-type-phive_booking\" data-loop=\"11\" data-id=\"15082\">\n\t\n\t\n<div class=\"product-wrapper\">\n\t<div class=\"content-product-imagin\"><\/div>\n\t<div class=\"product-element-top wd-quick-shop\">\n\t\t<a href=\"https:\/\/guidetotheazores.pt\/it\/prodotto\/gita-in-banana-tour-privato-a-pico\/\" class=\"product-image-link\" tabindex=\"-1\" aria-label=\"Gita in banana &#8211; Tour privato a Pico\">\n\t\t\t<img decoding=\"async\" width=\"300\" height=\"225\" src=\"https:\/\/guidetotheazores.pt\/wp-content\/uploads\/2024\/02\/Our-Island-Guide-to-the-Azores-Banana-Trip-Pico-III-300x225.jpg\" class=\"attachment-woocommerce_thumbnail size-woocommerce_thumbnail\" alt=\"La nostra isola - Guida alle Azzorre - Banana Trip Pico\" srcset=\"https:\/\/guidetotheazores.pt\/wp-content\/uploads\/2024\/02\/Our-Island-Guide-to-the-Azores-Banana-Trip-Pico-III-300x225.jpg 300w, https:\/\/guidetotheazores.pt\/wp-content\/uploads\/2024\/02\/Our-Island-Guide-to-the-Azores-Banana-Trip-Pico-III-600x450.jpg 600w\" sizes=\"(max-width: 300px) 100vw, 300px\" \/>\t\t<\/a>\n\n\t\t\t\t\t<div class=\"hover-img\">\n\t\t\t\t<img decoding=\"async\" width=\"300\" height=\"225\" src=\"https:\/\/guidetotheazores.pt\/wp-content\/uploads\/2024\/02\/Our-Island-Guide-to-the-Azores-Banana-Trip-Pico-I-300x225.jpg\" class=\"attachment-woocommerce_thumbnail size-woocommerce_thumbnail\" alt=\"La nostra isola - Guida alle Azzorre - Banana Trip Pico\" srcset=\"https:\/\/guidetotheazores.pt\/wp-content\/uploads\/2024\/02\/Our-Island-Guide-to-the-Azores-Banana-Trip-Pico-I-300x225.jpg 300w, https:\/\/guidetotheazores.pt\/wp-content\/uploads\/2024\/02\/Our-Island-Guide-to-the-Azores-Banana-Trip-Pico-I-600x450.jpg 600w\" sizes=\"(max-width: 300px) 100vw, 300px\" \/>\t\t\t<\/div>\n\t\t\t\n\t\t<div class=\"wrapp-swatches\"><\/div>\n\t<\/div>\n\n\t<div class=\"product-element-bottom product-information\">\n\t\t<h3 class=\"wd-entities-title\"><a href=\"https:\/\/guidetotheazores.pt\/it\/prodotto\/gita-in-banana-tour-privato-a-pico\/\">Gita in banana &#8211; Tour privato a Pico<\/a><\/h3>\t\t\t\t<div class=\"product-rating-price\">\n\t\t\t<div class=\"wrapp-product-price\">\n\t\t\t\t\n\t<span class=\"price\"><span class=\"woocommerce-Price-amount amount\"><bdi><span class=\"woocommerce-Price-currencySymbol\">&euro;<\/span>130.00<\/bdi><\/span>&nbsp;<span class = \"ph-bookings-display-cost-suffix\">From<\/span><\/span>\n        <\/a>\n                            <span class=\"details\">\n                        <a href=\"https:\/\/guidetotheazores.pt\/it\/partner\/our-island\/\">Our Island, Lda<\/a>                    <\/span>\n            \t\t\t\t\t\t\t<\/div>\n\t\t<\/div>\n\t\t\t\t<div class=\"fade-in-block wd-scroll\">\n\t\t\t<div class=\"hover-content wd-more-desc\">\n\t\t\t\t<div class=\"hover-content-inner wd-more-desc-inner\">\n\t\t\t\t\t<p style=\"color: #000000;font-family: 'Helvetica Neue', Helvetica, Roboto, Arial, sans-serif;margin: 0px 0px 20px\"><span style=\"font-size: medium\">Il Banana Trip \u00e8 un tour culturale di un'intera giornata nell'isola di Pico. Di solito ci concentriamo sulla costa meridionale dell'isola di Pico. Impareremo a conoscere la cultura del vino e il paesaggio dei vigneti patrimonio dell'UNESCO. Inoltre, comprenderemo meglio l'importanza della cultura baleniera delle Azzorre, visitando alcuni siti storici, come il Museo della Balena.<\/span><\/p>\n<p style=\"color: #000000;font-family: 'Helvetica Neue', Helvetica, Roboto, Arial, sans-serif;margin: 0px 0px 20px\"><span style=\"font-size: medium\">\u00c8 incluso un pranzo tradizionale nel villaggio di Lajes. Nel mezzo, apprezzeremo diverse piscine naturali di marea e visiteremo l'interno dell'isola, l'Altopiano di Pico Central. Lo chiamiamo Banana Trip, perch\u00e9 l'obiettivo finale \u00e8 visitare la nostra piantagione di banane. Per controllare se c'\u00e8 un mazzo di banane mature, pronte per essere raccolte.<\/span><\/p>\n<p style=\"color: #000000;font-family: 'Helvetica Neue', Helvetica, Roboto, Arial, sans-serif;margin: 0px 0px 20px\"><span style=\"font-size: medium\">Il Banana Trip \u00e8 un tour culturale privato nell'isola di Pico che offre un'esperienza esclusiva. Il prezzo include tutte le spese dall'isola di Faial e ritorno.<\/span><\/p>\t\t\t\t<\/div>\n\t\t\t\t<a href=\"#\" rel=\"nofollow\" class=\"wd-more-desc-btn\" aria-label=\"Read more description\"><\/a>\n\t\t\t<\/div>\n\t\t\t<div class=\" wd-bottom-actions\">\n\t\t\t\t<div class=\"wrap-wishlist-button\"><\/div>\n\t\t\t\t<div class=\"wd-add-btn wd-add-btn-replace\">\n\t\t\t\t\t<a href=\"https:\/\/guidetotheazores.pt\/it\/prodotto\/gita-in-banana-tour-privato-a-pico\/\" aria-describedby=\"woocommerce_loop_add_to_cart_link_describedby_15082\" data-quantity=\"1\" class=\"button product_type_phive_booking add_to_cart_button add-to-cart-loop\" data-product_id=\"15082\" data-product_sku=\"\" aria-label=\"Leggi di pi\u00f9 su &quot;Gita in banana - Tour privato a Pico&quot;\" rel=\"nofollow\"><span>Prenota Ora<\/span><\/a>\t<span id=\"woocommerce_loop_add_to_cart_link_describedby_15082\" class=\"screen-reader-text\">\n\t\t\t<\/span>\n\t\t\t\t\t\t\t\t\t\t\t\t\t\t\t\t\t\t\t\t<\/div>\n\t\t\t\t<div class=\"wrap-quickview-button\"><\/div>\n\t\t\t<\/div>\n\n\t\t\t\t\t\t\n\t\t\t\t\t<\/div>\n\t<\/div>\n<\/div>\n<\/div>\n<div class=\"wd-product wd-hover-base wd-hover-with-fade wd-col product-grid-item product product-no-swatches type-product post-15840 status-publish first instock product_cat-attivita product_cat-pico-it product_cat-tutte-le-isole product_cat-visite-guidate product_tag-isoladipico has-post-thumbnail virtual sold-individually taxable purchasable product-type-phive_booking\" data-loop=\"12\" data-id=\"15840\">\n\t\n\t\n<div class=\"product-wrapper\">\n\t<div class=\"content-product-imagin\"><\/div>\n\t<div class=\"product-element-top wd-quick-shop\">\n\t\t<a href=\"https:\/\/guidetotheazores.pt\/it\/prodotto\/tour-di-unintera-giornata-di-pico-con-degustazione-di-vino\/\" class=\"product-image-link\" tabindex=\"-1\" aria-label=\"Tour di un&#8217;intera giornata di Pico con degustazione di vino\">\n\t\t\t<img decoding=\"async\" width=\"300\" height=\"225\" src=\"https:\/\/guidetotheazores.pt\/wp-content\/uploads\/2024\/03\/Full-Day-Tour-of-Pico-with-Wine-Tasting-Hominis-Natura-Guide-to-the-Azores-Cover-300x225.jpg\" class=\"attachment-woocommerce_thumbnail size-woocommerce_thumbnail\" alt=\"Tour di un&#039;intera giornata a Pico con degustazione di vini - Hominis Natura - Guida alle Azzorre\" srcset=\"https:\/\/guidetotheazores.pt\/wp-content\/uploads\/2024\/03\/Full-Day-Tour-of-Pico-with-Wine-Tasting-Hominis-Natura-Guide-to-the-Azores-Cover-300x225.jpg 300w, https:\/\/guidetotheazores.pt\/wp-content\/uploads\/2024\/03\/Full-Day-Tour-of-Pico-with-Wine-Tasting-Hominis-Natura-Guide-to-the-Azores-Cover-600x450.jpg 600w\" sizes=\"(max-width: 300px) 100vw, 300px\" \/>\t\t<\/a>\n\n\t\t\t\t\t<div class=\"hover-img\">\n\t\t\t\t<img decoding=\"async\" width=\"300\" height=\"225\" src=\"https:\/\/guidetotheazores.pt\/wp-content\/uploads\/2024\/03\/Full-Day-Tour-of-Pico-with-Wine-Tasting-Hominis-Natura-Guide-to-the-Azores-I-300x225.jpg\" class=\"attachment-woocommerce_thumbnail size-woocommerce_thumbnail\" alt=\"Tour di un&#039;intera giornata a Pico con degustazione di vini - Hominis Natura - Guida alle Azzorre\" srcset=\"https:\/\/guidetotheazores.pt\/wp-content\/uploads\/2024\/03\/Full-Day-Tour-of-Pico-with-Wine-Tasting-Hominis-Natura-Guide-to-the-Azores-I-300x225.jpg 300w, https:\/\/guidetotheazores.pt\/wp-content\/uploads\/2024\/03\/Full-Day-Tour-of-Pico-with-Wine-Tasting-Hominis-Natura-Guide-to-the-Azores-I-1024x768.jpg 1024w, https:\/\/guidetotheazores.pt\/wp-content\/uploads\/2024\/03\/Full-Day-Tour-of-Pico-with-Wine-Tasting-Hominis-Natura-Guide-to-the-Azores-I-768x576.jpg 768w, https:\/\/guidetotheazores.pt\/wp-content\/uploads\/2024\/03\/Full-Day-Tour-of-Pico-with-Wine-Tasting-Hominis-Natura-Guide-to-the-Azores-I-600x450.jpg 600w, https:\/\/guidetotheazores.pt\/wp-content\/uploads\/2024\/03\/Full-Day-Tour-of-Pico-with-Wine-Tasting-Hominis-Natura-Guide-to-the-Azores-I-150x113.jpg 150w, https:\/\/guidetotheazores.pt\/wp-content\/uploads\/2024\/03\/Full-Day-Tour-of-Pico-with-Wine-Tasting-Hominis-Natura-Guide-to-the-Azores-I.jpg 1280w\" sizes=\"(max-width: 300px) 100vw, 300px\" \/>\t\t\t<\/div>\n\t\t\t\n\t\t<div class=\"wrapp-swatches\"><\/div>\n\t<\/div>\n\n\t<div class=\"product-element-bottom product-information\">\n\t\t<h3 class=\"wd-entities-title\"><a href=\"https:\/\/guidetotheazores.pt\/it\/prodotto\/tour-di-unintera-giornata-di-pico-con-degustazione-di-vino\/\">Tour di un&#8217;intera giornata di Pico con degustazione di vino<\/a><\/h3>\t\t\t\t<div class=\"product-rating-price\">\n\t\t\t<div class=\"wrapp-product-price\">\n\t\t\t\t\n\t<span class=\"price\"><span class=\"woocommerce-Price-amount amount\"><bdi><span class=\"woocommerce-Price-currencySymbol\">&euro;<\/span>145.00<\/bdi><\/span><\/span>\n        <\/a>\n                            <span class=\"details\">\n                        <a href=\"https:\/\/guidetotheazores.pt\/it\/partner\/hominis-natura\/\">Hominis Natura<\/a>                    <\/span>\n            \t\t\t\t\t\t\t<\/div>\n\t\t<\/div>\n\t\t\t\t<div class=\"fade-in-block wd-scroll\">\n\t\t\t<div class=\"hover-content wd-more-desc\">\n\t\t\t\t<div class=\"hover-content-inner wd-more-desc-inner\">\n\t\t\t\t\t<p style=\"color: #000000; font-family: 'Helvetica Neue', Helvetica, Roboto, Arial, sans-serif; margin: 0px 0px 20px;\">Questo tour \u00e8 una combinazione di luoghi imperdibili e gemme nascoste dell'isola di Pico. \u00c8 perfetto per chi vuole farsi un'idea generale dell'isola, condita da alcune esperienze straordinarie. La mattinata \u00e8 dominata dalla splendida natura dell'isola pi\u00f9 giovane delle Azzorre. Dopo un picnic con prodotti locali, esploriamo alcuni aspetti della cultura picaroto.    Concludiamo la giornata con una degustazione dei famosi vini di Pico!<\/p>\n\n<span style=\"color: #000000; font-family: 'Helvetica Neue', Helvetica, Roboto, Arial, sans-serif;\">Punto d'incontro<\/span><br style=\"color: #000000; font-family: 'Helvetica Neue', Helvetica, Roboto, Arial, sans-serif;\"><span style=\"color: #000000; font-family: 'Helvetica Neue', Helvetica, Roboto, Arial, sans-serif;\">- Il tour inizia alle 9:00 presso il nostro ufficio nel porto di Lajes.<\/span><span class=\"Apple-converted-space\" style=\"color: #000000; font-family: 'Helvetica Neue', Helvetica, Roboto, Arial, sans-serif;\"> <\/span>\t\t\t\t<\/div>\n\t\t\t\t<a href=\"#\" rel=\"nofollow\" class=\"wd-more-desc-btn\" aria-label=\"Read more description\"><\/a>\n\t\t\t<\/div>\n\t\t\t<div class=\" wd-bottom-actions\">\n\t\t\t\t<div class=\"wrap-wishlist-button\"><\/div>\n\t\t\t\t<div class=\"wd-add-btn wd-add-btn-replace\">\n\t\t\t\t\t<a href=\"https:\/\/guidetotheazores.pt\/it\/prodotto\/tour-di-unintera-giornata-di-pico-con-degustazione-di-vino\/\" aria-describedby=\"woocommerce_loop_add_to_cart_link_describedby_15840\" data-quantity=\"1\" class=\"button product_type_phive_booking add_to_cart_button add-to-cart-loop\" data-product_id=\"15840\" data-product_sku=\"\" aria-label=\"Leggi di pi\u00f9 su &quot;Tour di un&#039;intera giornata di Pico con degustazione di vino&quot;\" rel=\"nofollow\"><span>Prenota Ora<\/span><\/a>\t<span id=\"woocommerce_loop_add_to_cart_link_describedby_15840\" class=\"screen-reader-text\">\n\t\t\t<\/span>\n\t\t\t\t\t\t\t\t\t\t\t\t\t\t\t\t\t\t\t\t<\/div>\n\t\t\t\t<div class=\"wrap-quickview-button\"><\/div>\n\t\t\t<\/div>\n\n\t\t\t\t\t\t\n\t\t\t\t\t<\/div>\n\t<\/div>\n<\/div>\n<\/div>\n<div class=\"wd-product wd-hover-base wd-hover-with-fade wd-col product-grid-item product product-no-swatches type-product post-13700 status-publish instock product_cat-attivita product_cat-geoturismo product_cat-pico-it product_cat-tutte-le-isole product_cat-visite-guidate product_tag-isoladipico has-post-thumbnail taxable shipping-taxable product-type-external\" data-loop=\"13\" data-id=\"13700\">\n\t\n\t\n<div class=\"product-wrapper\">\n\t<div class=\"content-product-imagin\"><\/div>\n\t<div class=\"product-element-top wd-quick-shop\">\n\t\t<a href=\"https:\/\/guidetotheazores.pt\/it\/prodotto\/tour-in-jeep-delle-lagune-segrete-e-delle-grotte-laviche\/\" class=\"product-image-link\" tabindex=\"-1\" aria-label=\"Tour in jeep delle lagune segrete e delle grotte laviche\">\n\t\t\t<img decoding=\"async\" width=\"300\" height=\"225\" src=\"https:\/\/guidetotheazores.pt\/wp-content\/uploads\/2024\/02\/Azores-Secret-Lagoons-Lava-Cave-Jeep-Tour-I-1-300x225.jpg\" class=\"attachment-woocommerce_thumbnail size-woocommerce_thumbnail\" alt=\"Azzorre - Tour in jeep delle lagune segrete e delle grotte laviche\" srcset=\"https:\/\/guidetotheazores.pt\/wp-content\/uploads\/2024\/02\/Azores-Secret-Lagoons-Lava-Cave-Jeep-Tour-I-1-300x225.jpg 300w, https:\/\/guidetotheazores.pt\/wp-content\/uploads\/2024\/02\/Azores-Secret-Lagoons-Lava-Cave-Jeep-Tour-I-1-600x450.jpg 600w\" sizes=\"(max-width: 300px) 100vw, 300px\" \/>\t\t<\/a>\n\n\t\t\t\t\t<div class=\"hover-img\">\n\t\t\t\t<img decoding=\"async\" width=\"300\" height=\"225\" src=\"https:\/\/guidetotheazores.pt\/wp-content\/uploads\/2024\/02\/Azores-Secret-Lagoons-Lava-Cave-Jeep-Tour-II-1-300x225.jpg\" class=\"attachment-woocommerce_thumbnail size-woocommerce_thumbnail\" alt=\"Azzorre - Tour in jeep delle lagune segrete e delle grotte laviche\" srcset=\"https:\/\/guidetotheazores.pt\/wp-content\/uploads\/2024\/02\/Azores-Secret-Lagoons-Lava-Cave-Jeep-Tour-II-1-300x225.jpg 300w, https:\/\/guidetotheazores.pt\/wp-content\/uploads\/2024\/02\/Azores-Secret-Lagoons-Lava-Cave-Jeep-Tour-II-1-600x450.jpg 600w\" sizes=\"(max-width: 300px) 100vw, 300px\" \/>\t\t\t<\/div>\n\t\t\t\n\t\t<div class=\"wrapp-swatches\"><\/div>\n\t<\/div>\n\n\t<div class=\"product-element-bottom product-information\">\n\t\t<h3 class=\"wd-entities-title\"><a href=\"https:\/\/guidetotheazores.pt\/it\/prodotto\/tour-in-jeep-delle-lagune-segrete-e-delle-grotte-laviche\/\">Tour in jeep delle lagune segrete e delle grotte laviche<\/a><\/h3>\t\t\t\t<div class=\"product-rating-price\">\n\t\t\t<div class=\"wrapp-product-price\">\n\t\t\t\t\n        <\/a>\n                            <span class=\"details\">\n                        <a href=\"https:\/\/guidetotheazores.pt\/it\/partner\/tripix\/\">Tripix Azores<\/a>                    <\/span>\n            \t\t\t\t\t\t\t<\/div>\n\t\t<\/div>\n\t\t\t\t<div class=\"fade-in-block wd-scroll\">\n\t\t\t<div class=\"hover-content wd-more-desc\">\n\t\t\t\t<div class=\"hover-content-inner wd-more-desc-inner\">\n\t\t\t\t\tScopri la bellezza selvaggia dell'Isola di Pico in questo viaggio in fuoristrada. Esplora le serene lagune incastonate nei crateri vulcanici dell'altopiano di Achada e ammira il tubo di lava pi\u00f9 grande del Portogallo, insieme ad altre incredibili grotte. Scopri i paesaggi mozzafiato e le meraviglie geologiche che caratterizzano quest'isola magica.  \n\n<script src=\"https:\/\/fareharbor.com\/embeds\/script\/calendar\/tripixazores\/items\/614412\/?asn=fhdn-eur&amp;asn-ref=guidetotheazores&amp;ref=guidetotheazores&amp;bookable-only=yes&amp;full-items=yes&amp;marketplace=yes&amp;flow=no&amp;branding=no\"><\/script>\nDurata: 8 ore\nPunto d'incontro: Ufficio Tripix delle Azzorre\t\t\t\t<\/div>\n\t\t\t\t<a href=\"#\" rel=\"nofollow\" class=\"wd-more-desc-btn\" aria-label=\"Read more description\"><\/a>\n\t\t\t<\/div>\n\t\t\t<div class=\" wd-bottom-actions\">\n\t\t\t\t<div class=\"wrap-wishlist-button\"><\/div>\n\t\t\t\t<div class=\"wd-add-btn wd-add-btn-replace\">\n\t\t\t\t\t<a href=\"\" aria-describedby=\"woocommerce_loop_add_to_cart_link_describedby_13700\" data-quantity=\"1\" class=\"button product_type_external add-to-cart-loop\" data-product_id=\"13700\" data-product_sku=\"\" aria-label=\"Compra &ldquo;Tour in jeep delle lagune segrete e delle grotte laviche&rdquo;\" rel=\"nofollow\"><span>Acquista prodotto<\/span><\/a>\t<span id=\"woocommerce_loop_add_to_cart_link_describedby_13700\" class=\"screen-reader-text\">\n\t\t\t<\/span>\n\t\t\t\t\t\t\t\t\t\t\t\t\t\t\t\t\t\t\t\t<\/div>\n\t\t\t\t<div class=\"wrap-quickview-button\"><\/div>\n\t\t\t<\/div>\n\n\t\t\t\t\t\t\n\t\t\t\t\t<\/div>\n\t<\/div>\n<\/div>\n<\/div>\n<\/div>\n<\/div><\/div>\t\t\t\t<\/div>\n\t\t\t\t<\/div>\n\t\t\t\t\t<\/div>\n\t\t<\/div>\n\t\t\t\t\t<\/div>\n\t\t<\/section>\n\t\t\t\t<section class=\"wd-negative-gap elementor-section elementor-top-section elementor-element elementor-element-d631522 elementor-section-boxed elementor-section-height-default elementor-section-height-default\" data-id=\"d631522\" data-element_type=\"section\" data-e-type=\"section\">\n\t\t\t\t\t\t<div class=\"elementor-container elementor-column-gap-default\">\n\t\t\t\t\t<div class=\"elementor-column elementor-col-100 elementor-top-column elementor-element elementor-element-2ee6cb3\" data-id=\"2ee6cb3\" data-element_type=\"column\" data-e-type=\"column\">\n\t\t\t<div class=\"elementor-widget-wrap elementor-element-populated\">\n\t\t\t\t\t\t<div class=\"elementor-element elementor-element-0abe923 elementor-widget elementor-widget-wd_text_block\" data-id=\"0abe923\" data-element_type=\"widget\" data-e-type=\"widget\" data-widget_type=\"wd_text_block.default\">\n\t\t\t\t<div class=\"elementor-widget-container\">\n\t\t\t\t\t\t\t<div class=\"wd-text-block reset-last-child text-left\">\n\t\t\t\n\t\t\t<h3 class=\"p1\"><span class=\"s1\"><b>Graciosa<br><\/b><\/span><\/h3><ul><li><h4>Furna do Enxofre<\/h4><\/li><\/ul><div id=\"attachment_7532\" style=\"width: 810px\" class=\"wp-caption aligncenter\"><img decoding=\"async\" aria-describedby=\"caption-attachment-7532\" class=\" wd-lazy-fade wp-image-7532\" src=\"https:\/\/guidetotheazores.pt\/wp-content\/themes\/woodmart\/images\/lazy.svg\" data-src=\"https:\/\/guidetotheazores.pt\/wp-content\/uploads\/2022\/01\/Furna-do-Enxofre-Graciosa-Azores.jpg\" alt=\"Furna do Enxofre - Graciosa - Azzorre\" width=\"800\" height=\"535\" srcset=\"\" data-srcset=\"https:\/\/guidetotheazores.pt\/wp-content\/uploads\/2022\/01\/Furna-do-Enxofre-Graciosa-Azores.jpg 640w, https:\/\/guidetotheazores.pt\/wp-content\/uploads\/2022\/01\/Furna-do-Enxofre-Graciosa-Azores-300x201.jpg 300w, https:\/\/guidetotheazores.pt\/wp-content\/uploads\/2022\/01\/Furna-do-Enxofre-Graciosa-Azores-180x120.jpg 180w, https:\/\/guidetotheazores.pt\/wp-content\/uploads\/2022\/01\/Furna-do-Enxofre-Graciosa-Azores-561x375.jpg 561w, https:\/\/guidetotheazores.pt\/wp-content\/uploads\/2022\/01\/Furna-do-Enxofre-Graciosa-Azores-265x177.jpg 265w, https:\/\/guidetotheazores.pt\/wp-content\/uploads\/2022\/01\/Furna-do-Enxofre-Graciosa-Azores-531x355.jpg 531w, https:\/\/guidetotheazores.pt\/wp-content\/uploads\/2022\/01\/Furna-do-Enxofre-Graciosa-Azores-364x243.jpg 364w, https:\/\/guidetotheazores.pt\/wp-content\/uploads\/2022\/01\/Furna-do-Enxofre-Graciosa-Azores-608x407.jpg 608w, https:\/\/guidetotheazores.pt\/wp-content\/uploads\/2022\/01\/Furna-do-Enxofre-Graciosa-Azores-313x209.jpg 313w, https:\/\/guidetotheazores.pt\/wp-content\/uploads\/2022\/01\/Furna-do-Enxofre-Graciosa-Azores-600x401.jpg 600w, https:\/\/guidetotheazores.pt\/wp-content\/uploads\/2022\/01\/Furna-do-Enxofre-Graciosa-Azores-150x100.jpg 150w\" sizes=\"(max-width: 800px) 100vw, 800px\" \/><p id=\"caption-attachment-7532\" class=\"wp-caption-text\">La profonda grotta della Furna do Enxofre a Graciosa<\/p><\/div><ul><li><h4>Termas do Carapacho<\/h4><\/li><\/ul><div id=\"attachment_7533\" style=\"width: 810px\" class=\"wp-caption aligncenter\"><img decoding=\"async\" aria-describedby=\"caption-attachment-7533\" class=\" wd-lazy-fade wp-image-7533\" src=\"https:\/\/guidetotheazores.pt\/wp-content\/themes\/woodmart\/images\/lazy.svg\" data-src=\"https:\/\/guidetotheazores.pt\/wp-content\/uploads\/2022\/01\/Termas-do-Carapacho-Graciosa-Azores.jpg\" alt=\"Termas do Carapacho - Graciosa - Azzorre\" width=\"800\" height=\"532\" srcset=\"\" data-srcset=\"https:\/\/guidetotheazores.pt\/wp-content\/uploads\/2022\/01\/Termas-do-Carapacho-Graciosa-Azores.jpg 650w, https:\/\/guidetotheazores.pt\/wp-content\/uploads\/2022\/01\/Termas-do-Carapacho-Graciosa-Azores-300x199.jpg 300w, https:\/\/guidetotheazores.pt\/wp-content\/uploads\/2022\/01\/Termas-do-Carapacho-Graciosa-Azores-180x120.jpg 180w, https:\/\/guidetotheazores.pt\/wp-content\/uploads\/2022\/01\/Termas-do-Carapacho-Graciosa-Azores-561x373.jpg 561w, https:\/\/guidetotheazores.pt\/wp-content\/uploads\/2022\/01\/Termas-do-Carapacho-Graciosa-Azores-265x176.jpg 265w, https:\/\/guidetotheazores.pt\/wp-content\/uploads\/2022\/01\/Termas-do-Carapacho-Graciosa-Azores-531x353.jpg 531w, https:\/\/guidetotheazores.pt\/wp-content\/uploads\/2022\/01\/Termas-do-Carapacho-Graciosa-Azores-364x242.jpg 364w, https:\/\/guidetotheazores.pt\/wp-content\/uploads\/2022\/01\/Termas-do-Carapacho-Graciosa-Azores-608x404.jpg 608w, https:\/\/guidetotheazores.pt\/wp-content\/uploads\/2022\/01\/Termas-do-Carapacho-Graciosa-Azores-313x208.jpg 313w, https:\/\/guidetotheazores.pt\/wp-content\/uploads\/2022\/01\/Termas-do-Carapacho-Graciosa-Azores-600x399.jpg 600w, https:\/\/guidetotheazores.pt\/wp-content\/uploads\/2022\/01\/Termas-do-Carapacho-Graciosa-Azores-150x100.jpg 150w\" sizes=\"(max-width: 800px) 100vw, 800px\" \/><p id=\"caption-attachment-7533\" class=\"wp-caption-text\">Rilassatevi nell'acqua termale di Termas do Carapacho, Graciosa<\/p><\/div><hr><h3> <\/h3>\n\t\t\t\t\t<\/div>\n\t\t\t\t\t\t<\/div>\n\t\t\t\t<\/div>\n\t\t\t\t\t<\/div>\n\t\t<\/div>\n\t\t\t\t\t<\/div>\n\t\t<\/section>\n\t\t\t\t<section class=\"wd-negative-gap elementor-section elementor-top-section elementor-element elementor-element-403d33b1 elementor-section-boxed elementor-section-height-default elementor-section-height-default\" data-id=\"403d33b1\" data-element_type=\"section\" data-e-type=\"section\">\n\t\t\t\t\t\t<div class=\"elementor-container elementor-column-gap-default\">\n\t\t\t\t\t<div class=\"elementor-column elementor-col-100 elementor-top-column elementor-element elementor-element-4c5bf7a3\" data-id=\"4c5bf7a3\" data-element_type=\"column\" data-e-type=\"column\">\n\t\t\t<div class=\"elementor-widget-wrap elementor-element-populated\">\n\t\t\t\t\t\t<div class=\"elementor-element elementor-element-f9a3767 elementor-widget elementor-widget-wd_text_block\" data-id=\"f9a3767\" data-element_type=\"widget\" data-e-type=\"widget\" data-widget_type=\"wd_text_block.default\">\n\t\t\t\t<div class=\"elementor-widget-container\">\n\t\t\t\t\t\t\t<div class=\"wd-text-block reset-last-child text-left\">\n\t\t\t\n\t\t\t<hr><h3><b style=\"font-size: 22px; color: var(--wd-title-color); text-transform: var(--wd-title-transform); text-align: var(--text-align); background-color: var(--wd-main-bgcolor);\">Flores<\/b><\/h3><ul><li><h4>Po\u00e7o da Ribeira do Ferreiro - Faja Grande<\/h4><\/li><\/ul><div id=\"attachment_5655\" style=\"width: 810px\" class=\"wp-caption aligncenter\"><img decoding=\"async\" aria-describedby=\"caption-attachment-5655\" class=\" wd-lazy-fade wp-image-5655\" src=\"https:\/\/guidetotheazores.pt\/wp-content\/themes\/woodmart\/images\/lazy.svg\" data-src=\"https:\/\/guidetotheazores.pt\/wp-content\/uploads\/2020\/02\/Flores-Azores.jpg\" alt=\"Faj\u00e3 Grande - Flores - Azzorre\" width=\"800\" height=\"536\" srcset=\"\" data-srcset=\"https:\/\/guidetotheazores.pt\/wp-content\/uploads\/2020\/02\/Flores-Azores.jpg 850w, https:\/\/guidetotheazores.pt\/wp-content\/uploads\/2020\/02\/Flores-Azores-300x201.jpg 300w, https:\/\/guidetotheazores.pt\/wp-content\/uploads\/2020\/02\/Flores-Azores-768x514.jpg 768w, https:\/\/guidetotheazores.pt\/wp-content\/uploads\/2020\/02\/Flores-Azores-180x120.jpg 180w, https:\/\/guidetotheazores.pt\/wp-content\/uploads\/2020\/02\/Flores-Azores-561x376.jpg 561w, https:\/\/guidetotheazores.pt\/wp-content\/uploads\/2020\/02\/Flores-Azores-364x244.jpg 364w, https:\/\/guidetotheazores.pt\/wp-content\/uploads\/2020\/02\/Flores-Azores-728x487.jpg 728w, https:\/\/guidetotheazores.pt\/wp-content\/uploads\/2020\/02\/Flores-Azores-608x407.jpg 608w, https:\/\/guidetotheazores.pt\/wp-content\/uploads\/2020\/02\/Flores-Azores-758x507.jpg 758w, https:\/\/guidetotheazores.pt\/wp-content\/uploads\/2020\/02\/Flores-Azores-313x210.jpg 313w, https:\/\/guidetotheazores.pt\/wp-content\/uploads\/2020\/02\/Flores-Azores-600x402.jpg 600w\" sizes=\"(max-width: 800px) 100vw, 800px\" \/><p id=\"caption-attachment-5655\" class=\"wp-caption-text\">L'incredibile paesaggio creato da centinaia di cascate a Flores<\/p><\/div><ul><li><h4>Baia di Alagoa<\/h4><\/li><\/ul><div id=\"attachment_7537\" style=\"width: 810px\" class=\"wp-caption aligncenter\"><img decoding=\"async\" aria-describedby=\"caption-attachment-7537\" class=\" wd-lazy-fade wp-image-7537 size-full\" src=\"https:\/\/guidetotheazores.pt\/wp-content\/themes\/woodmart\/images\/lazy.svg\" data-src=\"https:\/\/guidetotheazores.pt\/wp-content\/uploads\/2022\/01\/Alagoa-Bay-Flores-Azores.jpg\" alt=\"Baia di Alagoa - Flores - Azzorre\" width=\"800\" height=\"530\" srcset=\"\" data-srcset=\"https:\/\/guidetotheazores.pt\/wp-content\/uploads\/2022\/01\/Alagoa-Bay-Flores-Azores.jpg 800w, https:\/\/guidetotheazores.pt\/wp-content\/uploads\/2022\/01\/Alagoa-Bay-Flores-Azores-300x199.jpg 300w, https:\/\/guidetotheazores.pt\/wp-content\/uploads\/2022\/01\/Alagoa-Bay-Flores-Azores-768x509.jpg 768w, https:\/\/guidetotheazores.pt\/wp-content\/uploads\/2022\/01\/Alagoa-Bay-Flores-Azores-180x120.jpg 180w, https:\/\/guidetotheazores.pt\/wp-content\/uploads\/2022\/01\/Alagoa-Bay-Flores-Azores-561x372.jpg 561w, https:\/\/guidetotheazores.pt\/wp-content\/uploads\/2022\/01\/Alagoa-Bay-Flores-Azores-265x176.jpg 265w, https:\/\/guidetotheazores.pt\/wp-content\/uploads\/2022\/01\/Alagoa-Bay-Flores-Azores-531x352.jpg 531w, https:\/\/guidetotheazores.pt\/wp-content\/uploads\/2022\/01\/Alagoa-Bay-Flores-Azores-364x241.jpg 364w, https:\/\/guidetotheazores.pt\/wp-content\/uploads\/2022\/01\/Alagoa-Bay-Flores-Azores-728x482.jpg 728w, https:\/\/guidetotheazores.pt\/wp-content\/uploads\/2022\/01\/Alagoa-Bay-Flores-Azores-608x403.jpg 608w, https:\/\/guidetotheazores.pt\/wp-content\/uploads\/2022\/01\/Alagoa-Bay-Flores-Azores-758x502.jpg 758w, https:\/\/guidetotheazores.pt\/wp-content\/uploads\/2022\/01\/Alagoa-Bay-Flores-Azores-313x207.jpg 313w, https:\/\/guidetotheazores.pt\/wp-content\/uploads\/2022\/01\/Alagoa-Bay-Flores-Azores-600x398.jpg 600w, https:\/\/guidetotheazores.pt\/wp-content\/uploads\/2022\/01\/Alagoa-Bay-Flores-Azores-150x99.jpg 150w\" sizes=\"(max-width: 800px) 100vw, 800px\" \/><p id=\"caption-attachment-7537\" class=\"wp-caption-text\">Luogo di origine dei primi coloni di Flores, la baia di Alagoa \u00e8 oggi un campeggio in una posizione straordinaria.<\/p><\/div><hr><p> <\/p>\n\t\t\t\t\t<\/div>\n\t\t\t\t\t\t<\/div>\n\t\t\t\t<\/div>\n\t\t\t\t<div class=\"elementor-element elementor-element-4e4fbdc elementor-grid-3 elementor-grid-tablet-3 elementor-grid-mobile-2 elementor-products-grid elementor-wc-products elementor-widget elementor-widget-woocommerce-products\" data-id=\"4e4fbdc\" data-element_type=\"widget\" data-e-type=\"widget\" data-widget_type=\"woocommerce-products.default\">\n\t\t\t\t<div class=\"elementor-widget-container\">\n\t\t\t\t\t<div class=\"woocommerce columns-3 \"><div class=\"wd-products-element\">\t\t\t<div class=\"wd-sticky-loader wd-content-loader\"><span class=\"wd-loader\"><\/span><\/div>\n\t\t\n<div class=\"products wd-products wd-grid-g grid-columns-4 elements-grid pagination-infinit title-line-two\" data-source=\"main_loop\" data-min_price=\"\" data-max_price=\"\" data-columns=\"4\" style=\"--wd-col-lg:4;--wd-col-md:4;--wd-col-sm:2;--wd-gap-lg:20px;--wd-gap-sm:10px;\">\n<div class=\"wd-product wd-hover-base wd-hover-with-fade wd-col product-grid-item product product-no-swatches type-product post-18237 status-publish last instock product_cat-alloggiamento-locale product_cat-flores-it product_cat-sistemazione product_cat-tutte-le-isole product_tag-isoladiflores has-post-thumbnail sold-individually taxable shipping-taxable purchasable product-type-phive_booking\" data-loop=\"14\" data-id=\"18237\">\n\t\n\t\n<div class=\"product-wrapper\">\n\t<div class=\"content-product-imagin\"><\/div>\n\t<div class=\"product-element-top wd-quick-shop\">\n\t\t<a href=\"https:\/\/guidetotheazores.pt\/it\/prodotto\/casa-da-lua\/\" class=\"product-image-link\" tabindex=\"-1\" aria-label=\"Casa da Lua &#8211; Casa della Luna\">\n\t\t\t<img decoding=\"async\" width=\"300\" height=\"225\" src=\"https:\/\/guidetotheazores.pt\/wp-content\/uploads\/2024\/03\/Casa-da-Lua-Guide-to-the-Azores-Casa-Atlantida-Flores-Cover-300x225.jpg\" class=\"attachment-woocommerce_thumbnail size-woocommerce_thumbnail\" alt=\"Casa da Lua - Guida alle Azzorre - Casa Atlantida - Flores - Copertina\" srcset=\"https:\/\/guidetotheazores.pt\/wp-content\/uploads\/2024\/03\/Casa-da-Lua-Guide-to-the-Azores-Casa-Atlantida-Flores-Cover-300x225.jpg 300w, https:\/\/guidetotheazores.pt\/wp-content\/uploads\/2024\/03\/Casa-da-Lua-Guide-to-the-Azores-Casa-Atlantida-Flores-Cover-600x450.jpg 600w\" sizes=\"(max-width: 300px) 100vw, 300px\" \/>\t\t<\/a>\n\n\t\t\t\t\t<div class=\"hover-img\">\n\t\t\t\t<img decoding=\"async\" width=\"300\" height=\"225\" src=\"https:\/\/guidetotheazores.pt\/wp-content\/uploads\/2024\/03\/Casa-da-Lua-Guide-to-the-Azores-Casa-Atlantida-Flores-VIII-300x225.jpg\" class=\"attachment-woocommerce_thumbnail size-woocommerce_thumbnail\" alt=\"Casa da Lua - Guida alle Azzorre - Casa Atlantida - Flores\" srcset=\"https:\/\/guidetotheazores.pt\/wp-content\/uploads\/2024\/03\/Casa-da-Lua-Guide-to-the-Azores-Casa-Atlantida-Flores-VIII-300x225.jpg 300w, https:\/\/guidetotheazores.pt\/wp-content\/uploads\/2024\/03\/Casa-da-Lua-Guide-to-the-Azores-Casa-Atlantida-Flores-VIII-600x450.jpg 600w\" sizes=\"(max-width: 300px) 100vw, 300px\" \/>\t\t\t<\/div>\n\t\t\t\n\t\t<div class=\"wrapp-swatches\"><\/div>\n\t<\/div>\n\n\t<div class=\"product-element-bottom product-information\">\n\t\t<h3 class=\"wd-entities-title\"><a href=\"https:\/\/guidetotheazores.pt\/it\/prodotto\/casa-da-lua\/\">Casa da Lua &#8211; Casa della Luna<\/a><\/h3>\t\t\t\t<div class=\"product-rating-price\">\n\t\t\t<div class=\"wrapp-product-price\">\n\t\t\t\t\n\t<span class=\"price\"><span class=\"woocommerce-Price-amount amount\"><bdi><span class=\"woocommerce-Price-currencySymbol\">&euro;<\/span>165.00<\/bdi><\/span>&nbsp;<span class = \"ph-bookings-display-cost-suffix\">From<\/span><\/span>\n        <\/a>\n                            <span class=\"details\">\n                        <a href=\"https:\/\/guidetotheazores.pt\/it\/partner\/casa-atlantida\/\">Casa Atlantida<\/a>                    <\/span>\n            \t\t\t\t\t\t\t<\/div>\n\t\t<\/div>\n\t\t\t\t<div class=\"fade-in-block wd-scroll\">\n\t\t\t<div class=\"hover-content wd-more-desc\">\n\t\t\t\t<div class=\"hover-content-inner wd-more-desc-inner\">\n\t\t\t\t\tLa \"Casa della Luna\" \u00e8 una casa in pietra con accesso diretto al mare con vista a ovest sull'oceano e sul tramonto e a nord sulle montagne. \t\t\t\t<\/div>\n\t\t\t\t<a href=\"#\" rel=\"nofollow\" class=\"wd-more-desc-btn\" aria-label=\"Read more description\"><\/a>\n\t\t\t<\/div>\n\t\t\t<div class=\" wd-bottom-actions\">\n\t\t\t\t<div class=\"wrap-wishlist-button\"><\/div>\n\t\t\t\t<div class=\"wd-add-btn wd-add-btn-replace\">\n\t\t\t\t\t<a href=\"https:\/\/guidetotheazores.pt\/it\/prodotto\/casa-da-lua\/\" aria-describedby=\"woocommerce_loop_add_to_cart_link_describedby_18237\" data-quantity=\"1\" class=\"button product_type_phive_booking add_to_cart_button add-to-cart-loop\" data-product_id=\"18237\" data-product_sku=\"\" aria-label=\"Leggi di pi\u00f9 su &quot;Casa da Lua - Casa della Luna&quot;\" rel=\"nofollow\"><span>Prenota Ora<\/span><\/a>\t<span id=\"woocommerce_loop_add_to_cart_link_describedby_18237\" class=\"screen-reader-text\">\n\t\t\t<\/span>\n\t\t\t\t\t\t\t\t\t\t\t\t\t\t\t\t\t\t\t\t<\/div>\n\t\t\t\t<div class=\"wrap-quickview-button\"><\/div>\n\t\t\t<\/div>\n\n\t\t\t\t\t\t\n\t\t\t\t\t<\/div>\n\t<\/div>\n<\/div>\n<\/div>\n<div class=\"wd-product wd-hover-base wd-hover-with-fade wd-col product-grid-item product product-no-swatches type-product post-18228 status-publish first instock product_cat-alloggiamento-locale product_cat-flores-it product_cat-sistemazione product_cat-tutte-le-isole product_tag-isoladiflores has-post-thumbnail virtual sold-individually taxable purchasable product-type-phive_booking\" data-loop=\"15\" data-id=\"18228\">\n\t\n\t\n<div class=\"product-wrapper\">\n\t<div class=\"content-product-imagin\"><\/div>\n\t<div class=\"product-element-top wd-quick-shop\">\n\t\t<a href=\"https:\/\/guidetotheazores.pt\/it\/prodotto\/casa-do-sol\/\" class=\"product-image-link\" tabindex=\"-1\" aria-label=\"Casa do Sol &#8211; La casa del Sole\">\n\t\t\t<img decoding=\"async\" width=\"300\" height=\"225\" src=\"https:\/\/guidetotheazores.pt\/wp-content\/uploads\/2024\/03\/Casa-do-Sol-Guide-to-the-Azores-Casa-Atlantida-Flores-Cover-300x225.jpg\" class=\"attachment-woocommerce_thumbnail size-woocommerce_thumbnail\" alt=\"Casa do Sol - Guida alle Azzorre - Casa Atlantida - Copertina Flores\" srcset=\"https:\/\/guidetotheazores.pt\/wp-content\/uploads\/2024\/03\/Casa-do-Sol-Guide-to-the-Azores-Casa-Atlantida-Flores-Cover-300x225.jpg 300w, https:\/\/guidetotheazores.pt\/wp-content\/uploads\/2024\/03\/Casa-do-Sol-Guide-to-the-Azores-Casa-Atlantida-Flores-Cover-600x450.jpg 600w\" sizes=\"(max-width: 300px) 100vw, 300px\" \/>\t\t<\/a>\n\n\t\t\t\t\t<div class=\"hover-img\">\n\t\t\t\t<img decoding=\"async\" width=\"300\" height=\"225\" src=\"https:\/\/guidetotheazores.pt\/wp-content\/uploads\/2024\/03\/WhatsApp-Image-2024-03-04-at-15.41.42-300x225.jpeg\" class=\"attachment-woocommerce_thumbnail size-woocommerce_thumbnail\" alt=\"\" srcset=\"https:\/\/guidetotheazores.pt\/wp-content\/uploads\/2024\/03\/WhatsApp-Image-2024-03-04-at-15.41.42-300x225.jpeg 300w, https:\/\/guidetotheazores.pt\/wp-content\/uploads\/2024\/03\/WhatsApp-Image-2024-03-04-at-15.41.42-600x450.jpeg 600w\" sizes=\"(max-width: 300px) 100vw, 300px\">\t\t\t<\/div>\n\t\t\t\n\t\t<div class=\"wrapp-swatches\"><\/div>\n\t<\/div>\n\n\t<div class=\"product-element-bottom product-information\">\n\t\t<h3 class=\"wd-entities-title\"><a href=\"https:\/\/guidetotheazores.pt\/it\/prodotto\/casa-do-sol\/\">Casa do Sol &#8211; La casa del Sole<\/a><\/h3>\t\t\t\t<div class=\"product-rating-price\">\n\t\t\t<div class=\"wrapp-product-price\">\n\t\t\t\t\n\t<span class=\"price\"><span class=\"woocommerce-Price-amount amount\"><bdi><span class=\"woocommerce-Price-currencySymbol\">&euro;<\/span>140.00<\/bdi><\/span>&nbsp;<span class = \"ph-bookings-display-cost-suffix\">From<\/span><\/span>\n        <\/a>\n                            <span class=\"details\">\n                        <a href=\"https:\/\/guidetotheazores.pt\/it\/partner\/casa-atlantida\/\">Casa Atlantida<\/a>                    <\/span>\n            \t\t\t\t\t\t\t<\/div>\n\t\t<\/div>\n\t\t\t\t<div class=\"fade-in-block wd-scroll\">\n\t\t\t<div class=\"hover-content wd-more-desc\">\n\t\t\t\t<div class=\"hover-content-inner wd-more-desc-inner\">\n\t\t\t\t\tCasa do Sol\" \u00e8 una grande casa in pietra con accesso diretto al mare. Ha una una bellissima vista sul mare, sul tramonto ed a sud, sulle montagne e sull'oceano.\t\t\t\t<\/div>\n\t\t\t\t<a href=\"#\" rel=\"nofollow\" class=\"wd-more-desc-btn\" aria-label=\"Read more description\"><\/a>\n\t\t\t<\/div>\n\t\t\t<div class=\" wd-bottom-actions\">\n\t\t\t\t<div class=\"wrap-wishlist-button\"><\/div>\n\t\t\t\t<div class=\"wd-add-btn wd-add-btn-replace\">\n\t\t\t\t\t<a href=\"https:\/\/guidetotheazores.pt\/it\/prodotto\/casa-do-sol\/\" aria-describedby=\"woocommerce_loop_add_to_cart_link_describedby_18228\" data-quantity=\"1\" class=\"button product_type_phive_booking add_to_cart_button add-to-cart-loop\" data-product_id=\"18228\" data-product_sku=\"\" aria-label=\"Leggi di pi\u00f9 su &quot;Casa do Sol - La casa del Sole&quot;\" rel=\"nofollow\"><span>Prenota Ora<\/span><\/a>\t<span id=\"woocommerce_loop_add_to_cart_link_describedby_18228\" class=\"screen-reader-text\">\n\t\t\t<\/span>\n\t\t\t\t\t\t\t\t\t\t\t\t\t\t\t\t\t\t\t\t<\/div>\n\t\t\t\t<div class=\"wrap-quickview-button\"><\/div>\n\t\t\t<\/div>\n\n\t\t\t\t\t\t\n\t\t\t\t\t<\/div>\n\t<\/div>\n<\/div>\n<\/div>\n<div class=\"wd-product wd-hover-base wd-hover-with-fade wd-col product-grid-item product product-no-swatches type-product post-14219 status-publish instock product_cat-alloggiamento-locale product_cat-flores-it product_cat-sistemazione product_cat-tutte-le-isole product_tag-isoladiflores has-post-thumbnail virtual sold-individually taxable purchasable product-type-phive_booking\" data-loop=\"16\" data-id=\"14219\">\n\t\n\t\n<div class=\"product-wrapper\">\n\t<div class=\"content-product-imagin\"><\/div>\n\t<div class=\"product-element-top wd-quick-shop\">\n\t\t<a href=\"https:\/\/guidetotheazores.pt\/it\/prodotto\/casa-atlantida-t1mar\/\" class=\"product-image-link\" tabindex=\"-1\" aria-label=\"Casa del Mare &#8211; Isola di Flores\">\n\t\t\t<img decoding=\"async\" width=\"300\" height=\"225\" src=\"https:\/\/guidetotheazores.pt\/wp-content\/uploads\/2024\/02\/3-2-300x225.jpg\" class=\"attachment-woocommerce_thumbnail size-woocommerce_thumbnail\" alt=\"\" srcset=\"https:\/\/guidetotheazores.pt\/wp-content\/uploads\/2024\/02\/3-2-300x225.jpg 300w, https:\/\/guidetotheazores.pt\/wp-content\/uploads\/2024\/02\/3-2-600x450.jpg 600w\" sizes=\"(max-width: 300px) 100vw, 300px\">\t\t<\/a>\n\n\t\t\t\t\t<div class=\"hover-img\">\n\t\t\t\t<img decoding=\"async\" width=\"300\" height=\"225\" src=\"https:\/\/guidetotheazores.pt\/wp-content\/uploads\/2024\/02\/2-300x225.jpg\" class=\"attachment-woocommerce_thumbnail size-woocommerce_thumbnail\" alt=\"Casa Atlantida - Guida alle Azzorre - Flores\" srcset=\"https:\/\/guidetotheazores.pt\/wp-content\/uploads\/2024\/02\/2-300x225.jpg 300w, https:\/\/guidetotheazores.pt\/wp-content\/uploads\/2024\/02\/2-600x450.jpg 600w\" sizes=\"(max-width: 300px) 100vw, 300px\" \/>\t\t\t<\/div>\n\t\t\t\n\t\t<div class=\"wrapp-swatches\"><\/div>\n\t<\/div>\n\n\t<div class=\"product-element-bottom product-information\">\n\t\t<h3 class=\"wd-entities-title\"><a href=\"https:\/\/guidetotheazores.pt\/it\/prodotto\/casa-atlantida-t1mar\/\">Casa del Mare &#8211; Isola di Flores<\/a><\/h3>\t\t\t\t<div class=\"product-rating-price\">\n\t\t\t<div class=\"wrapp-product-price\">\n\t\t\t\t\n\t<span class=\"price\"><span class=\"woocommerce-Price-amount amount\"><bdi><span class=\"woocommerce-Price-currencySymbol\">&euro;<\/span>130.00<\/bdi><\/span>&nbsp;<span class = \"ph-bookings-display-cost-suffix\">From<\/span><\/span>\n        <\/a>\n                            <span class=\"details\">\n                        <a href=\"https:\/\/guidetotheazores.pt\/it\/partner\/casa-atlantida\/\">Casa Atlantida<\/a>                    <\/span>\n            \t\t\t\t\t\t\t<\/div>\n\t\t<\/div>\n\t\t\t\t<div class=\"fade-in-block wd-scroll\">\n\t\t\t<div class=\"hover-content wd-more-desc\">\n\t\t\t\t<div class=\"hover-content-inner wd-more-desc-inner\">\n\t\t\t\t\tLa \"Casa do Mar\" \u00e8 una casa in pietra con vista panoramica sull'oceano e sul tramonto, con accesso diretto al mare.\n\nDispone di una camera da letto con vista sul mare, un soggiorno con letto singolo e televisione, un bagno e una cucina attrezzata (lavastoviglie e utensili per la casa). La biancheria da letto e gli asciugamani sono forniti.\n\nTi chiediamo di pagare 25 euro a persona al momento del check-in per le tasse e le spese non incluse.\n\nLa casa \u00e8 nuova e arredata in modo accogliente\t\t\t\t<\/div>\n\t\t\t\t<a href=\"#\" rel=\"nofollow\" class=\"wd-more-desc-btn\" aria-label=\"Read more description\"><\/a>\n\t\t\t<\/div>\n\t\t\t<div class=\" wd-bottom-actions\">\n\t\t\t\t<div class=\"wrap-wishlist-button\"><\/div>\n\t\t\t\t<div class=\"wd-add-btn wd-add-btn-replace\">\n\t\t\t\t\t<a href=\"https:\/\/guidetotheazores.pt\/it\/prodotto\/casa-atlantida-t1mar\/\" aria-describedby=\"woocommerce_loop_add_to_cart_link_describedby_14219\" data-quantity=\"1\" class=\"button product_type_phive_booking add_to_cart_button add-to-cart-loop\" data-product_id=\"14219\" data-product_sku=\"\" aria-label=\"Leggi di pi\u00f9 su &quot;Casa del Mare - Isola di Flores&quot;\" rel=\"nofollow\"><span>Prenota Ora<\/span><\/a>\t<span id=\"woocommerce_loop_add_to_cart_link_describedby_14219\" class=\"screen-reader-text\">\n\t\t\t<\/span>\n\t\t\t\t\t\t\t\t\t\t\t\t\t\t\t\t\t\t\t\t<\/div>\n\t\t\t\t<div class=\"wrap-quickview-button\"><\/div>\n\t\t\t<\/div>\n\n\t\t\t\t\t\t\n\t\t\t\t\t<\/div>\n\t<\/div>\n<\/div>\n<\/div>\n<\/div>\n<\/div><\/div>\t\t\t\t<\/div>\n\t\t\t\t<\/div>\n\t\t\t\t<div class=\"elementor-element elementor-element-5078deb9 color-scheme-inherit text-left elementor-widget elementor-widget-text-editor\" data-id=\"5078deb9\" data-element_type=\"widget\" data-e-type=\"widget\" data-widget_type=\"text-editor.default\">\n\t\t\t\t<div class=\"elementor-widget-container\">\n\t\t\t\t\t\t\t\t\t<div class=\"mceTemp\"> <\/div><hr><h2> <\/h2><h2>Itinerari<\/h2><p>Se avete poco tempo a disposizione per la vostra vacanza, qual \u00e8 la migliore isola delle Azzorre da visitare? Quale gruppo di isole dovreste visitare? La risposta sta essenzialmente nella quantit\u00e0 di tempo che avete a disposizione per la vostra vacanza.<\/p><h3> <\/h3><h3>7 giorni: S\u00e3o Miguel<\/h3><p><span style=\"font-family: 'Exo 2', sans-serif; font-size: 16px; font-style: normal; font-weight: 400; color: var( --e-global-color-text ); text-align: var(--text-align); background-color: var(--wd-main-bgcolor);\">S\u00e3o Miguel \u00e8 abbastanza grande e ricca di attrazioni da poter essere considerata un&#8217;opzione a s\u00e9 stante. L&#8217;isola offre abbastanza cose da vedere e da fare da meritare di essere esplorata per una settimana o pi\u00f9. \u00c8 di gran lunga l&#8217;itinerario pi\u00f9 semplice perch\u00e9 ci sono voli diretti da varie citt\u00e0 europee e statunitensi.<\/span><\/p><hr><h3> <\/h3><h3>7 giorni: Il Gruppo Occidentale<\/h3><p><span style=\"font-family: 'Exo 2', sans-serif; font-size: 16px; font-style: normal; font-weight: 400; color: var( --e-global-color-text ); text-align: var(--text-align); background-color: var(--wd-main-bgcolor);\">Data la distanza del gruppo occidentale (Flores e Corvo) e la relativa scarsa frequenza dei voli dalle altre isole, questo \u00e8 un tour a parte da programmare. \u00c8 possibile raggiungere Flores o Corvo in aereo da Ponta Delgada.<\/span><\/p><hr><h3> <\/h3><h3>Da 10 a 15 giorni: Il Triangolo<\/h3><p><span style=\"font-family: 'Exo 2', sans-serif; font-size: 16px; font-style: normal; font-weight: 400; color: var( --e-global-color-text ); text-align: var(--text-align); background-color: var(--wd-main-bgcolor);\">Il cosiddetto triangolo comprende Faial, Pico e S\u00e3o Jorge. In 10-15 giorni o pi\u00f9 potete visitare e godere di tutte e tre le isole e, soprattutto, potete farlo senza voli aggiuntivi, perch\u00e9 tutte e tre le isole sono collegate tutto l&#8217;anno da un servizio di traghetti.<\/span><\/p><p>Questo tour pu\u00f2 essere effettuato con un volo di andata e ritorno da Lisbona a Faial, da qui \u00e8 possibile spostarsi tra le tre isole utilizzando il servizio di traghetti di Atlantico Line (Faial-Pico 20 minuti, Pico-S\u00e3o Jorge 1 ora e mezza).<\/p><hr><h3> <\/h3><h3>Da 10 a 15 giorni: Il Gruppo Orientale + Terceira<\/h3><p><span style=\"font-family: 'Exo 2', sans-serif; font-size: 16px; font-style: normal; font-weight: 400; color: var( --e-global-color-text ); text-align: var(--text-align); background-color: var(--wd-main-bgcolor);\">Il gruppo orientale comprende S\u00e3o Miguel e Santa Maria, mentre Terceira fa parte del gruppo centrale, ma la frequenza dei voli tra queste tre isole ne fa un tour a s\u00e9 stante da realizzare in 10-15 giorni. Ci sono voli giornalieri tra le isole.<\/span><\/p><hr><h3> <\/h3><h3>20 giorni: Il Gruppo Centrale<\/h3><p><span style=\"font-family: 'Exo 2', sans-serif; font-size: 16px; font-style: normal; font-weight: 400; color: var( --e-global-color-text ); text-align: var(--text-align); background-color: var(--wd-main-bgcolor);\">Il &#8220;Gruppo Centrale&#8221; \u00e8 sostanzialmente il &#8220;Triangolo&#8221; con l&#8217;aggiunta di Terceira e Graciosa. Durante l&#8217;estate (da giugno a ottobre) ci sono servizi regolari di traghetto tra tutte le isole, dando la possibilit\u00e0 di esplorare 5 isole in 20 giorni o pi\u00f9 senza voli aggiuntivi. Tuttavia, il traghetto che raggiunge Graciosa e Terceira (White Line) \u00e8 operativo due volte a settimana (luned\u00ec e venerd\u00ec), quindi il viaggio deve essere pianificato con attenzione. Se si perde un traghetto, tuttavia, si ha sempre la possibilit\u00e0 di effettuare una tratta in aereo. I voli tra le isole costano di solito 60-80 euro a tratta.<\/span><\/p><h3>30 giorni o pi\u00f9: Tutte le nove isole delle Azzorre<\/h3><p><span style=\"font-family: 'Exo 2', sans-serif; font-size: 16px; font-style: normal; font-weight: 400; color: var( --e-global-color-text ); text-align: var(--text-align); background-color: var(--wd-main-bgcolor);\">Dato che ogni isola ha il suo aeroporto <\/span><a style=\"font-family: &#039;Exo 2&#039;, sans-serif; font-size: 16px; font-style: normal; font-weight: 400; text-align: var(--text-align); background-color: var(--wd-main-bgcolor);\" href=\"https:\/\/en.wikipedia.org\/wiki\/Category:Airports_in_the_Azores\" target=\"_blank\" rel=\"noopener\">aeroporto<\/a><span style=\"font-family: 'Exo 2', sans-serif; font-size: 16px; font-style: normal; font-weight: 400; color: var( --e-global-color-text ); text-align: var(--text-align); background-color: var(--wd-main-bgcolor);\">Sebbene in alcuni casi siano molto piccole, \u00e8 possibile pianificare un tour di tutte le 9 isole, combinando voli e traghetti (dove e quando possibile). A causa dei numerosi trasferimenti e delle sfide logistiche, questo tour avr\u00e0 bisogno di almeno un mese (o pi\u00f9) per essere realizzabile.<\/span><\/p><h2>Qual \u00e8 la migliore isola delle Azzorre<\/h2><p>Probabilmente \u00e8 impossibile rispondere, poich\u00e9 ogni isola ha peculiarit\u00e0 e attrazioni che vi lasceranno a bocca aperta, e cultura e tradizioni molto particolari e diverse tra loro. In ogni caso, per coloro che sono gi\u00e0 stati in questo arcipelago paradisiaco, vi invitiamo a partecipare al sondaggio e a dirci qual \u00e8 la <a href=\"https:\/\/guidetotheazores.pt\/uploads_poll\/what-is-your-favourite-island-in-the-azores\/\">migliore isola delle Azzorre!<\/a><\/p>\t\t\t\t\t\t\t\t<\/div>\n\t\t\t\t<\/div>\n\t\t\t\t<div class=\"elementor-element elementor-element-4edc470 elementor-grid-3 elementor-grid-tablet-3 elementor-grid-mobile-2 elementor-products-grid elementor-wc-products elementor-widget elementor-widget-woocommerce-products\" data-id=\"4edc470\" data-element_type=\"widget\" data-e-type=\"widget\" data-widget_type=\"woocommerce-products.default\">\n\t\t\t\t<div class=\"elementor-widget-container\">\n\t\t\t\t\t<div class=\"woocommerce columns-3 \"><div class=\"wd-products-element\">\t\t\t<div class=\"wd-sticky-loader wd-content-loader\"><span class=\"wd-loader\"><\/span><\/div>\n\t\t\n<div class=\"products wd-products wd-grid-g grid-columns-4 elements-grid pagination-infinit title-line-two\" data-source=\"main_loop\" data-min_price=\"\" data-max_price=\"\" data-columns=\"4\" style=\"--wd-col-lg:4;--wd-col-md:4;--wd-col-sm:2;--wd-gap-lg:20px;--wd-gap-sm:10px;\">\n<div class=\"wd-product wd-hover-base wd-hover-with-fade wd-col product-grid-item product product-no-swatches type-product post-24835 status-publish last instock product_cat-campeggio-e-glamping product_cat-sistemazione product_cat-terceira-it product_cat-tutte-le-isole product_tag-isoladiterceira has-post-thumbnail sold-individually taxable shipping-taxable purchasable product-type-phive_booking\" data-loop=\"17\" data-id=\"24835\">\n\t\n\t\n<div class=\"product-wrapper\">\n\t<div class=\"content-product-imagin\"><\/div>\n\t<div class=\"product-element-top wd-quick-shop\">\n\t\t<a href=\"https:\/\/guidetotheazores.pt\/it\/prodotto\/cupole-horta-cupola-geodetica\/\" class=\"product-image-link\" tabindex=\"-1\" aria-label=\"Cupole Horta &#8211; Cupola geodetica\">\n\t\t\t<img decoding=\"async\" width=\"300\" height=\"225\" src=\"https:\/\/guidetotheazores.pt\/wp-content\/uploads\/2025\/03\/273577625_1695871144138244_4865771212621812175_n-300x225.jpg\" class=\"attachment-woocommerce_thumbnail size-woocommerce_thumbnail\" alt=\"\" srcset=\"https:\/\/guidetotheazores.pt\/wp-content\/uploads\/2025\/03\/273577625_1695871144138244_4865771212621812175_n-300x225.jpg 300w, https:\/\/guidetotheazores.pt\/wp-content\/uploads\/2025\/03\/273577625_1695871144138244_4865771212621812175_n-768x576.jpg 768w, https:\/\/guidetotheazores.pt\/wp-content\/uploads\/2025\/03\/273577625_1695871144138244_4865771212621812175_n-600x450.jpg 600w, https:\/\/guidetotheazores.pt\/wp-content\/uploads\/2025\/03\/273577625_1695871144138244_4865771212621812175_n-150x113.jpg 150w, https:\/\/guidetotheazores.pt\/wp-content\/uploads\/2025\/03\/273577625_1695871144138244_4865771212621812175_n.jpg 960w\" sizes=\"(max-width: 300px) 100vw, 300px\">\t\t<\/a>\n\n\t\t\n\t\t<div class=\"wrapp-swatches\"><\/div>\n\t<\/div>\n\n\t<div class=\"product-element-bottom product-information\">\n\t\t<h3 class=\"wd-entities-title\"><a href=\"https:\/\/guidetotheazores.pt\/it\/prodotto\/cupole-horta-cupola-geodetica\/\">Cupole Horta &#8211; Cupola geodetica<\/a><\/h3>\t\t\t\t<div class=\"product-rating-price\">\n\t\t\t<div class=\"wrapp-product-price\">\n\t\t\t\t\n\t<span class=\"price\"><span class=\"woocommerce-Price-amount amount\"><bdi><span class=\"woocommerce-Price-currencySymbol\">&euro;<\/span>65.00<\/bdi><\/span><\/span>\n        <\/a>\n                            <span class=\"details\">\n                        <a href=\"https:\/\/guidetotheazores.pt\/it\/partner\/quintadoabacate\/\">Quinta Do Abacate<\/a>                    <\/span>\n            \t\t\t\t\t\t\t<\/div>\n\t\t<\/div>\n\t\t\t\t<div class=\"fade-in-block wd-scroll\">\n\t\t\t<div class=\"hover-content wd-more-desc\">\n\t\t\t\t<div class=\"hover-content-inner wd-more-desc-inner\">\n\t\t\t\t\tProva il lusso unico del glamping sull'isola di Terceira: il comfort di un hotel con il fascino del campeggio.\t\t\t\t<\/div>\n\t\t\t\t<a href=\"#\" rel=\"nofollow\" class=\"wd-more-desc-btn\" aria-label=\"Read more description\"><\/a>\n\t\t\t<\/div>\n\t\t\t<div class=\" wd-bottom-actions\">\n\t\t\t\t<div class=\"wrap-wishlist-button\"><\/div>\n\t\t\t\t<div class=\"wd-add-btn wd-add-btn-replace\">\n\t\t\t\t\t<a href=\"https:\/\/guidetotheazores.pt\/it\/prodotto\/cupole-horta-cupola-geodetica\/\" aria-describedby=\"woocommerce_loop_add_to_cart_link_describedby_24835\" data-quantity=\"1\" class=\"button product_type_phive_booking add_to_cart_button add-to-cart-loop\" data-product_id=\"24835\" data-product_sku=\"\" aria-label=\"Leggi di pi\u00f9 su &quot;Cupole Horta - Cupola geodetica&quot;\" rel=\"nofollow\"><span>Prenota Ora<\/span><\/a>\t<span id=\"woocommerce_loop_add_to_cart_link_describedby_24835\" class=\"screen-reader-text\">\n\t\t\t<\/span>\n\t\t\t\t\t\t\t\t\t\t\t\t\t\t\t\t\t\t\t\t<\/div>\n\t\t\t\t<div class=\"wrap-quickview-button\"><\/div>\n\t\t\t<\/div>\n\n\t\t\t\t\t\t\n\t\t\t\t\t<\/div>\n\t<\/div>\n<\/div>\n<\/div>\n<div class=\"wd-product wd-hover-base wd-hover-with-fade wd-col product-grid-item product product-no-swatches type-product post-24213 status-publish first instock product_cat-attivita product_cat-sao-miguel-it product_cat-tutte-le-isole product_cat-visite-guidate product_tag-isoladisanmiguel has-post-thumbnail taxable shipping-taxable product-type-external\" data-loop=\"18\" data-id=\"24213\">\n\t\n\t\n<div class=\"product-wrapper\">\n\t<div class=\"content-product-imagin\"><\/div>\n\t<div class=\"product-element-top wd-quick-shop\">\n\t\t<a href=\"https:\/\/guidetotheazores.pt\/it\/prodotto\/tour-a-piedi-della-citta-di-ponta-delgada\/\" class=\"product-image-link\" tabindex=\"-1\" aria-label=\"Tour a piedi della citt\u00e0 di Ponta Delgada\">\n\t\t\t<img decoding=\"async\" width=\"300\" height=\"225\" src=\"https:\/\/guidetotheazores.pt\/wp-content\/uploads\/2026\/05\/Flow-Tours-Walking-Ponta-Delgada-Tour-Guide-to-the-Azores-300x225.webp\" class=\"attachment-woocommerce_thumbnail size-woocommerce_thumbnail\" alt=\"Flow Tours - Tour a piedi di Ponta Delgada - Guida alle Azzorre\" \/>\t\t<\/a>\n\n\t\t\t\t\t<div class=\"hover-img\">\n\t\t\t\t<img decoding=\"async\" width=\"300\" height=\"225\" src=\"https:\/\/guidetotheazores.pt\/wp-content\/uploads\/2026\/05\/Flow-Tours-Walking-Ponta-Delgada-Tour-Guide-to-the-Azores-300x225.webp\" class=\"attachment-woocommerce_thumbnail size-woocommerce_thumbnail\" alt=\"Flow Tours - Tour a piedi di Ponta Delgada - Guida alle Azzorre\" \/>\t\t\t<\/div>\n\t\t\t\n\t\t<div class=\"wrapp-swatches\"><\/div>\n\t<\/div>\n\n\t<div class=\"product-element-bottom product-information\">\n\t\t<h3 class=\"wd-entities-title\"><a href=\"https:\/\/guidetotheazores.pt\/it\/prodotto\/tour-a-piedi-della-citta-di-ponta-delgada\/\">Tour a piedi della citt\u00e0 di Ponta Delgada<\/a><\/h3>\t\t\t\t<div class=\"product-rating-price\">\n\t\t\t<div class=\"wrapp-product-price\">\n\t\t\t\t\n        <\/a>\n                            <span class=\"details\">\n                        <a href=\"https:\/\/guidetotheazores.pt\/it\/partner\/flow-tours\/\">Flow Tours<\/a>                    <\/span>\n            \t\t\t\t\t\t\t<\/div>\n\t\t<\/div>\n\t\t\t\t<div class=\"fade-in-block wd-scroll\">\n\t\t\t<div class=\"hover-content wd-more-desc\">\n\t\t\t\t<div class=\"hover-content-inner wd-more-desc-inner\">\n\t\t\t\t\tEntra nella storia della nostra citt\u00e0. Questo tour intimo a piedi ti porta al di l\u00e0 delle guide e nei vicoli acciottolati e negli angoli storici dove vivono le leggende. Guidato da un esperto del posto, ascolterai i racconti dei secoli passati, scoprirai le meraviglie architettoniche nascoste in bella vista e sentirai il ritmo vibrante della vita quotidiana. \u00c8 pi\u00f9 di un tour: \u00e8 una connessione autentica con l'anima della citt\u00e0.   \n&nbsp;\n\n<script src=\"https:\/\/fareharbor.com\/embeds\/script\/calendar\/flowtours\/items\/645510\/?asn=fhdn-eur&amp;asn-ref=guidetotheazores&amp;ref=guidetotheazores&amp;bookable-only=yes&amp;full-items=yes&amp;marketplace=yes&amp;flow=no&amp;branding=no\"><\/script>\n\nDurata - 3 ore\nPunto d'incontro - Porte della citt\u00e0 di Ponta Delgada\nGruppo - 20 persone\t\t\t\t<\/div>\n\t\t\t\t<a href=\"#\" rel=\"nofollow\" class=\"wd-more-desc-btn\" aria-label=\"Read more description\"><\/a>\n\t\t\t<\/div>\n\t\t\t<div class=\" wd-bottom-actions\">\n\t\t\t\t<div class=\"wrap-wishlist-button\"><\/div>\n\t\t\t\t<div class=\"wd-add-btn wd-add-btn-replace\">\n\t\t\t\t\t<a href=\"\" aria-describedby=\"woocommerce_loop_add_to_cart_link_describedby_24213\" data-quantity=\"1\" class=\"button product_type_external add-to-cart-loop\" data-product_id=\"24213\" data-product_sku=\"\" aria-label=\"Compra &ldquo;Tour a piedi della citt\u00e0 di Ponta Delgada&rdquo;\" rel=\"nofollow\"><span>Acquista prodotto<\/span><\/a>\t<span id=\"woocommerce_loop_add_to_cart_link_describedby_24213\" class=\"screen-reader-text\">\n\t\t\t<\/span>\n\t\t\t\t\t\t\t\t\t\t\t\t\t\t\t\t\t\t\t\t<\/div>\n\t\t\t\t<div class=\"wrap-quickview-button\"><\/div>\n\t\t\t<\/div>\n\n\t\t\t\t\t\t\n\t\t\t\t\t<\/div>\n\t<\/div>\n<\/div>\n<\/div>\n<div class=\"wd-product wd-hover-base wd-hover-with-fade wd-col product-grid-item product product-no-swatches type-product post-23917 status-publish instock product_cat-attivita product_cat-canyoning-it product_cat-sao-miguel-it product_cat-tutte-le-isole product_tag-isoladisanmiguel has-post-thumbnail taxable shipping-taxable product-type-external\" data-loop=\"19\" data-id=\"23917\">\n\t\n\t\n<div class=\"product-wrapper\">\n\t<div class=\"content-product-imagin\"><\/div>\n\t<div class=\"product-element-top wd-quick-shop\">\n\t\t<a href=\"https:\/\/guidetotheazores.pt\/it\/prodotto\/esperienza-di-canyoning\/\" class=\"product-image-link\" tabindex=\"-1\" aria-label=\"Esperienza di canyoning\">\n\t\t\t<img decoding=\"async\" width=\"300\" height=\"225\" src=\"https:\/\/guidetotheazores.pt\/wp-content\/uploads\/2026\/05\/GOPR9587-300x225.webp\" class=\"attachment-woocommerce_thumbnail size-woocommerce_thumbnail\" alt=\"Canyoning - S\u00e3o Miguel - Guida alle Azzorre\" srcset=\"https:\/\/guidetotheazores.pt\/wp-content\/uploads\/2026\/05\/GOPR9587-300x225.webp 300w, https:\/\/guidetotheazores.pt\/wp-content\/uploads\/2026\/05\/GOPR9587-1024x768.webp 1024w, https:\/\/guidetotheazores.pt\/wp-content\/uploads\/2026\/05\/GOPR9587-768x576.webp 768w, https:\/\/guidetotheazores.pt\/wp-content\/uploads\/2026\/05\/GOPR9587-600x450.webp 600w, https:\/\/guidetotheazores.pt\/wp-content\/uploads\/2026\/05\/GOPR9587-150x113.webp 150w, https:\/\/guidetotheazores.pt\/wp-content\/uploads\/2026\/05\/GOPR9587.webp 1200w\" sizes=\"(max-width: 300px) 100vw, 300px\" \/>\t\t<\/a>\n\n\t\t\t\t\t<div class=\"hover-img\">\n\t\t\t\t<img decoding=\"async\" width=\"300\" height=\"225\" src=\"https:\/\/guidetotheazores.pt\/wp-content\/uploads\/2026\/05\/GOPR8933-300x225.webp\" class=\"attachment-woocommerce_thumbnail size-woocommerce_thumbnail\" alt=\"Canyoning - S\u00e3o Miguel - Guida alle Azzorre\" \/>\t\t\t<\/div>\n\t\t\t\n\t\t<div class=\"wrapp-swatches\"><\/div>\n\t<\/div>\n\n\t<div class=\"product-element-bottom product-information\">\n\t\t<h3 class=\"wd-entities-title\"><a href=\"https:\/\/guidetotheazores.pt\/it\/prodotto\/esperienza-di-canyoning\/\">Esperienza di canyoning<\/a><\/h3>\t\t\t\t<div class=\"product-rating-price\">\n\t\t\t<div class=\"wrapp-product-price\">\n\t\t\t\t\n        <\/a>\n                            <span class=\"details\">\n                        <a href=\"https:\/\/guidetotheazores.pt\/it\/partner\/azorean-active-blueberry\/\">Azorean Active Blueberry<\/a>                    <\/span>\n            \t\t\t\t\t\t\t<\/div>\n\t\t<\/div>\n\t\t\t\t<div class=\"fade-in-block wd-scroll\">\n\t\t\t<div class=\"hover-content wd-more-desc\">\n\t\t\t\t<div class=\"hover-content-inner wd-more-desc-inner\">\n\t\t\t\t\tImmergiti nella natura con un tour guidato di canyoning a Ribeira Grande. Indossa la tua attrezzatura di sicurezza e prova l'emozione di saltare, fare ziplining e calarti da splendide cascate. \n&nbsp;\n\n<script src=\"https:\/\/fareharbor.com\/embeds\/script\/calendar\/azoreanactiveblueberry\/items\/136092\/?asn=fhdn-eur&amp;asn-ref=guidetotheazores&amp;ref=guidetotheazores&amp;bookable-only=yes&amp;full-items=yes&amp;marketplace=yes&amp;flow=no&amp;branding=no\"><\/script>\n\nDurata - 3 ore\nPunto d'incontro - https:\/\/maps.app.goo.gl\/CsCTKzWBxcQWNSxQ7\nCancellazioni - 48 ore prima della data dell'attivit\u00e0\nEt\u00e0 - 6 - 75\nAccessibilit\u00e0 - Non accessibile a passeggini e sedie a rotelle\n\t\t\t\t<\/div>\n\t\t\t\t<a href=\"#\" rel=\"nofollow\" class=\"wd-more-desc-btn\" aria-label=\"Read more description\"><\/a>\n\t\t\t<\/div>\n\t\t\t<div class=\" wd-bottom-actions\">\n\t\t\t\t<div class=\"wrap-wishlist-button\"><\/div>\n\t\t\t\t<div class=\"wd-add-btn wd-add-btn-replace\">\n\t\t\t\t\t<a href=\"\" aria-describedby=\"woocommerce_loop_add_to_cart_link_describedby_23917\" data-quantity=\"1\" class=\"button product_type_external add-to-cart-loop\" data-product_id=\"23917\" data-product_sku=\"\" aria-label=\"Compra &ldquo;Esperienza di canyoning&rdquo;\" rel=\"nofollow\"><span>Acquista prodotto<\/span><\/a>\t<span id=\"woocommerce_loop_add_to_cart_link_describedby_23917\" class=\"screen-reader-text\">\n\t\t\t<\/span>\n\t\t\t\t\t\t\t\t\t\t\t\t\t\t\t\t\t\t\t\t<\/div>\n\t\t\t\t<div class=\"wrap-quickview-button\"><\/div>\n\t\t\t<\/div>\n\n\t\t\t\t\t\t\n\t\t\t\t\t<\/div>\n\t<\/div>\n<\/div>\n<\/div>\n<\/div>\n<\/div><\/div>\t\t\t\t<\/div>\n\t\t\t\t<\/div>\n\t\t\t\t\t<\/div>\n\t\t<\/div>\n\t\t\t\t\t<\/div>\n\t\t<\/section>\n\t\t\t\t<\/div>\n\t\t","protected":false},"excerpt":{"rendered":"<p>Le Azzorre sono 9 isole lussureggianti nel mezzo dell&#8217;Oceano Atlantico. Si trovano a circa 1.500 km al largo delle coste portoghesi e sono abbastanza distanti l&#8217;una dall&#8217;altra, ad eccezione delle tre isole di Faial, Pico e S\u00e3o Jorge (il Triangolo delle Azzorre). Quindi, se avete un tempo limitato per la vostra vacanza, qual \u00e8 la migliore isola delle Azzorre da visitare? Quale gruppo di isole dovreste visitare?<\/p>\n","protected":false},"author":1,"featured_media":9496,"comment_status":"open","ping_status":"open","sticky":true,"template":"","format":"standard","meta":{"_acf_changed":false,"footnotes":""},"categories":[577,581],"tags":[],"class_list":["post-9690","post","type-post","status-publish","format-standard","has-post-thumbnail","hentry","category-attrazioni-delle-azzorre","category-info-sulle-azzorre"],"acf":[],"_links":{"self":[{"href":"https:\/\/guidetotheazores.pt\/it\/wp-json\/wp\/v2\/posts\/9690","targetHints":{"allow":["GET"]}}],"collection":[{"href":"https:\/\/guidetotheazores.pt\/it\/wp-json\/wp\/v2\/posts"}],"about":[{"href":"https:\/\/guidetotheazores.pt\/it\/wp-json\/wp\/v2\/types\/post"}],"author":[{"embeddable":true,"href":"https:\/\/guidetotheazores.pt\/it\/wp-json\/wp\/v2\/users\/1"}],"replies":[{"embeddable":true,"href":"https:\/\/guidetotheazores.pt\/it\/wp-json\/wp\/v2\/comments?post=9690"}],"version-history":[{"count":2,"href":"https:\/\/guidetotheazores.pt\/it\/wp-json\/wp\/v2\/posts\/9690\/revisions"}],"predecessor-version":[{"id":20950,"href":"https:\/\/guidetotheazores.pt\/it\/wp-json\/wp\/v2\/posts\/9690\/revisions\/20950"}],"wp:featuredmedia":[{"embeddable":true,"href":"https:\/\/guidetotheazores.pt\/it\/wp-json\/wp\/v2\/media\/9496"}],"wp:attachment":[{"href":"https:\/\/guidetotheazores.pt\/it\/wp-json\/wp\/v2\/media?parent=9690"}],"wp:term":[{"taxonomy":"category","embeddable":true,"href":"https:\/\/guidetotheazores.pt\/it\/wp-json\/wp\/v2\/categories?post=9690"},{"taxonomy":"post_tag","embeddable":true,"href":"https:\/\/guidetotheazores.pt\/it\/wp-json\/wp\/v2\/tags?post=9690"}],"curies":[{"name":"wp","href":"https:\/\/api.w.org\/{rel}","templated":true}]}}