{"id":8678,"date":"2021-10-04T09:42:25","date_gmt":"2021-10-04T10:42:25","guid":{"rendered":"https:\/\/guidetotheazores.pt\/onde-ficar-nos-acores\/"},"modified":"2024-02-10T13:27:53","modified_gmt":"2024-02-10T14:27:53","slug":"onde-ficar-nos-acores","status":"publish","type":"post","link":"https:\/\/guidetotheazores.pt\/pt-pt\/onde-ficar-nos-acores\/","title":{"rendered":"Onde ficar nos A\u00e7ores"},"content":{"rendered":"\t\t<div data-elementor-type=\"wp-post\" data-elementor-id=\"8678\" class=\"elementor elementor-8678 elementor-5846\" data-elementor-post-type=\"post\">\n\t\t\t\t\t\t<section class=\"wd-negative-gap elementor-section elementor-top-section elementor-element elementor-element-1cca9f8 elementor-section-boxed elementor-section-height-default elementor-section-height-default\" data-id=\"1cca9f8\" data-element_type=\"section\" data-e-type=\"section\">\n\t\t\t\t\t\t<div class=\"elementor-container elementor-column-gap-default\">\n\t\t\t\t\t<div class=\"elementor-column elementor-col-100 elementor-top-column elementor-element elementor-element-482ca15\" data-id=\"482ca15\" data-element_type=\"column\" data-e-type=\"column\">\n\t\t\t<div class=\"elementor-widget-wrap elementor-element-populated\">\n\t\t\t\t\t\t<div class=\"elementor-element elementor-element-0583cc3 color-scheme-inherit text-left elementor-widget elementor-widget-text-editor\" data-id=\"0583cc3\" data-element_type=\"widget\" data-e-type=\"widget\" data-widget_type=\"text-editor.default\">\n\t\t\t\t<div class=\"elementor-widget-container\">\n\t\t\t\t\t\t\t\t\t<p style=\"margin-bottom: var(--wd-tags-mb); font-variant-ligatures: normal; font-variant-caps: normal; font-size: 16px;\">Com o desenvolvimento do turismo, a oferta de locais onde ficar nos A\u00e7ores aumentou significativamente nos \u00faltimos anos e tamb\u00e9m se diferenciou.<\/p>\n<p style=\"margin-bottom: var(--wd-tags-mb); font-variant-ligatures: normal; font-variant-caps: normal; font-size: 16px;\">Nas ilhas dos A\u00e7ores, sendo um arquip\u00e9lago remoto e n\u00e3o muito grande, a procura pode tornar-se um pouco mais dif\u00edcil durante os per\u00edodos de ver\u00e3o, por isso \u00e9 bom reservar, mas fora da \u00e9poca alta nunca \u00e9 um problema encontrar um bom lugar para ficar.<\/p>\n<p style=\"margin-bottom: var(--wd-tags-mb); font-variant-ligatures: normal; font-variant-caps: normal; font-size: 16px;\"><span style=\"color: var(--wd-title-color); font-family: 'Exo 2', sans-serif; font-size: 24px; font-style: normal; font-variant-ligatures: normal; font-variant-caps: normal; font-weight: 400; text-align: var(--text-align); background-color: var(--wd-main-bgcolor);\">Alojamento Local<\/span><\/p>\n<p style=\"margin-bottom: var(--wd-tags-mb); font-variant-ligatures: normal; font-variant-caps: normal; font-size: 16px;\">O aluguer de casas locais est\u00e1 muito difundido em todas as ilhas, desde quartos individuais a casas ou moradias inteiras, por uma noite ou mesmo por per\u00edodos mais longos.<\/p>\n<p style=\"margin-bottom: var(--wd-tags-mb); font-variant-ligatures: normal; font-variant-caps: normal; font-size: 16px;\"> <span style=\"font-family: 'Exo 2', sans-serif; font-size: 16px; font-style: normal; font-variant-ligatures: normal; font-variant-caps: normal; font-weight: 400; color: var( --e-global-color-text ); text-align: var(--text-align); background-color: var(--wd-main-bgcolor);\">Nas ilhas mais remotas e, em geral, nos meses mais calmos, podes tentar ir sem ter nada reservado, encontrar alojamento para a noite n\u00e3o deve ser uma tarefa assim t\u00e3o dif\u00edcil.<\/span><\/p>\n<p style=\"margin-bottom: var(--wd-tags-mb); font-variant-ligatures: normal; font-variant-caps: normal; font-size: 16px;\"><span style=\"font-family: 'Exo 2', sans-serif; font-size: 16px; font-style: normal; font-variant-ligatures: normal; font-variant-caps: normal; font-weight: 400; color: var( --e-global-color-text ); text-align: var(--text-align); background-color: var(--wd-main-bgcolor);\"> <\/span><\/p>\n\t\t\t\t\t\t\t\t<\/div>\n\t\t\t\t<\/div>\n\t\t\t\t\t<\/div>\n\t\t<\/div>\n\t\t\t\t\t<\/div>\n\t\t<\/section>\n\t\t\t\t<section class=\"wd-negative-gap elementor-section elementor-top-section elementor-element elementor-element-5e2773d7 elementor-section-boxed elementor-section-height-default elementor-section-height-default\" data-id=\"5e2773d7\" data-element_type=\"section\" data-e-type=\"section\">\n\t\t\t\t\t\t<div class=\"elementor-container elementor-column-gap-default\">\n\t\t\t\t\t<div class=\"elementor-column elementor-col-100 elementor-top-column elementor-element elementor-element-52aab3ee\" data-id=\"52aab3ee\" data-element_type=\"column\" data-e-type=\"column\" data-settings=\"{&quot;background_background&quot;:&quot;classic&quot;}\">\n\t\t\t<div class=\"elementor-widget-wrap elementor-element-populated\">\n\t\t\t\t\t\t<div class=\"elementor-element elementor-element-5870b7ad elementor-widget elementor-widget-heading\" data-id=\"5870b7ad\" data-element_type=\"widget\" data-e-type=\"widget\" data-widget_type=\"heading.default\">\n\t\t\t\t<div class=\"elementor-widget-container\">\n\t\t\t\t\t<h2 class=\"elementor-heading-title elementor-size-default\">Alojamentos populares<\/h2>\t\t\t\t<\/div>\n\t\t\t\t<\/div>\n\t\t\t\t<div class=\"elementor-element elementor-element-205ef32e elementor-grid-3 elementor-grid-tablet-3 elementor-grid-mobile-2 elementor-products-grid elementor-wc-products elementor-widget elementor-widget-woocommerce-products\" data-id=\"205ef32e\" data-element_type=\"widget\" data-e-type=\"widget\" data-widget_type=\"woocommerce-products.default\">\n\t\t\t\t<div class=\"elementor-widget-container\">\n\t\t\t\t\t<div class=\"woocommerce columns-3 \"><div class=\"wd-products-element\">\t\t\t<div class=\"wd-sticky-loader wd-content-loader\"><span class=\"wd-loader\"><\/span><\/div>\n\t\t\n<div class=\"products wd-products wd-grid-g grid-columns-4 elements-grid pagination-infinit title-line-two\" data-source=\"main_loop\" data-min_price=\"\" data-max_price=\"\" data-columns=\"4\" style=\"--wd-col-lg:4;--wd-col-md:4;--wd-col-sm:2;--wd-gap-lg:20px;--wd-gap-sm:10px;\">\n<div class=\"wd-product wd-hover-base wd-hover-with-fade wd-col product-grid-item product has-stars product-no-swatches type-product post-8770 status-publish instock product_cat-alojamento product_cat-alojamento-local-pt-pt product_cat-faial-pt-pt product_cat-todas-as-ilhas product_tag-ilhadofaial has-post-thumbnail virtual sold-individually taxable purchasable product-type-phive_booking\" data-loop=\"1\" data-id=\"8770\">\n\t\n\t\n<div class=\"product-wrapper\">\n\t<div class=\"content-product-imagin\"><\/div>\n\t<div class=\"product-element-top wd-quick-shop\">\n\t\t<a href=\"https:\/\/guidetotheazores.pt\/pt-pt\/produto\/casa-aguaplano-cottage\/\" class=\"product-image-link\" tabindex=\"-1\" aria-label=\"Casa Aguaplano Casa de campo acolhedora\">\n\t\t\t<img decoding=\"async\" width=\"300\" height=\"225\" src=\"https:\/\/guidetotheazores.pt\/wp-content\/uploads\/2021\/11\/Casa-Aguaplano-Cottage-300x225.jpeg\" class=\"attachment-woocommerce_thumbnail size-woocommerce_thumbnail\" alt=\"Casa de campo Casa Aguaplano\" srcset=\"https:\/\/guidetotheazores.pt\/wp-content\/uploads\/2021\/11\/Casa-Aguaplano-Cottage-300x225.jpeg 300w, https:\/\/guidetotheazores.pt\/wp-content\/uploads\/2021\/11\/Casa-Aguaplano-Cottage-768x576.jpeg 768w, https:\/\/guidetotheazores.pt\/wp-content\/uploads\/2021\/11\/Casa-Aguaplano-Cottage-192x144.jpeg 192w, https:\/\/guidetotheazores.pt\/wp-content\/uploads\/2021\/11\/Casa-Aguaplano-Cottage-384x288.jpeg 384w, https:\/\/guidetotheazores.pt\/wp-content\/uploads\/2021\/11\/Casa-Aguaplano-Cottage-90x67.jpeg 90w, https:\/\/guidetotheazores.pt\/wp-content\/uploads\/2021\/11\/Casa-Aguaplano-Cottage-180x135.jpeg 180w, https:\/\/guidetotheazores.pt\/wp-content\/uploads\/2021\/11\/Casa-Aguaplano-Cottage-561x421.jpeg 561w, https:\/\/guidetotheazores.pt\/wp-content\/uploads\/2021\/11\/Casa-Aguaplano-Cottage-265x199.jpeg 265w, https:\/\/guidetotheazores.pt\/wp-content\/uploads\/2021\/11\/Casa-Aguaplano-Cottage-531x398.jpeg 531w, https:\/\/guidetotheazores.pt\/wp-content\/uploads\/2021\/11\/Casa-Aguaplano-Cottage-364x273.jpeg 364w, https:\/\/guidetotheazores.pt\/wp-content\/uploads\/2021\/11\/Casa-Aguaplano-Cottage-728x546.jpeg 728w, https:\/\/guidetotheazores.pt\/wp-content\/uploads\/2021\/11\/Casa-Aguaplano-Cottage-608x456.jpeg 608w, https:\/\/guidetotheazores.pt\/wp-content\/uploads\/2021\/11\/Casa-Aguaplano-Cottage-758x569.jpeg 758w, https:\/\/guidetotheazores.pt\/wp-content\/uploads\/2021\/11\/Casa-Aguaplano-Cottage-600x450.jpeg 600w, https:\/\/guidetotheazores.pt\/wp-content\/uploads\/2021\/11\/Casa-Aguaplano-Cottage.jpeg 1024w\" sizes=\"(max-width: 300px) 100vw, 300px\" \/>\t\t<\/a>\n\n\t\t\t\t\t<div class=\"hover-img\">\n\t\t\t\t<img decoding=\"async\" width=\"300\" height=\"225\" src=\"https:\/\/guidetotheazores.pt\/wp-content\/uploads\/2021\/11\/Casa-Aguaplano-Eng-300x225.jpg\" class=\"attachment-woocommerce_thumbnail size-woocommerce_thumbnail\" alt=\"Casa Aguaplano - Guide to the Azores - Faial\" srcset=\"https:\/\/guidetotheazores.pt\/wp-content\/uploads\/2021\/11\/Casa-Aguaplano-Eng-300x225.jpg 300w, https:\/\/guidetotheazores.pt\/wp-content\/uploads\/2021\/11\/Casa-Aguaplano-Eng-600x450.jpg 600w\" sizes=\"(max-width: 300px) 100vw, 300px\" \/>\t\t\t<\/div>\n\t\t\t\n\t\t<div class=\"wrapp-swatches\"><\/div>\n\t<\/div>\n\n\t<div class=\"product-element-bottom product-information\">\n\t\t<h3 class=\"wd-entities-title\"><a href=\"https:\/\/guidetotheazores.pt\/pt-pt\/produto\/casa-aguaplano-cottage\/\">Casa Aguaplano Casa de campo acolhedora<\/a><\/h3>\t\t\t\t<div class=\"product-rating-price\">\n\t\t\t<div class=\"wrapp-product-price\">\n\t\t\t\t\n\t<span class=\"price\"><span class=\"woocommerce-Price-amount amount\"><bdi><span class=\"woocommerce-Price-currencySymbol\">&euro;<\/span>70.00<\/bdi><\/span>&nbsp;<span class = \"ph-bookings-display-cost-suffix\">Single\/Double<\/span><\/span>\n        <\/a>\n                            <span class=\"details\">\n                        <a href=\"https:\/\/guidetotheazores.pt\/pt-pt\/partner\/aguaplano\/\">Casa Aguaplano<\/a>                    <\/span>\n            \t\t\t\t\t\t\n\t\t\t\t<div class=\"star-rating\" role=\"img\" aria-label=\"Avalia\u00e7\u00e3o 5.00 de 5\">\n\t\t\t\t\t<span style=\"width:100%\">\n\t\t\tAvalia\u00e7\u00e3o <strong class=\"rating\">5.00<\/strong> de 5\t\t<\/span>\n\t\t\t\t<\/div>\n\n\t\t\n\t\t\t\t\t\t\t<\/div>\n\t\t<\/div>\n\t\t\t\t<div class=\"fade-in-block wd-scroll\">\n\t\t\t<div class=\"hover-content wd-more-desc\">\n\t\t\t\t<div class=\"hover-content-inner wd-more-desc-inner\">\n\t\t\t\t\tAconchegante casa de madeira de 30 m2 perto do Vulc\u00e3o dos Capelinhos com vista para o mar, fabuloso p\u00f4r do sol, p\u00e1tio para churrasco e todas as comodidades. A minutos das piscinas naturais e da Horta. \n\n&nbsp;\t\t\t\t<\/div>\n\t\t\t\t<a href=\"#\" rel=\"nofollow\" class=\"wd-more-desc-btn\" aria-label=\"Read more description\"><\/a>\n\t\t\t<\/div>\n\t\t\t<div class=\" wd-bottom-actions\">\n\t\t\t\t<div class=\"wrap-wishlist-button\"><\/div>\n\t\t\t\t<div class=\"wd-add-btn wd-add-btn-replace\">\n\t\t\t\t\t<a href=\"https:\/\/guidetotheazores.pt\/pt-pt\/produto\/casa-aguaplano-cottage\/\" aria-describedby=\"woocommerce_loop_add_to_cart_link_describedby_8770\" data-quantity=\"1\" class=\"button product_type_phive_booking add_to_cart_button add-to-cart-loop\" data-product_id=\"8770\" data-product_sku=\"\" aria-label=\"Leia mais sobre &ldquo;Casa Aguaplano Casa de campo acolhedora&rdquo;\" rel=\"nofollow\"><span>Reservar Agora<\/span><\/a>\t<span id=\"woocommerce_loop_add_to_cart_link_describedby_8770\" class=\"screen-reader-text\">\n\t\t\t<\/span>\n\t\t\t\t\t\t\t\t\t\t\t\t\t\t\t\t\t\t\t\t<\/div>\n\t\t\t\t<div class=\"wrap-quickview-button\"><\/div>\n\t\t\t<\/div>\n\n\t\t\t\t\t\t\n\t\t\t\t\t<\/div>\n\t<\/div>\n<\/div>\n<\/div>\n<div class=\"wd-product wd-hover-base wd-hover-with-fade wd-col product-grid-item product product-no-swatches type-product post-10736 status-publish last instock product_cat-alojamento product_cat-alojamento-local-pt-pt product_cat-faial-pt-pt product_cat-todas-as-ilhas product_tag-ilhadofaial has-post-thumbnail virtual sold-individually taxable purchasable product-type-phive_booking\" data-loop=\"2\" data-id=\"10736\">\n\t\n\t\n<div class=\"product-wrapper\">\n\t<div class=\"content-product-imagin\"><\/div>\n\t<div class=\"product-element-top wd-quick-shop\">\n\t\t<a href=\"https:\/\/guidetotheazores.pt\/pt-pt\/produto\/casa-aguaplano-suite\/\" class=\"product-image-link\" tabindex=\"-1\" aria-label=\"Casa Aguaplano Suite (Dispon\u00edvel em breve)\">\n\t\t\t<img decoding=\"async\" width=\"300\" height=\"225\" src=\"https:\/\/guidetotheazores.pt\/wp-content\/uploads\/2023\/10\/Casa-Aguaplano-Suite-300x225.jpeg\" class=\"attachment-woocommerce_thumbnail size-woocommerce_thumbnail\" alt=\"\" srcset=\"https:\/\/guidetotheazores.pt\/wp-content\/uploads\/2023\/10\/Casa-Aguaplano-Suite-300x225.jpeg 300w, https:\/\/guidetotheazores.pt\/wp-content\/uploads\/2023\/10\/Casa-Aguaplano-Suite-768x576.jpeg 768w, https:\/\/guidetotheazores.pt\/wp-content\/uploads\/2023\/10\/Casa-Aguaplano-Suite-192x144.jpeg 192w, https:\/\/guidetotheazores.pt\/wp-content\/uploads\/2023\/10\/Casa-Aguaplano-Suite-384x288.jpeg 384w, https:\/\/guidetotheazores.pt\/wp-content\/uploads\/2023\/10\/Casa-Aguaplano-Suite-90x67.jpeg 90w, https:\/\/guidetotheazores.pt\/wp-content\/uploads\/2023\/10\/Casa-Aguaplano-Suite-180x135.jpeg 180w, https:\/\/guidetotheazores.pt\/wp-content\/uploads\/2023\/10\/Casa-Aguaplano-Suite-561x421.jpeg 561w, https:\/\/guidetotheazores.pt\/wp-content\/uploads\/2023\/10\/Casa-Aguaplano-Suite-265x199.jpeg 265w, https:\/\/guidetotheazores.pt\/wp-content\/uploads\/2023\/10\/Casa-Aguaplano-Suite-531x398.jpeg 531w, https:\/\/guidetotheazores.pt\/wp-content\/uploads\/2023\/10\/Casa-Aguaplano-Suite-364x273.jpeg 364w, https:\/\/guidetotheazores.pt\/wp-content\/uploads\/2023\/10\/Casa-Aguaplano-Suite-728x546.jpeg 728w, https:\/\/guidetotheazores.pt\/wp-content\/uploads\/2023\/10\/Casa-Aguaplano-Suite-608x456.jpeg 608w, https:\/\/guidetotheazores.pt\/wp-content\/uploads\/2023\/10\/Casa-Aguaplano-Suite-758x569.jpeg 758w, https:\/\/guidetotheazores.pt\/wp-content\/uploads\/2023\/10\/Casa-Aguaplano-Suite-600x450.jpeg 600w, https:\/\/guidetotheazores.pt\/wp-content\/uploads\/2023\/10\/Casa-Aguaplano-Suite.jpeg 1024w\" sizes=\"(max-width: 300px) 100vw, 300px\">\t\t<\/a>\n\n\t\t\t\t\t<div class=\"hover-img\">\n\t\t\t\t<img decoding=\"async\" width=\"300\" height=\"225\" src=\"https:\/\/guidetotheazores.pt\/wp-content\/uploads\/2021\/11\/IMG_0053-scaled-300x225.jpg\" class=\"attachment-woocommerce_thumbnail size-woocommerce_thumbnail\" alt=\"\" srcset=\"https:\/\/guidetotheazores.pt\/wp-content\/uploads\/2021\/11\/IMG_0053-scaled-300x225.jpg 300w, https:\/\/guidetotheazores.pt\/wp-content\/uploads\/2021\/11\/IMG_0053-1024x768.jpg 1024w, https:\/\/guidetotheazores.pt\/wp-content\/uploads\/2021\/11\/IMG_0053-768x576.jpg 768w, https:\/\/guidetotheazores.pt\/wp-content\/uploads\/2021\/11\/IMG_0053-1536x1152.jpg 1536w, https:\/\/guidetotheazores.pt\/wp-content\/uploads\/2021\/11\/IMG_0053-2048x1536.jpg 2048w, https:\/\/guidetotheazores.pt\/wp-content\/uploads\/2021\/11\/IMG_0053-192x144.jpg 192w, https:\/\/guidetotheazores.pt\/wp-content\/uploads\/2021\/11\/IMG_0053-384x288.jpg 384w, https:\/\/guidetotheazores.pt\/wp-content\/uploads\/2021\/11\/IMG_0053-90x67.jpg 90w, https:\/\/guidetotheazores.pt\/wp-content\/uploads\/2021\/11\/IMG_0053-180x135.jpg 180w, https:\/\/guidetotheazores.pt\/wp-content\/uploads\/2021\/11\/IMG_0053-561x421.jpg 561w, https:\/\/guidetotheazores.pt\/wp-content\/uploads\/2021\/11\/IMG_0053-1122x842.jpg 1122w, https:\/\/guidetotheazores.pt\/wp-content\/uploads\/2021\/11\/IMG_0053-265x199.jpg 265w, https:\/\/guidetotheazores.pt\/wp-content\/uploads\/2021\/11\/IMG_0053-531x398.jpg 531w, https:\/\/guidetotheazores.pt\/wp-content\/uploads\/2021\/11\/IMG_0053-364x273.jpg 364w, https:\/\/guidetotheazores.pt\/wp-content\/uploads\/2021\/11\/IMG_0053-728x546.jpg 728w, https:\/\/guidetotheazores.pt\/wp-content\/uploads\/2021\/11\/IMG_0053-608x456.jpg 608w, https:\/\/guidetotheazores.pt\/wp-content\/uploads\/2021\/11\/IMG_0053-758x569.jpg 758w, https:\/\/guidetotheazores.pt\/wp-content\/uploads\/2021\/11\/IMG_0053-1152x864.jpg 1152w, https:\/\/guidetotheazores.pt\/wp-content\/uploads\/2021\/11\/IMG_0053-313x235.jpg 313w, https:\/\/guidetotheazores.pt\/wp-content\/uploads\/2021\/11\/IMG_0053-600x450.jpg 600w\" sizes=\"(max-width: 300px) 100vw, 300px\">\t\t\t<\/div>\n\t\t\t\n\t\t<div class=\"wrapp-swatches\"><\/div>\n\t<\/div>\n\n\t<div class=\"product-element-bottom product-information\">\n\t\t<h3 class=\"wd-entities-title\"><a href=\"https:\/\/guidetotheazores.pt\/pt-pt\/produto\/casa-aguaplano-suite\/\">Casa Aguaplano Suite (Dispon\u00edvel em breve)<\/a><\/h3>\t\t\t\t<div class=\"product-rating-price\">\n\t\t\t<div class=\"wrapp-product-price\">\n\t\t\t\t\n\t<span class=\"price\"><span class=\"woocommerce-Price-amount amount\"><bdi><span class=\"woocommerce-Price-currencySymbol\">&euro;<\/span>80.00<\/bdi><\/span>&nbsp;<span class = \"ph-bookings-display-cost-suffix\">Double<\/span><\/span>\n        <\/a>\n                            <span class=\"details\">\n                        <a href=\"https:\/\/guidetotheazores.pt\/pt-pt\/partner\/aguaplano\/\">Casa Aguaplano<\/a>                    <\/span>\n            \t\t\t\t\t\t\t<\/div>\n\t\t<\/div>\n\t\t\t\t<div class=\"fade-in-block wd-scroll\">\n\t\t\t<div class=\"hover-content wd-more-desc\">\n\t\t\t\t<div class=\"hover-content-inner wd-more-desc-inner\">\n\t\t\t\t\tDispon\u00edvel em breve!\r\n\r\nAdequada para uma fam\u00edlia ou um grupo de amigos, esta suite de 90 m\u00b2 \u00e9 espa\u00e7osa, com uma grande cozinha, uma acolhedora sala de estar com um fog\u00e3o a lenha e um escrit\u00f3rio com um sof\u00e1 que tamb\u00e9m pode ser utilizado como cama extra. O deck em frente oferece a oportunidade de desfrutar de um p\u00f4r do sol incompar\u00e1vel\r\n\r\nVenha desfrutar do sossego do campo numa das zonas mais verdejantes do Faial, acordando com a vista deslumbrante do oceano e dos in\u00fameros melros cantores.\t\t\t\t<\/div>\n\t\t\t\t<a href=\"#\" rel=\"nofollow\" class=\"wd-more-desc-btn\" aria-label=\"Read more description\"><\/a>\n\t\t\t<\/div>\n\t\t\t<div class=\" wd-bottom-actions\">\n\t\t\t\t<div class=\"wrap-wishlist-button\"><\/div>\n\t\t\t\t<div class=\"wd-add-btn wd-add-btn-replace\">\n\t\t\t\t\t<a href=\"https:\/\/guidetotheazores.pt\/pt-pt\/produto\/casa-aguaplano-suite\/\" aria-describedby=\"woocommerce_loop_add_to_cart_link_describedby_10736\" data-quantity=\"1\" class=\"button product_type_phive_booking add_to_cart_button add-to-cart-loop\" data-product_id=\"10736\" data-product_sku=\"\" aria-label=\"Leia mais sobre &ldquo;Casa Aguaplano Suite (Dispon\u00edvel em breve)&rdquo;\" rel=\"nofollow\"><span>Reservar Agora<\/span><\/a>\t<span id=\"woocommerce_loop_add_to_cart_link_describedby_10736\" class=\"screen-reader-text\">\n\t\t\t<\/span>\n\t\t\t\t\t\t\t\t\t\t\t\t\t\t\t\t\t\t\t\t<\/div>\n\t\t\t\t<div class=\"wrap-quickview-button\"><\/div>\n\t\t\t<\/div>\n\n\t\t\t\t\t\t\n\t\t\t\t\t<\/div>\n\t<\/div>\n<\/div>\n<\/div>\n<div class=\"wd-product wd-hover-base wd-hover-with-fade wd-col product-grid-item product product-no-swatches type-product post-8779 status-publish first instock product_cat-alojamento product_cat-alojamento-local-pt-pt product_cat-faial-pt-pt product_cat-todas-as-ilhas product_tag-ilhadofaial has-post-thumbnail virtual sold-individually taxable purchasable product-type-phive_booking\" data-loop=\"3\" data-id=\"8779\">\n\t\n\t\n<div class=\"product-wrapper\">\n\t<div class=\"content-product-imagin\"><\/div>\n\t<div class=\"product-element-top wd-quick-shop\">\n\t\t<a href=\"https:\/\/guidetotheazores.pt\/pt-pt\/produto\/cortador\/\" class=\"product-image-link\" tabindex=\"-1\" aria-label=\"CLIPPER &#8211; Quarto Duplo, Vista Mar, Casa de Banho Partilhada\">\n\t\t\t<img decoding=\"async\" width=\"300\" height=\"225\" src=\"https:\/\/guidetotheazores.pt\/wp-content\/uploads\/2022\/02\/clipper_02-OK-300x225.jpg\" class=\"attachment-woocommerce_thumbnail size-woocommerce_thumbnail\" alt=\"\" srcset=\"https:\/\/guidetotheazores.pt\/wp-content\/uploads\/2022\/02\/clipper_02-OK-300x225.jpg 300w, https:\/\/guidetotheazores.pt\/wp-content\/uploads\/2022\/02\/clipper_02-OK-192x144.jpg 192w, https:\/\/guidetotheazores.pt\/wp-content\/uploads\/2022\/02\/clipper_02-OK-384x288.jpg 384w, https:\/\/guidetotheazores.pt\/wp-content\/uploads\/2022\/02\/clipper_02-OK-90x67.jpg 90w, https:\/\/guidetotheazores.pt\/wp-content\/uploads\/2022\/02\/clipper_02-OK-180x135.jpg 180w, https:\/\/guidetotheazores.pt\/wp-content\/uploads\/2022\/02\/clipper_02-OK-561x421.jpg 561w\" sizes=\"(max-width: 300px) 100vw, 300px\">\t\t<\/a>\n\n\t\t\t\t\t<div class=\"hover-img\">\n\t\t\t\t<img decoding=\"async\" width=\"300\" height=\"225\" src=\"https:\/\/guidetotheazores.pt\/wp-content\/uploads\/2022\/02\/Clipper-04-OK-copia-300x225.jpg\" class=\"attachment-woocommerce_thumbnail size-woocommerce_thumbnail\" alt=\"\" srcset=\"https:\/\/guidetotheazores.pt\/wp-content\/uploads\/2022\/02\/Clipper-04-OK-copia-300x225.jpg 300w, https:\/\/guidetotheazores.pt\/wp-content\/uploads\/2022\/02\/Clipper-04-OK-copia-192x144.jpg 192w, https:\/\/guidetotheazores.pt\/wp-content\/uploads\/2022\/02\/Clipper-04-OK-copia-384x288.jpg 384w, https:\/\/guidetotheazores.pt\/wp-content\/uploads\/2022\/02\/Clipper-04-OK-copia-90x67.jpg 90w, https:\/\/guidetotheazores.pt\/wp-content\/uploads\/2022\/02\/Clipper-04-OK-copia-180x135.jpg 180w, https:\/\/guidetotheazores.pt\/wp-content\/uploads\/2022\/02\/Clipper-04-OK-copia-561x421.jpg 561w\" sizes=\"(max-width: 300px) 100vw, 300px\">\t\t\t<\/div>\n\t\t\t\n\t\t<div class=\"wrapp-swatches\"><\/div>\n\t<\/div>\n\n\t<div class=\"product-element-bottom product-information\">\n\t\t<h3 class=\"wd-entities-title\"><a href=\"https:\/\/guidetotheazores.pt\/pt-pt\/produto\/cortador\/\">CLIPPER &#8211; Quarto Duplo, Vista Mar, Casa de Banho Partilhada<\/a><\/h3>\t\t\t\t<div class=\"product-rating-price\">\n\t\t\t<div class=\"wrapp-product-price\">\n\t\t\t\t\n\t<span class=\"price\"><span class=\"woocommerce-Price-amount amount\"><bdi><span class=\"woocommerce-Price-currencySymbol\">&euro;<\/span>55.00<\/bdi><\/span>&nbsp;<span class = \"ph-bookings-display-cost-suffix\">From<\/span><\/span>\n        <\/a>\n                            <span class=\"details\">\n                        <a href=\"https:\/\/guidetotheazores.pt\/pt-pt\/partner\/casabuonvento\/\">Casa BuonVento - Alojamento Local<\/a>                    <\/span>\n            \t\t\t\t\t\t\t<\/div>\n\t\t<\/div>\n\t\t\t\t<div class=\"fade-in-block wd-scroll\">\n\t\t\t<div class=\"hover-content wd-more-desc\">\n\t\t\t\t<div class=\"hover-content-inner wd-more-desc-inner\">\n\t\t\t\t\tCLIPPER - Quarto Duplo \/ Twin\nSegundo andar (sem elevador)\nVista sobre o Pico e o mar\nCasa de banho partilhada apenas com o quarto individual Escuna (mesmo andar)\t\t\t\t<\/div>\n\t\t\t\t<a href=\"#\" rel=\"nofollow\" class=\"wd-more-desc-btn\" aria-label=\"Read more description\"><\/a>\n\t\t\t<\/div>\n\t\t\t<div class=\" wd-bottom-actions\">\n\t\t\t\t<div class=\"wrap-wishlist-button\"><\/div>\n\t\t\t\t<div class=\"wd-add-btn wd-add-btn-replace\">\n\t\t\t\t\t<a href=\"https:\/\/guidetotheazores.pt\/pt-pt\/produto\/cortador\/\" aria-describedby=\"woocommerce_loop_add_to_cart_link_describedby_8779\" data-quantity=\"1\" class=\"button product_type_phive_booking add_to_cart_button add-to-cart-loop\" data-product_id=\"8779\" data-product_sku=\"\" aria-label=\"Leia mais sobre &ldquo;CLIPPER - Quarto Duplo, Vista Mar, Casa de Banho Partilhada&rdquo;\" rel=\"nofollow\"><span>Reservar Agora<\/span><\/a>\t<span id=\"woocommerce_loop_add_to_cart_link_describedby_8779\" class=\"screen-reader-text\">\n\t\t\t<\/span>\n\t\t\t\t\t\t\t\t\t\t\t\t\t\t\t\t\t\t\t\t<\/div>\n\t\t\t\t<div class=\"wrap-quickview-button\"><\/div>\n\t\t\t<\/div>\n\n\t\t\t\t\t\t\n\t\t\t\t\t<\/div>\n\t<\/div>\n<\/div>\n<\/div>\n<\/div>\n<\/div><\/div>\t\t\t\t<\/div>\n\t\t\t\t<\/div>\n\t\t\t\t\t<\/div>\n\t\t<\/div>\n\t\t\t\t\t<\/div>\n\t\t<\/section>\n\t\t\t\t<section class=\"wd-negative-gap elementor-section elementor-top-section elementor-element elementor-element-eaa6174 elementor-section-boxed elementor-section-height-default elementor-section-height-default\" data-id=\"eaa6174\" data-element_type=\"section\" data-e-type=\"section\">\n\t\t\t\t\t\t<div class=\"elementor-container elementor-column-gap-default\">\n\t\t\t\t\t<div class=\"elementor-column elementor-col-100 elementor-top-column elementor-element elementor-element-90532cf\" data-id=\"90532cf\" data-element_type=\"column\" data-e-type=\"column\">\n\t\t\t<div class=\"elementor-widget-wrap elementor-element-populated\">\n\t\t\t\t\t\t<div class=\"elementor-element elementor-element-cc87307 color-scheme-inherit text-left elementor-widget elementor-widget-text-editor\" data-id=\"cc87307\" data-element_type=\"widget\" data-e-type=\"widget\" data-widget_type=\"text-editor.default\">\n\t\t\t\t<div class=\"elementor-widget-container\">\n\t\t\t\t\t\t\t\t\t<p style=\"margin-bottom: var(--wd-tags-mb); font-variant-ligatures: normal; font-variant-caps: normal; font-size: 16px;\"><span style=\"color: var(--wd-title-color); font-family: 'Exo 2', sans-serif; font-size: 24px; font-style: normal; font-variant-ligatures: normal; font-variant-caps: normal; font-weight: 400; text-align: var(--text-align); background-color: var(--wd-main-bgcolor);\"> <\/span><\/p>\n<p style=\"margin-bottom: var(--wd-tags-mb); font-variant-ligatures: normal; font-variant-caps: normal; font-size: 16px;\"><span style=\"color: var(--wd-title-color); font-family: 'Exo 2', sans-serif; font-size: 24px; font-style: normal; font-variant-ligatures: normal; font-variant-caps: normal; font-weight: 400; text-align: var(--text-align); background-color: var(--wd-main-bgcolor);\">Casas rurais (Turismo Rural)<\/span><\/p>\n<p style=\"margin-bottom: var(--wd-tags-mb); font-variant-ligatures: normal; font-variant-caps: normal; font-size: 16px;\">\u00c9 claro que n\u00e3o faltam hot\u00e9is tradicionais, mas a oferta de turismo rural em casas tradicionais tem vindo a desenvolver-se, geralmente localizadas em lugares rodeados pela natureza e de particular interesse, acrescentando mais autenticidade e dando a oportunidade de entrar em contacto com a cultura local<\/p>\n<p style=\"margin-bottom: var(--wd-tags-mb); font-variant-ligatures: normal; font-variant-caps: normal; font-size: 16px;\">\n\t\t\t\t\t\t\t\t<\/div>\n\t\t\t\t<\/div>\n\t\t\t\t\t<\/div>\n\t\t<\/div>\n\t\t\t\t\t<\/div>\n\t\t<\/section>\n\t\t\t\t<section class=\"wd-negative-gap elementor-section elementor-top-section elementor-element elementor-element-55f821ee elementor-section-boxed elementor-section-height-default elementor-section-height-default\" data-id=\"55f821ee\" data-element_type=\"section\" data-e-type=\"section\">\n\t\t\t\t\t\t<div class=\"elementor-container elementor-column-gap-default\">\n\t\t\t\t\t<div class=\"elementor-column elementor-col-100 elementor-top-column elementor-element elementor-element-33b389ee\" data-id=\"33b389ee\" data-element_type=\"column\" data-e-type=\"column\" data-settings=\"{&quot;background_background&quot;:&quot;classic&quot;}\">\n\t\t\t<div class=\"elementor-widget-wrap elementor-element-populated\">\n\t\t\t\t\t\t<div class=\"elementor-element elementor-element-7047f362 elementor-widget elementor-widget-heading\" data-id=\"7047f362\" data-element_type=\"widget\" data-e-type=\"widget\" data-widget_type=\"heading.default\">\n\t\t\t\t<div class=\"elementor-widget-container\">\n\t\t\t\t\t<h2 class=\"elementor-heading-title elementor-size-default\">Alojamentos populares<\/h2>\t\t\t\t<\/div>\n\t\t\t\t<\/div>\n\t\t\t\t<div class=\"elementor-element elementor-element-341dfc6f elementor-grid-3 elementor-grid-tablet-3 elementor-grid-mobile-2 elementor-products-grid elementor-wc-products elementor-widget elementor-widget-woocommerce-products\" data-id=\"341dfc6f\" data-element_type=\"widget\" data-e-type=\"widget\" data-widget_type=\"woocommerce-products.default\">\n\t\t\t\t<div class=\"elementor-widget-container\">\n\t\t\t\t\t<div class=\"woocommerce columns-3 \"><div class=\"wd-products-element\">\t\t\t<div class=\"wd-sticky-loader wd-content-loader\"><span class=\"wd-loader\"><\/span><\/div>\n\t\t\n<div class=\"products wd-products wd-grid-g grid-columns-4 elements-grid pagination-infinit title-line-two\" data-source=\"main_loop\" data-min_price=\"\" data-max_price=\"\" data-columns=\"4\" style=\"--wd-col-lg:4;--wd-col-md:4;--wd-col-sm:2;--wd-gap-lg:20px;--wd-gap-sm:10px;\">\n<div class=\"wd-product wd-hover-base wd-hover-with-fade wd-col product-grid-item product product-no-swatches type-product post-14561 status-publish instock product_cat-alojamento product_cat-alojamento-local-pt-pt product_cat-faial-pt-pt product_cat-todas-as-ilhas product_tag-ilhadofaial has-post-thumbnail virtual sold-individually taxable purchasable product-type-phive_booking\" data-loop=\"4\" data-id=\"14561\">\n\t\n\t\n<div class=\"product-wrapper\">\n\t<div class=\"content-product-imagin\"><\/div>\n\t<div class=\"product-element-top wd-quick-shop\">\n\t\t<a href=\"https:\/\/guidetotheazores.pt\/pt-pt\/produto\/casa-rosa\/\" class=\"product-image-link\" tabindex=\"-1\" aria-label=\"Casa Rosa &#8211; Horta\">\n\t\t\t<img decoding=\"async\" width=\"300\" height=\"225\" src=\"https:\/\/guidetotheazores.pt\/wp-content\/uploads\/2024\/02\/Casa-Rosa-Guide-to-the-Azores-Faial-Cover-300x225.jpg\" class=\"attachment-woocommerce_thumbnail size-woocommerce_thumbnail\" alt=\"Casa Rosa - Guide to the Azores - Faial\" srcset=\"https:\/\/guidetotheazores.pt\/wp-content\/uploads\/2024\/02\/Casa-Rosa-Guide-to-the-Azores-Faial-Cover-300x225.jpg 300w, https:\/\/guidetotheazores.pt\/wp-content\/uploads\/2024\/02\/Casa-Rosa-Guide-to-the-Azores-Faial-Cover-600x450.jpg 600w\" sizes=\"(max-width: 300px) 100vw, 300px\" \/>\t\t<\/a>\n\n\t\t\t\t\t<div class=\"hover-img\">\n\t\t\t\t<img decoding=\"async\" width=\"300\" height=\"225\" src=\"https:\/\/guidetotheazores.pt\/wp-content\/uploads\/2024\/02\/Casa-Rosa-Guide-to-the-Azores-Faial-VII-300x225.jpg\" class=\"attachment-woocommerce_thumbnail size-woocommerce_thumbnail\" alt=\"Casa Rosa - Guide to the Azores - Faial\" srcset=\"https:\/\/guidetotheazores.pt\/wp-content\/uploads\/2024\/02\/Casa-Rosa-Guide-to-the-Azores-Faial-VII-300x225.jpg 300w, https:\/\/guidetotheazores.pt\/wp-content\/uploads\/2024\/02\/Casa-Rosa-Guide-to-the-Azores-Faial-VII-1024x768.jpg 1024w, https:\/\/guidetotheazores.pt\/wp-content\/uploads\/2024\/02\/Casa-Rosa-Guide-to-the-Azores-Faial-VII-768x576.jpg 768w, https:\/\/guidetotheazores.pt\/wp-content\/uploads\/2024\/02\/Casa-Rosa-Guide-to-the-Azores-Faial-VII-600x450.jpg 600w, https:\/\/guidetotheazores.pt\/wp-content\/uploads\/2024\/02\/Casa-Rosa-Guide-to-the-Azores-Faial-VII-150x113.jpg 150w, https:\/\/guidetotheazores.pt\/wp-content\/uploads\/2024\/02\/Casa-Rosa-Guide-to-the-Azores-Faial-VII.jpg 1280w\" sizes=\"(max-width: 300px) 100vw, 300px\" \/>\t\t\t<\/div>\n\t\t\t\n\t\t<div class=\"wrapp-swatches\"><\/div>\n\t<\/div>\n\n\t<div class=\"product-element-bottom product-information\">\n\t\t<h3 class=\"wd-entities-title\"><a href=\"https:\/\/guidetotheazores.pt\/pt-pt\/produto\/casa-rosa\/\">Casa Rosa &#8211; Horta<\/a><\/h3>\t\t\t\t<div class=\"product-rating-price\">\n\t\t\t<div class=\"wrapp-product-price\">\n\t\t\t\t\n\t<span class=\"price\"><span class=\"woocommerce-Price-amount amount\"><bdi><span class=\"woocommerce-Price-currencySymbol\">&euro;<\/span>100.00<\/bdi><\/span><\/span>\n        <\/a>\n                            <span class=\"details\">\n                        <a href=\"https:\/\/guidetotheazores.pt\/pt-pt\/partner\/casa-rosa\/\">Casa Rosa<\/a>                    <\/span>\n            \t\t\t\t\t\t\t<\/div>\n\t\t<\/div>\n\t\t\t\t<div class=\"fade-in-block wd-scroll\">\n\t\t\t<div class=\"hover-content wd-more-desc\">\n\t\t\t\t<div class=\"hover-content-inner wd-more-desc-inner\">\n\t\t\t\t\tCasa T2 tranquila e centralmente localizada, a 1 minuto a p\u00e9 de Porto Pim - a mais bela ba\u00eda e praia da ilha do Faial.\t\t\t\t<\/div>\n\t\t\t\t<a href=\"#\" rel=\"nofollow\" class=\"wd-more-desc-btn\" aria-label=\"Read more description\"><\/a>\n\t\t\t<\/div>\n\t\t\t<div class=\" wd-bottom-actions\">\n\t\t\t\t<div class=\"wrap-wishlist-button\"><\/div>\n\t\t\t\t<div class=\"wd-add-btn wd-add-btn-replace\">\n\t\t\t\t\t<a href=\"https:\/\/guidetotheazores.pt\/pt-pt\/produto\/casa-rosa\/\" aria-describedby=\"woocommerce_loop_add_to_cart_link_describedby_14561\" data-quantity=\"1\" class=\"button product_type_phive_booking add_to_cart_button add-to-cart-loop\" data-product_id=\"14561\" data-product_sku=\"\" aria-label=\"Leia mais sobre &ldquo;Casa Rosa - Horta&rdquo;\" rel=\"nofollow\"><span>Reservar Agora<\/span><\/a>\t<span id=\"woocommerce_loop_add_to_cart_link_describedby_14561\" class=\"screen-reader-text\">\n\t\t\t<\/span>\n\t\t\t\t\t\t\t\t\t\t\t\t\t\t\t\t\t\t\t\t<\/div>\n\t\t\t\t<div class=\"wrap-quickview-button\"><\/div>\n\t\t\t<\/div>\n\n\t\t\t\t\t\t\n\t\t\t\t\t<\/div>\n\t<\/div>\n<\/div>\n<\/div>\n<div class=\"wd-product wd-hover-base wd-hover-with-fade wd-col product-grid-item product product-no-swatches type-product post-24894 status-publish last instock product_cat-alojamento product_cat-alojamento-local-pt-pt product_cat-pico-pt-pt product_cat-todas-as-ilhas product_tag-ilhadopico has-post-thumbnail virtual sold-individually taxable purchasable product-type-phive_booking\" data-loop=\"5\" data-id=\"24894\">\n\t\n\t\n<div class=\"product-wrapper\">\n\t<div class=\"content-product-imagin\"><\/div>\n\t<div class=\"product-element-top wd-quick-shop\">\n\t\t<a href=\"https:\/\/guidetotheazores.pt\/pt-pt\/produto\/suite-pico-vista-montanha\/\" class=\"product-image-link\" tabindex=\"-1\" aria-label=\"Suite Pico Vista Montanha\">\n\t\t\t<img decoding=\"async\" width=\"300\" height=\"225\" src=\"https:\/\/guidetotheazores.pt\/wp-content\/uploads\/2024\/03\/Miradouro-da-Papalva-Guide-to-the-Azores-Pico-2-300x225.jpg\" class=\"attachment-woocommerce_thumbnail size-woocommerce_thumbnail\" alt=\"Miradouro da Papalva - Guide to the Azores - Pico\" \/>\t\t<\/a>\n\n\t\t\t\t\t<div class=\"hover-img\">\n\t\t\t\t<img decoding=\"async\" width=\"300\" height=\"225\" src=\"https:\/\/guidetotheazores.pt\/wp-content\/uploads\/2024\/03\/Miradouro-da-Papalva-Guide-to-the-Azores-Pico-2-300x225.png\" class=\"attachment-woocommerce_thumbnail size-woocommerce_thumbnail\" alt=\"Miradouro da Papalva - Guide to the Azores - Pico\" \/>\t\t\t<\/div>\n\t\t\t\n\t\t<div class=\"wrapp-swatches\"><\/div>\n\t<\/div>\n\n\t<div class=\"product-element-bottom product-information\">\n\t\t<h3 class=\"wd-entities-title\"><a href=\"https:\/\/guidetotheazores.pt\/pt-pt\/produto\/suite-pico-vista-montanha\/\">Suite Pico Vista Montanha<\/a><\/h3>\t\t\t\t<div class=\"product-rating-price\">\n\t\t\t<div class=\"wrapp-product-price\">\n\t\t\t\t\n\t<span class=\"price\"><span class=\"woocommerce-Price-amount amount\"><bdi><span class=\"woocommerce-Price-currencySymbol\">&euro;<\/span>130.00<\/bdi><\/span>&nbsp;<span class = \"ph-bookings-display-cost-suffix\">From<\/span><\/span>\n        <\/a>\n                            <span class=\"details\">\n                        <a href=\"https:\/\/guidetotheazores.pt\/pt-pt\/partner\/miradouro-da-papalva\/\">Miradouro da Papalva<\/a>                    <\/span>\n            \t\t\t\t\t\t\t<\/div>\n\t\t<\/div>\n\t\t\t\t<div class=\"fade-in-block wd-scroll\">\n\t\t\t<div class=\"hover-content wd-more-desc\">\n\t\t\t\t<div class=\"hover-content-inner wd-more-desc-inner\">\n\t\t\t\t\tCom vistas para a majestosa Montanha do Pico e para o Oceano Atl\u00e2ntico, a Suite Pico proporciona aos h\u00f3spedes uma fabulosa vista panor\u00e2mica.\n\t\t\t\t<\/div>\n\t\t\t\t<a href=\"#\" rel=\"nofollow\" class=\"wd-more-desc-btn\" aria-label=\"Read more description\"><\/a>\n\t\t\t<\/div>\n\t\t\t<div class=\" wd-bottom-actions\">\n\t\t\t\t<div class=\"wrap-wishlist-button\"><\/div>\n\t\t\t\t<div class=\"wd-add-btn wd-add-btn-replace\">\n\t\t\t\t\t<a href=\"https:\/\/guidetotheazores.pt\/pt-pt\/produto\/suite-pico-vista-montanha\/\" aria-describedby=\"woocommerce_loop_add_to_cart_link_describedby_24894\" data-quantity=\"1\" class=\"button product_type_phive_booking add_to_cart_button add-to-cart-loop\" data-product_id=\"24894\" data-product_sku=\"\" aria-label=\"Leia mais sobre &ldquo;Suite Pico Vista Montanha&rdquo;\" rel=\"nofollow\"><span>Reservar Agora<\/span><\/a>\t<span id=\"woocommerce_loop_add_to_cart_link_describedby_24894\" class=\"screen-reader-text\">\n\t\t\t<\/span>\n\t\t\t\t\t\t\t\t\t\t\t\t\t\t\t\t\t\t\t\t<\/div>\n\t\t\t\t<div class=\"wrap-quickview-button\"><\/div>\n\t\t\t<\/div>\n\n\t\t\t\t\t\t\n\t\t\t\t\t<\/div>\n\t<\/div>\n<\/div>\n<\/div>\n<div class=\"wd-product wd-hover-base wd-hover-with-fade wd-col product-grid-item product product-no-swatches type-product post-16000 status-publish first instock product_cat-alojamento product_cat-alojamento-local-pt-pt product_cat-pico-pt-pt product_cat-todas-as-ilhas product_tag-ilhadopico has-post-thumbnail virtual sold-individually taxable purchasable product-type-phive_booking\" data-loop=\"6\" data-id=\"16000\">\n\t\n\t\n<div class=\"product-wrapper\">\n\t<div class=\"content-product-imagin\"><\/div>\n\t<div class=\"product-element-top wd-quick-shop\">\n\t\t<a href=\"https:\/\/guidetotheazores.pt\/pt-pt\/produto\/suite-atlantic\/\" class=\"product-image-link\" tabindex=\"-1\" aria-label=\"Suite Atlantic &#8211; Pico\">\n\t\t\t<img decoding=\"async\" width=\"300\" height=\"225\" src=\"https:\/\/guidetotheazores.pt\/wp-content\/uploads\/2024\/03\/Miradouro-da-Papalva-Guide-to-the-Azores-Pico-Cover-300x225.jpg\" class=\"attachment-woocommerce_thumbnail size-woocommerce_thumbnail\" alt=\"Miradouro da Papalva - Guide to the Azores - Pico\" \/>\t\t<\/a>\n\n\t\t\t\t\t<div class=\"hover-img\">\n\t\t\t\t<img decoding=\"async\" width=\"300\" height=\"225\" src=\"https:\/\/guidetotheazores.pt\/wp-content\/uploads\/2024\/03\/Miradouro-da-Papalva-Guide-to-the-Azores-Pico-300x225.png\" class=\"attachment-woocommerce_thumbnail size-woocommerce_thumbnail\" alt=\"Miradouro da Papalva - Guide to the Azores - Pico\" \/>\t\t\t<\/div>\n\t\t\t\n\t\t<div class=\"wrapp-swatches\"><\/div>\n\t<\/div>\n\n\t<div class=\"product-element-bottom product-information\">\n\t\t<h3 class=\"wd-entities-title\"><a href=\"https:\/\/guidetotheazores.pt\/pt-pt\/produto\/suite-atlantic\/\">Suite Atlantic &#8211; Pico<\/a><\/h3>\t\t\t\t<div class=\"product-rating-price\">\n\t\t\t<div class=\"wrapp-product-price\">\n\t\t\t\t\n\t<span class=\"price\"><span class=\"woocommerce-Price-amount amount\"><bdi><span class=\"woocommerce-Price-currencySymbol\">&euro;<\/span>183.00<\/bdi><\/span>&nbsp;<span class = \"ph-bookings-display-cost-suffix\">From<\/span><\/span>\n        <\/a>\n                            <span class=\"details\">\n                        <a href=\"https:\/\/guidetotheazores.pt\/pt-pt\/partner\/miradouro-da-papalva\/\">Miradouro da Papalva<\/a>                    <\/span>\n            \t\t\t\t\t\t\t<\/div>\n\t\t<\/div>\n\t\t\t\t<div class=\"fade-in-block wd-scroll\">\n\t\t\t<div class=\"hover-content wd-more-desc\">\n\t\t\t\t<div class=\"hover-content-inner wd-more-desc-inner\">\n\t\t\t\t\t<p style=\"color: #000000;font-family: 'Helvetica Neue', Helvetica, Roboto, Arial, sans-serif;margin: 0px 0px 20px\">Desfruta de vistas deslumbrantes sobre o Oceano Atl\u00e2ntico at\u00e9 onde a vista alcan\u00e7a, a partir da privacidade das tuas pr\u00f3prias varandas.<\/p>\n<p style=\"color: #000000;font-family: 'Helvetica Neue', Helvetica, Roboto, Arial, sans-serif;margin: 0px 0px 20px\">A Suite Atlantic oferece uma espa\u00e7osa sala de estar com uma fabulosa lareira de madeira verdadeira e uma fant\u00e1stica varanda para apreciar a vista para o mar, enquanto o teu quarto oferece o luxo de uma cama king size, vistas arrebatadoras sobre a costa e uma varanda privada com vista para o oceano. A tua casa de banho inclui um chuveiro, WC e bid\u00e9, frigor\u00edfico e comodidades para preparar ch\u00e1 e caf\u00e9.<\/p>\t\t\t\t<\/div>\n\t\t\t\t<a href=\"#\" rel=\"nofollow\" class=\"wd-more-desc-btn\" aria-label=\"Read more description\"><\/a>\n\t\t\t<\/div>\n\t\t\t<div class=\" wd-bottom-actions\">\n\t\t\t\t<div class=\"wrap-wishlist-button\"><\/div>\n\t\t\t\t<div class=\"wd-add-btn wd-add-btn-replace\">\n\t\t\t\t\t<a href=\"https:\/\/guidetotheazores.pt\/pt-pt\/produto\/suite-atlantic\/\" aria-describedby=\"woocommerce_loop_add_to_cart_link_describedby_16000\" data-quantity=\"1\" class=\"button product_type_phive_booking add_to_cart_button add-to-cart-loop\" data-product_id=\"16000\" data-product_sku=\"\" aria-label=\"Leia mais sobre &ldquo;Suite Atlantic - Pico&rdquo;\" rel=\"nofollow\"><span>Reservar Agora<\/span><\/a>\t<span id=\"woocommerce_loop_add_to_cart_link_describedby_16000\" class=\"screen-reader-text\">\n\t\t\t<\/span>\n\t\t\t\t\t\t\t\t\t\t\t\t\t\t\t\t\t\t\t\t<\/div>\n\t\t\t\t<div class=\"wrap-quickview-button\"><\/div>\n\t\t\t<\/div>\n\n\t\t\t\t\t\t\n\t\t\t\t\t<\/div>\n\t<\/div>\n<\/div>\n<\/div>\n<\/div>\n<\/div><\/div>\t\t\t\t<\/div>\n\t\t\t\t<\/div>\n\t\t\t\t\t<\/div>\n\t\t<\/div>\n\t\t\t\t\t<\/div>\n\t\t<\/section>\n\t\t\t\t<section class=\"wd-negative-gap elementor-section elementor-top-section elementor-element elementor-element-6c1c37b1 elementor-section-boxed elementor-section-height-default elementor-section-height-default\" data-id=\"6c1c37b1\" data-element_type=\"section\" data-e-type=\"section\">\n\t\t\t\t\t\t<div class=\"elementor-container elementor-column-gap-default\">\n\t\t\t\t\t<div class=\"elementor-column elementor-col-100 elementor-top-column elementor-element elementor-element-6e87932e\" data-id=\"6e87932e\" data-element_type=\"column\" data-e-type=\"column\">\n\t\t\t<div class=\"elementor-widget-wrap elementor-element-populated\">\n\t\t\t\t\t\t<div class=\"elementor-element elementor-element-7a12a7f3 elementor-widget__width-initial color-scheme-inherit text-left elementor-widget elementor-widget-text-editor\" data-id=\"7a12a7f3\" data-element_type=\"widget\" data-e-type=\"widget\" data-widget_type=\"text-editor.default\">\n\t\t\t\t<div class=\"elementor-widget-container\">\n\t\t\t\t\t\t\t\t\t<\/p>\n<h2>  Albergues \/ Campings<\/h2>\n<p>Nas ilhas, h\u00e1 um bom n\u00famero de parques de campismo municipais e, em algumas, at\u00e9 pousadas de juventude.<\/p>\n<p><img decoding=\"async\" class=\"aligncenter snax-figure-content attachment-large size-large\" src=\"https:\/\/guidetotheazores.pt\/wp-content\/uploads\/2020\/02\/camping-Azores-1024x768.jpg\" sizes=\"(max-width: 662px) 100vw, 662px\" srcset=\"https:\/\/guidetotheazores.pt\/wp-content\/uploads\/2020\/02\/camping-Azores-1024x768.jpg 1024w, https:\/\/guidetotheazores.pt\/wp-content\/uploads\/2020\/02\/camping-Azores-300x225.jpg 300w, https:\/\/guidetotheazores.pt\/wp-content\/uploads\/2020\/02\/camping-Azores-768x576.jpg 768w, https:\/\/guidetotheazores.pt\/wp-content\/uploads\/2020\/02\/camping-Azores-192x144.jpg 192w, https:\/\/guidetotheazores.pt\/wp-content\/uploads\/2020\/02\/camping-Azores-384x288.jpg 384w, https:\/\/guidetotheazores.pt\/wp-content\/uploads\/2020\/02\/camping-Azores-90x67.jpg 90w, https:\/\/guidetotheazores.pt\/wp-content\/uploads\/2020\/02\/camping-Azores-180x135.jpg 180w, https:\/\/guidetotheazores.pt\/wp-content\/uploads\/2020\/02\/camping-Azores-561x421.jpg 561w, https:\/\/guidetotheazores.pt\/wp-content\/uploads\/2020\/02\/camping-Azores-1122x841.jpg 1122w, https:\/\/guidetotheazores.pt\/wp-content\/uploads\/2020\/02\/camping-Azores-364x273.jpg 364w, https:\/\/guidetotheazores.pt\/wp-content\/uploads\/2020\/02\/camping-Azores-728x546.jpg 728w, https:\/\/guidetotheazores.pt\/wp-content\/uploads\/2020\/02\/camping-Azores-608x456.jpg 608w, https:\/\/guidetotheazores.pt\/wp-content\/uploads\/2020\/02\/camping-Azores-758x568.jpg 758w, https:\/\/guidetotheazores.pt\/wp-content\/uploads\/2020\/02\/camping-Azores-1152x864.jpg 1152w, https:\/\/guidetotheazores.pt\/wp-content\/uploads\/2020\/02\/camping-Azores-313x235.jpg 313w, https:\/\/guidetotheazores.pt\/wp-content\/uploads\/2020\/02\/camping-Azores-600x450.jpg 600w, https:\/\/guidetotheazores.pt\/wp-content\/uploads\/2020\/02\/camping-Azores.jpg 1218w\" alt=\"acampar A\u00e7ores\" width=\"662\" height=\"497\"><\/p>\n<\/p>\n<p>A oferta \u00e9, portanto, variada e responde a todos os tipos de desejos e exig\u00eancias.<\/p>\n<p>Para uma lista das v\u00e1rias ofertas de alojamento individual, remetemos-te para a lista completa do site <a href=\"https:\/\/www.visitazores.com\/en\" target=\"_blank\" rel=\"noopener\">oficial de turismo<\/a> dos A\u00e7ores, onde podes pesquisar de acordo com o <a href=\"https:\/\/www.visitazores.com\/en\/accommodations\" target=\"_blank\" rel=\"nofollow noopener noreferrer\">tipo de alojamento<\/a> ou com a <a href=\"https:\/\/www.visitazores.com\/en\/accommodations?island=sao-miguel\" target=\"_blank\" rel=\"nofollow noopener noreferrer\">ilha individual<\/a>.<\/p><\/p>\n\t\t\t\t\t\t\t\t<\/div>\n\t\t\t\t<\/div>\n\t\t\t\t\t<\/div>\n\t\t<\/div>\n\t\t\t\t\t<\/div>\n\t\t<\/section>\n\t\t\t\t<\/div>\n\t\t","protected":false},"excerpt":{"rendered":"<p>Com o desenvolvimento do turismo, a oferta de locais onde ficar nos A\u00e7ores aumentou significativamente nos \u00faltimos anos e tamb\u00e9m se diferenciou. A procura pode tornar-se um pouco mais dif\u00edcil durante os per\u00edodos altos do ver\u00e3o, por isso \u00e9 bom reservar, mas fora da \u00e9poca alta nunca \u00e9 um problema encontrar um bom lugar para ficar.<\/p>\n","protected":false},"author":2,"featured_media":8281,"comment_status":"open","ping_status":"open","sticky":false,"template":"","format":"standard","meta":{"_acf_changed":false,"footnotes":""},"categories":[480],"tags":[],"class_list":["post-8678","post","type-post","status-publish","format-standard","has-post-thumbnail","hentry","category-dicas-de-viajantes"],"acf":[],"_links":{"self":[{"href":"https:\/\/guidetotheazores.pt\/pt-pt\/wp-json\/wp\/v2\/posts\/8678","targetHints":{"allow":["GET"]}}],"collection":[{"href":"https:\/\/guidetotheazores.pt\/pt-pt\/wp-json\/wp\/v2\/posts"}],"about":[{"href":"https:\/\/guidetotheazores.pt\/pt-pt\/wp-json\/wp\/v2\/types\/post"}],"author":[{"embeddable":true,"href":"https:\/\/guidetotheazores.pt\/pt-pt\/wp-json\/wp\/v2\/users\/2"}],"replies":[{"embeddable":true,"href":"https:\/\/guidetotheazores.pt\/pt-pt\/wp-json\/wp\/v2\/comments?post=8678"}],"version-history":[{"count":0,"href":"https:\/\/guidetotheazores.pt\/pt-pt\/wp-json\/wp\/v2\/posts\/8678\/revisions"}],"wp:featuredmedia":[{"embeddable":true,"href":"https:\/\/guidetotheazores.pt\/pt-pt\/wp-json\/wp\/v2\/media\/8281"}],"wp:attachment":[{"href":"https:\/\/guidetotheazores.pt\/pt-pt\/wp-json\/wp\/v2\/media?parent=8678"}],"wp:term":[{"taxonomy":"category","embeddable":true,"href":"https:\/\/guidetotheazores.pt\/pt-pt\/wp-json\/wp\/v2\/categories?post=8678"},{"taxonomy":"post_tag","embeddable":true,"href":"https:\/\/guidetotheazores.pt\/pt-pt\/wp-json\/wp\/v2\/tags?post=8678"}],"curies":[{"name":"wp","href":"https:\/\/api.w.org\/{rel}","templated":true}]}}