{"id":8724,"date":"2022-01-09T08:08:31","date_gmt":"2022-01-09T09:08:31","guid":{"rendered":"https:\/\/guidetotheazores.pt\/qual-e-a-melhor-ilha-dos-acores-a-visitar\/"},"modified":"2026-02-04T21:19:55","modified_gmt":"2026-02-04T22:19:55","slug":"qual-e-a-melhor-ilha-dos-acores-a-visitar","status":"publish","type":"post","link":"https:\/\/guidetotheazores.pt\/pt-pt\/qual-e-a-melhor-ilha-dos-acores-a-visitar\/","title":{"rendered":"Qual \u00e9 a melhor ilha dos A\u00e7ores para visitar?"},"content":{"rendered":"\t\t<div data-elementor-type=\"wp-post\" data-elementor-id=\"8724\" class=\"elementor elementor-8724 elementor-7503\" data-elementor-post-type=\"post\">\n\t\t\t\t\t\t<section class=\"wd-negative-gap elementor-section elementor-top-section elementor-element elementor-element-d5c85f8 elementor-section-boxed elementor-section-height-default elementor-section-height-default\" data-id=\"d5c85f8\" data-element_type=\"section\" data-e-type=\"section\">\n\t\t\t\t\t\t<div class=\"elementor-container elementor-column-gap-default\">\n\t\t\t\t\t<div class=\"elementor-column elementor-col-100 elementor-top-column elementor-element elementor-element-c746fa8\" data-id=\"c746fa8\" data-element_type=\"column\" data-e-type=\"column\">\n\t\t\t<div class=\"elementor-widget-wrap elementor-element-populated\">\n\t\t\t\t\t\t<div class=\"elementor-element elementor-element-8ff993a elementor-widget elementor-widget-wd_text_block\" data-id=\"8ff993a\" data-element_type=\"widget\" data-e-type=\"widget\" data-widget_type=\"wd_text_block.default\">\n\t\t\t\t<div class=\"elementor-widget-container\">\n\t\t\t\t\t\t\t<div class=\"wd-text-block reset-last-child text-left\">\n\t\t\t\n\t\t\t<p><a href=\"https:\/\/guidetotheazores.pt\/pt-pt\/ilhas-dos-acores-um-paraiso-a-descobrir\/\">Os A\u00e7ores<\/a> s\u00e3o 9 ilhas exuberantes no meio do Oceano Atl\u00e2ntico. Situam-se a cerca de 1.500 km da costa de Portugal e est\u00e3o suficientemente afastadas umas das outras, com exce\u00e7\u00e3o das tr\u00eas ilhas do Faial, Pico e S\u00e3o Jorge (o Tri\u00e2ngulo dos A\u00e7ores). Vamos descobrir qual \u00e9 a melhor ilha dos A\u00e7ores para visitares.<\/p><p>No entanto, as 9 ilhas est\u00e3o distantes umas das outras, divididas em tr\u00eas grupos: O Grupo da P\u00e1scoa (S\u00e3o Miguel, Santa Maria), o Grupo Central (Terceira, S\u00e5o Jorce, Graciosa, Pico e Faial), o Grupo Ocidental (Flores e Corvo). Destes, apenas o grupo central tem um servi\u00e7o regular de ferry que os liga no ver\u00e3o, enquanto o Faial, o Pico e S\u00e3o Jorge t\u00eam ferries di\u00e1rios durante todo o ano.  <\/p><p>Por isso, antes de chegares com a tua companhia a\u00e9rea preferida, \u00e9 melhor escolheres as ilhas que queres visitar e planeares a tua viagem em conformidade, reservando <a href=\"https:\/\/www.azoresairlines.pt\/en\" target=\"_blank\" rel=\"noopener\">voos inter-ilhas<\/a> e <a href=\"https:\/\/www.atlanticoline.pt\/en\/\" target=\"_blank\" rel=\"noopener\">ferries<\/a>, especialmente durante a \u00e9poca alta, entre junho e outubro.<\/p><p>Cada ilha tem um ambiente diferente e oferece paisagens igualmente deslumbrantes. Primeiro, vamos analisar os pontos altos de cada ilha e, depois, mostrar-te-emos os itiner\u00e1rios poss\u00edveis com base no tempo de que disp\u00f5es para a tua visita. Mesmo que tenhas apenas uma semana, garantimos-te que ter\u00e1s uma experi\u00eancia inesquec\u00edvel nos A\u00e7ores!<\/p><h2>Destaques de cada ilha<\/h2><h3 class=\"p1\"><span class=\"s1\"><b>Corvo<\/b><\/span><\/h3><ul><li><h4>O Caldeir\u00e3o<\/h4><\/li><\/ul><div id=\"attachment_7528\" style=\"width: 810px\" class=\"wp-caption aligncenter\"><img decoding=\"async\" aria-describedby=\"caption-attachment-7528\" class=\" wd-lazy-fade wp-image-7528 size-full\" src=\"https:\/\/guidetotheazores.pt\/wp-content\/themes\/woodmart\/images\/lazy.svg\" data-src=\"https:\/\/guidetotheazores.pt\/wp-content\/uploads\/2022\/01\/Caldeira%CC%83o-Corvo-Island-Azores.jpg\" alt=\"Caldeir\u00e3o Corvo Ilha A\u00e7ores\" width=\"800\" height=\"533\"><p id=\"caption-attachment-7528\" class=\"wp-caption-text\">Uma das mais magn\u00edficas caldeiras dos A\u00e7ores: o \"Caldeir\u00e3o\", Ilha do Corvo<\/p><\/div><hr><h3> <\/h3>\n\t\t\t\t\t<\/div>\n\t\t\t\t\t\t<\/div>\n\t\t\t\t<\/div>\n\t\t\t\t<div class=\"facetwp-template facetwp-elementor-widget elementor-element elementor-element-884bde7 elementor-grid-3 elementor-grid-tablet-3 elementor-grid-mobile-2 elementor-products-grid elementor-wc-products elementor-widget elementor-widget-woocommerce-products\" data-id=\"884bde7\" data-element_type=\"widget\" data-e-type=\"widget\" data-widget_type=\"woocommerce-products.default\">\n\t\t\t\t<div class=\"elementor-widget-container\">\n\t\t\t\t\t<div class=\"woocommerce columns-3 \"><div class=\"wd-products-element\">\t\t\t<div class=\"wd-sticky-loader wd-content-loader\"><span class=\"wd-loader\"><\/span><\/div>\n\t\t\n<div class=\"products wd-products wd-grid-g grid-columns-4 elements-grid pagination-infinit title-line-two\" data-source=\"main_loop\" data-min_price=\"\" data-max_price=\"\" data-columns=\"4\" style=\"--wd-col-lg:4;--wd-col-md:4;--wd-col-sm:2;--wd-gap-lg:20px;--wd-gap-sm:10px;\">\n<div class=\"wd-product wd-hover-base wd-hover-with-fade wd-col product-grid-item product product-no-swatches type-product post-12658 status-publish instock product_cat-atividades-pt-pt product_cat-corvo-pt-pt product_cat-todas-as-ilhas product_cat-visitas-guiadas product_tag-ilhadocorvo has-post-thumbnail taxable shipping-taxable product-type-external\" data-loop=\"1\" data-id=\"12658\">\n\t\n\t\n<div class=\"product-wrapper\">\n\t<div class=\"content-product-imagin\"><\/div>\n\t<div class=\"product-element-top wd-quick-shop\">\n\t\t<a href=\"https:\/\/guidetotheazores.pt\/pt-pt\/produto\/visita-flores-e-corvo\/\" class=\"product-image-link\" tabindex=\"-1\" aria-label=\"Tour completo Corvo c\/ Guia e Almo\u00e7o inclu\u00eddo\">\n\t\t\t<img decoding=\"async\" width=\"300\" height=\"225\" src=\"https:\/\/guidetotheazores.pt\/wp-content\/uploads\/2024\/01\/OC-Experience-Guide-to-the-Azores-Tour-Corvo-300x225.jpg\" class=\"attachment-woocommerce_thumbnail size-woocommerce_thumbnail\" alt=\"OC Experience - Guia dos A\u00e7ores - Tour Corvo\" srcset=\"https:\/\/guidetotheazores.pt\/wp-content\/uploads\/2024\/01\/OC-Experience-Guide-to-the-Azores-Tour-Corvo-300x225.jpg 300w, https:\/\/guidetotheazores.pt\/wp-content\/uploads\/2024\/01\/OC-Experience-Guide-to-the-Azores-Tour-Corvo-600x450.jpg 600w\" sizes=\"(max-width: 300px) 100vw, 300px\" \/>\t\t<\/a>\n\n\t\t\t\t\t<div class=\"hover-img\">\n\t\t\t\t<img decoding=\"async\" width=\"300\" height=\"225\" src=\"https:\/\/guidetotheazores.pt\/wp-content\/uploads\/2024\/01\/OC-Experience-Guide-to-the-Azores-Tour-Corvo-IV-300x225.jpeg\" class=\"attachment-woocommerce_thumbnail size-woocommerce_thumbnail\" alt=\"OC Experience - Guia dos A\u00e7ores - Tour Corvo\" srcset=\"https:\/\/guidetotheazores.pt\/wp-content\/uploads\/2024\/01\/OC-Experience-Guide-to-the-Azores-Tour-Corvo-IV-300x225.jpeg 300w, https:\/\/guidetotheazores.pt\/wp-content\/uploads\/2024\/01\/OC-Experience-Guide-to-the-Azores-Tour-Corvo-IV-600x450.jpeg 600w\" sizes=\"(max-width: 300px) 100vw, 300px\" \/>\t\t\t<\/div>\n\t\t\t\n\t\t<div class=\"wrapp-swatches\"><\/div>\n\t<\/div>\n\n\t<div class=\"product-element-bottom product-information\">\n\t\t<h3 class=\"wd-entities-title\"><a href=\"https:\/\/guidetotheazores.pt\/pt-pt\/produto\/visita-flores-e-corvo\/\">Tour completo Corvo c\/ Guia e Almo\u00e7o inclu\u00eddo<\/a><\/h3>\t\t\t\t<div class=\"product-rating-price\">\n\t\t\t<div class=\"wrapp-product-price\">\n\t\t\t\t\n        <\/a>\n                            <span class=\"details\">\n                        <a href=\"https:\/\/guidetotheazores.pt\/pt-pt\/partner\/experience-oc\/\">Experience OC<\/a>                    <\/span>\n            \t\t\t\t\t\t\t<\/div>\n\t\t<\/div>\n\t\t\t\t<div class=\"fade-in-block wd-scroll\">\n\t\t\t<div class=\"hover-content wd-more-desc\">\n\t\t\t\t<div class=\"hover-content-inner wd-more-desc-inner\">\n\t\t\t\t\tUma viagem de barco at\u00e9 ao Corvo \u00e9, no m\u00ednimo, emocionante. Come\u00e7a por conhecer a ilha mais pequena dos A\u00e7ores. \n\nCome\u00e7a o dia na nossa loja, em frente ao aeroporto de Santa Cruz das Flores, ou no porto de partida.\n\n<script src=\"https:\/\/fareharbor.com\/embeds\/script\/calendar\/experienceoc\/items\/127206\/?asn=fhdn-eur&amp;asn-ref=guidetotheazores&amp;ref=guidetotheazores&amp;bookable-only=yes&amp;full-items=yes&amp;marketplace=yes&amp;flow=no&amp;branding=no\"><\/script>\n<div class=\"flex items-start gap-4 mb-4 last:mb-0\" data-v-68eac83b=\"\">\n<div class=\"min-w-0 flex-1\"><label class=\"fh-label\" data-v-671f692c=\"\"><span class=\"fh-text fh-text--body-md fh-text--medium fh-label-text\" data-v-3872b9c5=\"\" data-v-671f692c=\"\">Dura\u00e7\u00e3o: <\/span><span class=\"fh-text fh-text--body-sm fh-text--regular fh-help-text\" data-v-3872b9c5=\"\" data-v-3553cfb6=\"\" data-v-671f692c=\"\">5h<\/span><\/label><\/div>\n<\/div>\n<div class=\"flex items-start gap-4 mb-4 last:mb-0\" data-v-68eac83b=\"\">\n<div class=\"mt-1 shrink-0\"><\/div>\n<div class=\"min-w-0 flex-1\"><label class=\"fh-label\" data-v-671f692c=\"\"><span class=\"fh-text fh-text--body-md fh-text--medium fh-label-text\" data-v-3872b9c5=\"\" data-v-671f692c=\"\">Ponto de encontro: <\/span><span class=\"fh-text fh-text--body-sm fh-text--regular fh-help-text\" data-v-3872b9c5=\"\" data-v-3553cfb6=\"\" data-v-671f692c=\"\">Santa Cruz das Flores<\/span><\/label><\/div>\n<\/div>\n<div class=\"flex items-start gap-4 mb-4 last:mb-0\" data-v-68eac83b=\"\">\n<div class=\"mt-1 shrink-0\"><\/div>\n<div class=\"min-w-0 flex-1\"><label class=\"fh-label\" data-v-671f692c=\"\"><span class=\"fh-text fh-text--body-md fh-text--medium fh-label-text\" data-v-3872b9c5=\"\" data-v-671f692c=\"\">Cancelamentos: cancelamentos efectuados com menos de 72 horas de anteced\u00eancia: ser\u00e1 cobrado 100% do montante total<\/span><\/label><\/div>\n<\/div>\t\t\t\t<\/div>\n\t\t\t\t<a href=\"#\" rel=\"nofollow\" class=\"wd-more-desc-btn\" aria-label=\"Read more description\"><\/a>\n\t\t\t<\/div>\n\t\t\t<div class=\" wd-bottom-actions\">\n\t\t\t\t<div class=\"wrap-wishlist-button\"><\/div>\n\t\t\t\t<div class=\"wd-add-btn wd-add-btn-replace\">\n\t\t\t\t\t<a href=\"\" aria-describedby=\"woocommerce_loop_add_to_cart_link_describedby_12658\" data-quantity=\"1\" class=\"button product_type_external add-to-cart-loop\" data-product_id=\"12658\" data-product_sku=\"\" aria-label=\"Comprar &ldquo;Tour completo Corvo c\/ Guia e Almo\u00e7o inclu\u00eddo&rdquo;\" rel=\"nofollow\"><span>Comprar produto<\/span><\/a>\t<span id=\"woocommerce_loop_add_to_cart_link_describedby_12658\" class=\"screen-reader-text\">\n\t\t\t<\/span>\n\t\t\t\t\t\t\t\t\t\t\t\t\t\t\t\t\t\t\t\t<\/div>\n\t\t\t\t<div class=\"wrap-quickview-button\"><\/div>\n\t\t\t<\/div>\n\n\t\t\t\t\t\t\n\t\t\t\t\t<\/div>\n\t<\/div>\n<\/div>\n<\/div>\n<\/div>\n<\/div><\/div>\t\t\t\t<\/div>\n\t\t\t\t<\/div>\n\t\t\t\t\t<\/div>\n\t\t<\/div>\n\t\t\t\t\t<\/div>\n\t\t<\/section>\n\t\t\t\t<section class=\"wd-negative-gap elementor-section elementor-top-section elementor-element elementor-element-fe5e958 elementor-section-boxed elementor-section-height-default elementor-section-height-default\" data-id=\"fe5e958\" data-element_type=\"section\" data-e-type=\"section\">\n\t\t\t\t\t\t<div class=\"elementor-container elementor-column-gap-default\">\n\t\t\t\t\t<div class=\"elementor-column elementor-col-100 elementor-top-column elementor-element elementor-element-ceb0eae\" data-id=\"ceb0eae\" data-element_type=\"column\" data-e-type=\"column\">\n\t\t\t<div class=\"elementor-widget-wrap\">\n\t\t\t\t\t\t\t<\/div>\n\t\t<\/div>\n\t\t\t\t\t<\/div>\n\t\t<\/section>\n\t\t\t\t<section class=\"wd-negative-gap elementor-section elementor-top-section elementor-element elementor-element-b3a88b3 elementor-section-boxed elementor-section-height-default elementor-section-height-default\" data-id=\"b3a88b3\" data-element_type=\"section\" data-e-type=\"section\">\n\t\t\t\t\t\t<div class=\"elementor-container elementor-column-gap-default\">\n\t\t\t\t\t<div class=\"elementor-column elementor-col-100 elementor-top-column elementor-element elementor-element-5821efb\" data-id=\"5821efb\" data-element_type=\"column\" data-e-type=\"column\">\n\t\t\t<div class=\"elementor-widget-wrap elementor-element-populated\">\n\t\t\t\t\t\t<div class=\"elementor-element elementor-element-2f880ff elementor-widget elementor-widget-wd_text_block\" data-id=\"2f880ff\" data-element_type=\"widget\" data-e-type=\"widget\" data-widget_type=\"wd_text_block.default\">\n\t\t\t\t<div class=\"elementor-widget-container\">\n\t\t\t\t\t\t\t<div class=\"wd-text-block reset-last-child text-left\">\n\t\t\t\n\t\t\t<h3 class=\"p1\"><span class=\"s1\"><b>Faial<br><\/b><\/span><\/h3><ul><li><h4>Vulc\u00e3o dos Capelinhos<\/h4><\/li><\/ul><div id=\"attachment_6587\" style=\"width: 810px\" class=\"wp-caption aligncenter\"><img decoding=\"async\" aria-describedby=\"caption-attachment-6587\" class=\" wd-lazy-fade wp-image-6587\" src=\"https:\/\/guidetotheazores.pt\/wp-content\/themes\/woodmart\/images\/lazy.svg\" data-src=\"https:\/\/guidetotheazores.pt\/wp-content\/uploads\/2021\/08\/Capelinhos-Square-1024x1024.jpg\" alt=\"Ilhas dos A\u00e7ores\" width=\"800\" height=\"800\" srcset=\"\" data-srcset=\"https:\/\/guidetotheazores.pt\/wp-content\/uploads\/2021\/08\/Capelinhos-Square-1024x1024.jpg 1024w, https:\/\/guidetotheazores.pt\/wp-content\/uploads\/2021\/08\/Capelinhos-Square-300x300.jpg 300w, https:\/\/guidetotheazores.pt\/wp-content\/uploads\/2021\/08\/Capelinhos-Square-150x150.jpg 150w, https:\/\/guidetotheazores.pt\/wp-content\/uploads\/2021\/08\/Capelinhos-Square-768x768.jpg 768w, https:\/\/guidetotheazores.pt\/wp-content\/uploads\/2021\/08\/Capelinhos-Square-1536x1536.jpg 1536w, https:\/\/guidetotheazores.pt\/wp-content\/uploads\/2021\/08\/Capelinhos-Square-2048x2048.jpg 2048w, https:\/\/guidetotheazores.pt\/wp-content\/uploads\/2021\/08\/Capelinhos-Square-192x192.jpg 192w, https:\/\/guidetotheazores.pt\/wp-content\/uploads\/2021\/08\/Capelinhos-Square-384x384.jpg 384w, https:\/\/guidetotheazores.pt\/wp-content\/uploads\/2021\/08\/Capelinhos-Square-110x110.jpg 110w, https:\/\/guidetotheazores.pt\/wp-content\/uploads\/2021\/08\/Capelinhos-Square-220x220.jpg 220w, https:\/\/guidetotheazores.pt\/wp-content\/uploads\/2021\/08\/Capelinhos-Square-561x561.jpg 561w, https:\/\/guidetotheazores.pt\/wp-content\/uploads\/2021\/08\/Capelinhos-Square-1122x1122.jpg 1122w, https:\/\/guidetotheazores.pt\/wp-content\/uploads\/2021\/08\/Capelinhos-Square-265x265.jpg 265w, https:\/\/guidetotheazores.pt\/wp-content\/uploads\/2021\/08\/Capelinhos-Square-531x531.jpg 531w, https:\/\/guidetotheazores.pt\/wp-content\/uploads\/2021\/08\/Capelinhos-Square-364x364.jpg 364w, https:\/\/guidetotheazores.pt\/wp-content\/uploads\/2021\/08\/Capelinhos-Square-728x728.jpg 728w, https:\/\/guidetotheazores.pt\/wp-content\/uploads\/2021\/08\/Capelinhos-Square-608x608.jpg 608w, https:\/\/guidetotheazores.pt\/wp-content\/uploads\/2021\/08\/Capelinhos-Square-758x758.jpg 758w, https:\/\/guidetotheazores.pt\/wp-content\/uploads\/2021\/08\/Capelinhos-Square-1152x1152.jpg 1152w, https:\/\/guidetotheazores.pt\/wp-content\/uploads\/2021\/08\/Capelinhos-Square-440x440.jpg 440w, https:\/\/guidetotheazores.pt\/wp-content\/uploads\/2021\/08\/Capelinhos-Square-311x311.jpg 311w, https:\/\/guidetotheazores.pt\/wp-content\/uploads\/2021\/08\/Capelinhos-Square-313x313.jpg 313w, https:\/\/guidetotheazores.pt\/wp-content\/uploads\/2021\/08\/Capelinhos-Square-600x600.jpg 600w, https:\/\/guidetotheazores.pt\/wp-content\/uploads\/2021\/08\/Capelinhos-Square-100x100.jpg 100w\" sizes=\"(max-width: 800px) 100vw, 800px\" \/><p id=\"caption-attachment-6587\" class=\"wp-caption-text\">O mundialmente famoso Vulc\u00e3o Capelinhos, emergiu do mar em 1957<\/p><\/div><p>O vulc\u00e3o dos Capelinhos esteve submerso at\u00e9 1957, altura em que uma erup\u00e7\u00e3o de um ano e meio fez com que criasse uma ilha (Ilha Nova) e depois preenchesse a lacuna, acrescentando mais 2,4 km quadrados de terra desolada \u00e0 parte sudoeste do Faial. It is a fascinating <a href=\"https:\/\/guidetotheazores.pt\/pt-pt\/capelinhos-o-vulcao-que-nao-estava-la\/\">site to visit<\/a> and has an interpretation center built in the area, with lots of information about the event.<\/p><ul><li><h4>A Caldeira<\/h4><\/li><\/ul><div id=\"attachment_7464\" style=\"width: 810px\" class=\"wp-caption aligncenter\"><img decoding=\"async\" aria-describedby=\"caption-attachment-7464\" class=\" wd-lazy-fade wp-image-7464\" src=\"https:\/\/guidetotheazores.pt\/wp-content\/themes\/woodmart\/images\/lazy.svg\" data-src=\"https:\/\/guidetotheazores.pt\/wp-content\/uploads\/2021\/12\/Into-the-Caldeira-Faial.jpg\" alt=\"Entra na Caldeira do Faial\" width=\"800\" height=\"518\" srcset=\"\" data-srcset=\"https:\/\/guidetotheazores.pt\/wp-content\/uploads\/2021\/12\/Into-the-Caldeira-Faial.jpg 1298w, https:\/\/guidetotheazores.pt\/wp-content\/uploads\/2021\/12\/Into-the-Caldeira-Faial-300x194.jpg 300w, https:\/\/guidetotheazores.pt\/wp-content\/uploads\/2021\/12\/Into-the-Caldeira-Faial-1024x663.jpg 1024w, https:\/\/guidetotheazores.pt\/wp-content\/uploads\/2021\/12\/Into-the-Caldeira-Faial-768x497.jpg 768w, https:\/\/guidetotheazores.pt\/wp-content\/uploads\/2021\/12\/Into-the-Caldeira-Faial-561x363.jpg 561w, https:\/\/guidetotheazores.pt\/wp-content\/uploads\/2021\/12\/Into-the-Caldeira-Faial-1122x726.jpg 1122w, https:\/\/guidetotheazores.pt\/wp-content\/uploads\/2021\/12\/Into-the-Caldeira-Faial-265x171.jpg 265w, https:\/\/guidetotheazores.pt\/wp-content\/uploads\/2021\/12\/Into-the-Caldeira-Faial-531x344.jpg 531w, https:\/\/guidetotheazores.pt\/wp-content\/uploads\/2021\/12\/Into-the-Caldeira-Faial-364x236.jpg 364w, https:\/\/guidetotheazores.pt\/wp-content\/uploads\/2021\/12\/Into-the-Caldeira-Faial-728x471.jpg 728w, https:\/\/guidetotheazores.pt\/wp-content\/uploads\/2021\/12\/Into-the-Caldeira-Faial-608x393.jpg 608w, https:\/\/guidetotheazores.pt\/wp-content\/uploads\/2021\/12\/Into-the-Caldeira-Faial-758x491.jpg 758w, https:\/\/guidetotheazores.pt\/wp-content\/uploads\/2021\/12\/Into-the-Caldeira-Faial-1152x746.jpg 1152w, https:\/\/guidetotheazores.pt\/wp-content\/uploads\/2021\/12\/Into-the-Caldeira-Faial-313x203.jpg 313w, https:\/\/guidetotheazores.pt\/wp-content\/uploads\/2021\/12\/Into-the-Caldeira-Faial-600x388.jpg 600w, https:\/\/guidetotheazores.pt\/wp-content\/uploads\/2021\/12\/Into-the-Caldeira-Faial-150x97.jpg 150w\" sizes=\"(max-width: 800px) 100vw, 800px\" \/><p id=\"caption-attachment-7464\" class=\"wp-caption-text\">A enorme caldeira do Cabe\u00e7o Gordo, com 400 m de profundidade e 2 km de largura<\/p><\/div><p>A \"Caldeira\" \u00e9 na realidade o topo desmoronado do Cabe\u00e7o Gordo, um vulc\u00e3o de 1000m que explodiu h\u00e1 cerca de 1000 anos. Tem 2 km de largura e 400 m de profundidade. Para al\u00e9m da magn\u00edfica vista do cume, podes caminhar \u00e0 volta da caldeira (8 km - f\u00e1cil) ou descer \u00e0 caldeira propriamente dita, mas para isso precisas de um guia autorizado (por raz\u00f5es de seguran\u00e7a e ambientais).<\/p><ul><li><h4>Varadouro<\/h4><\/li><\/ul><div id=\"attachment_7382\" style=\"width: 810px\" class=\"wp-caption aligncenter\"><img decoding=\"async\" aria-describedby=\"caption-attachment-7382\" class=\" wd-lazy-fade wp-image-7382\" src=\"https:\/\/guidetotheazores.pt\/wp-content\/themes\/woodmart\/images\/lazy.svg\" data-src=\"https:\/\/guidetotheazores.pt\/wp-content\/uploads\/2021\/12\/Natural-Pools-at-Varadouro-I-Faial-Azores.jpg\" alt=\"Piscinas Naturais no Varadouro I - Faial - A\u00e7ores\" width=\"800\" height=\"585\" srcset=\"\" data-srcset=\"https:\/\/guidetotheazores.pt\/wp-content\/uploads\/2021\/12\/Natural-Pools-at-Varadouro-I-Faial-Azores.jpg 1920w, https:\/\/guidetotheazores.pt\/wp-content\/uploads\/2021\/12\/Natural-Pools-at-Varadouro-I-Faial-Azores-300x220.jpg 300w, https:\/\/guidetotheazores.pt\/wp-content\/uploads\/2021\/12\/Natural-Pools-at-Varadouro-I-Faial-Azores-1024x749.jpg 1024w, https:\/\/guidetotheazores.pt\/wp-content\/uploads\/2021\/12\/Natural-Pools-at-Varadouro-I-Faial-Azores-768x562.jpg 768w, https:\/\/guidetotheazores.pt\/wp-content\/uploads\/2021\/12\/Natural-Pools-at-Varadouro-I-Faial-Azores-1536x1124.jpg 1536w, https:\/\/guidetotheazores.pt\/wp-content\/uploads\/2021\/12\/Natural-Pools-at-Varadouro-I-Faial-Azores-90x67.jpg 90w, https:\/\/guidetotheazores.pt\/wp-content\/uploads\/2021\/12\/Natural-Pools-at-Varadouro-I-Faial-Azores-561x411.jpg 561w, https:\/\/guidetotheazores.pt\/wp-content\/uploads\/2021\/12\/Natural-Pools-at-Varadouro-I-Faial-Azores-1122x821.jpg 1122w, https:\/\/guidetotheazores.pt\/wp-content\/uploads\/2021\/12\/Natural-Pools-at-Varadouro-I-Faial-Azores-265x194.jpg 265w, https:\/\/guidetotheazores.pt\/wp-content\/uploads\/2021\/12\/Natural-Pools-at-Varadouro-I-Faial-Azores-531x389.jpg 531w, https:\/\/guidetotheazores.pt\/wp-content\/uploads\/2021\/12\/Natural-Pools-at-Varadouro-I-Faial-Azores-364x266.jpg 364w, https:\/\/guidetotheazores.pt\/wp-content\/uploads\/2021\/12\/Natural-Pools-at-Varadouro-I-Faial-Azores-728x533.jpg 728w, https:\/\/guidetotheazores.pt\/wp-content\/uploads\/2021\/12\/Natural-Pools-at-Varadouro-I-Faial-Azores-608x445.jpg 608w, https:\/\/guidetotheazores.pt\/wp-content\/uploads\/2021\/12\/Natural-Pools-at-Varadouro-I-Faial-Azores-758x555.jpg 758w, https:\/\/guidetotheazores.pt\/wp-content\/uploads\/2021\/12\/Natural-Pools-at-Varadouro-I-Faial-Azores-1152x843.jpg 1152w, https:\/\/guidetotheazores.pt\/wp-content\/uploads\/2021\/12\/Natural-Pools-at-Varadouro-I-Faial-Azores-313x229.jpg 313w, https:\/\/guidetotheazores.pt\/wp-content\/uploads\/2021\/12\/Natural-Pools-at-Varadouro-I-Faial-Azores-600x439.jpg 600w, https:\/\/guidetotheazores.pt\/wp-content\/uploads\/2021\/12\/Natural-Pools-at-Varadouro-I-Faial-Azores-150x110.jpg 150w\" sizes=\"(max-width: 800px) 100vw, 800px\" \/><p id=\"caption-attachment-7382\" class=\"wp-caption-text\">As belas piscinas naturais do Varadouro, no Faial<\/p><\/div><p>Entre as muitas <a href=\"https:\/\/guidetotheazores.pt\/pt-pt\/praias-e-piscinas-naturais-no-faial\/\">praias e piscinas naturais<\/a> que o Faial tem para oferecer, o Varadouro \u00e9 a mais visitada, tanto por locais como por turistas, devido \u00e0 sua posi\u00e7\u00e3o espetacular e aos servi\u00e7os oferecidos. \u00c9 vigiada (no ver\u00e3o), tem duches e casas de banho, e h\u00e1 um \"bar de praia\" e dois restaurantes a uma curta dist\u00e2ncia.<\/p><p>O Faial deve ser considerado a melhor ilha dos A\u00e7ores para praias, pois \u00e9 a \u00fanica que tem muitas, tanto de areia preta como branca.  <\/p><hr><p> <\/p>\n\t\t\t\t\t<\/div>\n\t\t\t\t\t\t<\/div>\n\t\t\t\t<\/div>\n\t\t\t\t<div class=\"facetwp-template facetwp-elementor-widget elementor-element elementor-element-dbf60e2 elementor-grid-3 elementor-grid-tablet-3 elementor-grid-mobile-2 elementor-products-grid elementor-wc-products elementor-widget elementor-widget-woocommerce-products\" data-id=\"dbf60e2\" data-element_type=\"widget\" data-e-type=\"widget\" data-widget_type=\"woocommerce-products.default\">\n\t\t\t\t<div class=\"elementor-widget-container\">\n\t\t\t\t\t<div class=\"woocommerce columns-3 \"><div class=\"wd-products-element\">\t\t\t<div class=\"wd-sticky-loader wd-content-loader\"><span class=\"wd-loader\"><\/span><\/div>\n\t\t\n<div class=\"products wd-products wd-grid-g grid-columns-4 elements-grid pagination-infinit title-line-two\" data-source=\"main_loop\" data-min_price=\"\" data-max_price=\"\" data-columns=\"4\" style=\"--wd-col-lg:4;--wd-col-md:4;--wd-col-sm:2;--wd-gap-lg:20px;--wd-gap-sm:10px;\">\n<div class=\"wd-product wd-hover-base wd-hover-with-fade wd-col product-grid-item product product-no-swatches type-product post-11389 status-publish last instock product_cat-atividades-pt-pt product_cat-faial-pt-pt product_cat-todas-as-ilhas product_cat-visitas-guiadas product_tag-ilhadofaial has-post-thumbnail virtual sold-individually taxable purchasable product-type-phive_booking\" data-loop=\"2\" data-id=\"11389\">\n\t\n\t\n<div class=\"product-wrapper\">\n\t<div class=\"content-product-imagin\"><\/div>\n\t<div class=\"product-element-top wd-quick-shop\">\n\t\t<a href=\"https:\/\/guidetotheazores.pt\/pt-pt\/produto\/passeio-pedestre-privado-de-meio-dia-a-volta-da-caldeira\/\" class=\"product-image-link\" tabindex=\"-1\" aria-label=\"Passeio pedestre privado de meio dia \u00e0 volta da Caldeira\">\n\t\t\t<img decoding=\"async\" width=\"300\" height=\"225\" src=\"https:\/\/guidetotheazores.pt\/wp-content\/uploads\/2023\/02\/a4-300x225.jpg\" class=\"attachment-woocommerce_thumbnail size-woocommerce_thumbnail\" alt=\"Visitfaial, visitas guiadas no Faial e no Pico\" srcset=\"https:\/\/guidetotheazores.pt\/wp-content\/uploads\/2023\/02\/a4-300x225.jpg 300w, https:\/\/guidetotheazores.pt\/wp-content\/uploads\/2023\/02\/a4-192x144.jpg 192w, https:\/\/guidetotheazores.pt\/wp-content\/uploads\/2023\/02\/a4-384x288.jpg 384w, https:\/\/guidetotheazores.pt\/wp-content\/uploads\/2023\/02\/a4-90x67.jpg 90w, https:\/\/guidetotheazores.pt\/wp-content\/uploads\/2023\/02\/a4-180x135.jpg 180w, https:\/\/guidetotheazores.pt\/wp-content\/uploads\/2023\/02\/a4-561x421.jpg 561w\" sizes=\"(max-width: 300px) 100vw, 300px\" \/>\t\t<\/a>\n\n\t\t\t\t\t<div class=\"hover-img\">\n\t\t\t\t<img decoding=\"async\" width=\"300\" height=\"225\" src=\"https:\/\/guidetotheazores.pt\/wp-content\/uploads\/2023\/02\/2e-300x225.jpg\" class=\"attachment-woocommerce_thumbnail size-woocommerce_thumbnail\" alt=\"Visitfaial, visitas guiadas no Faial e no Pico\" srcset=\"https:\/\/guidetotheazores.pt\/wp-content\/uploads\/2023\/02\/2e-300x225.jpg 300w, https:\/\/guidetotheazores.pt\/wp-content\/uploads\/2023\/02\/2e-192x144.jpg 192w, https:\/\/guidetotheazores.pt\/wp-content\/uploads\/2023\/02\/2e-384x288.jpg 384w, https:\/\/guidetotheazores.pt\/wp-content\/uploads\/2023\/02\/2e-90x67.jpg 90w, https:\/\/guidetotheazores.pt\/wp-content\/uploads\/2023\/02\/2e-180x135.jpg 180w, https:\/\/guidetotheazores.pt\/wp-content\/uploads\/2023\/02\/2e-561x421.jpg 561w\" sizes=\"(max-width: 300px) 100vw, 300px\" \/>\t\t\t<\/div>\n\t\t\t\n\t\t<div class=\"wrapp-swatches\"><\/div>\n\t<\/div>\n\n\t<div class=\"product-element-bottom product-information\">\n\t\t<h3 class=\"wd-entities-title\"><a href=\"https:\/\/guidetotheazores.pt\/pt-pt\/produto\/passeio-pedestre-privado-de-meio-dia-a-volta-da-caldeira\/\">Passeio pedestre privado de meio dia \u00e0 volta da Caldeira<\/a><\/h3>\t\t\t\t<div class=\"product-rating-price\">\n\t\t\t<div class=\"wrapp-product-price\">\n\t\t\t\t\n\t<span class=\"price\"><span class=\"woocommerce-Price-amount amount\"><bdi><span class=\"woocommerce-Price-currencySymbol\">&euro;<\/span>75.00<\/bdi><\/span>&nbsp;<span class = \"ph-bookings-display-cost-suffix\">Per Person<\/span><\/span>\n        <\/a>\n                            <span class=\"details\">\n                        <a href=\"https:\/\/guidetotheazores.pt\/pt-pt\/partner\/visitfaial\/\">Andreas from Visitfaial<\/a>                    <\/span>\n            \t\t\t\t\t\t\t<\/div>\n\t\t<\/div>\n\t\t\t\t<div class=\"fade-in-block wd-scroll\">\n\t\t\t<div class=\"hover-content wd-more-desc\">\n\t\t\t\t<div class=\"hover-content-inner wd-more-desc-inner\">\n\t\t\t\t\tCaminhar pela Caldeira \u00e9 uma experi\u00eancia que n\u00e3o deve perder se visitar o Faial. Este cone vulc\u00e2nico desmoronado \u00e9 um dos principais pontos de refer\u00eancia do Faial. Com 2 km de di\u00e2metro, \u00e9 uma lembran\u00e7a impressionante da for\u00e7a da natureza. O percurso \u00e0 volta do per\u00edmetro tem cerca de 7 km e pode ser feito em duas a tr\u00eas horas. A caminhada \u00e0 volta da Caldeira \u00e9 fisicamente f\u00e1cil, mas quem sofre de vertigens pode achar que algumas passagens bem seguras s\u00e3o um pouco desafiantes. Esta caminhada s\u00f3 vale a pena ser feita se o tempo estiver limpo e o vento n\u00e3o for muito forte. Ser\u00e1 recompensado com vistas deslumbrantes sobre as ilhas vizinhas e a natureza intocada.\t\t\t\t<\/div>\n\t\t\t\t<a href=\"#\" rel=\"nofollow\" class=\"wd-more-desc-btn\" aria-label=\"Read more description\"><\/a>\n\t\t\t<\/div>\n\t\t\t<div class=\" wd-bottom-actions\">\n\t\t\t\t<div class=\"wrap-wishlist-button\"><\/div>\n\t\t\t\t<div class=\"wd-add-btn wd-add-btn-replace\">\n\t\t\t\t\t<a href=\"https:\/\/guidetotheazores.pt\/pt-pt\/produto\/passeio-pedestre-privado-de-meio-dia-a-volta-da-caldeira\/\" aria-describedby=\"woocommerce_loop_add_to_cart_link_describedby_11389\" data-quantity=\"1\" class=\"button product_type_phive_booking add_to_cart_button add-to-cart-loop\" data-product_id=\"11389\" data-product_sku=\"\" aria-label=\"Leia mais sobre &ldquo;Passeio pedestre privado de meio dia \u00e0 volta da Caldeira&rdquo;\" rel=\"nofollow\"><span>Reservar Agora<\/span><\/a>\t<span id=\"woocommerce_loop_add_to_cart_link_describedby_11389\" class=\"screen-reader-text\">\n\t\t\t<\/span>\n\t\t\t\t\t\t\t\t\t\t\t\t\t\t\t\t\t\t\t\t<\/div>\n\t\t\t\t<div class=\"wrap-quickview-button\"><\/div>\n\t\t\t<\/div>\n\n\t\t\t\t\t\t\n\t\t\t\t\t<\/div>\n\t<\/div>\n<\/div>\n<\/div>\n<div class=\"wd-product wd-hover-base wd-hover-with-fade wd-col product-grid-item product product-no-swatches type-product post-11909 status-publish first instock product_cat-atividades-pt-pt product_cat-faial-pt-pt product_cat-observacao-de-baleias product_cat-todas-as-ilhas product_tag-ilhadofaial has-post-thumbnail taxable shipping-taxable product-type-external\" data-loop=\"3\" data-id=\"11909\">\n\t\n\t\n<div class=\"product-wrapper\">\n\t<div class=\"content-product-imagin\"><\/div>\n\t<div class=\"product-element-top wd-quick-shop\">\n\t\t<a href=\"https:\/\/guidetotheazores.pt\/pt-pt\/produto\/observacao-de-baleias\/\" class=\"product-image-link\" tabindex=\"-1\" aria-label=\"Observa\u00e7\u00e3o de baleias no Faial\">\n\t\t\t<img decoding=\"async\" width=\"300\" height=\"225\" src=\"https:\/\/guidetotheazores.pt\/wp-content\/uploads\/2024\/01\/0000-300x225.jpg\" class=\"attachment-woocommerce_thumbnail size-woocommerce_thumbnail\" alt=\"Norberto Diver - Guide to the Azores\" srcset=\"https:\/\/guidetotheazores.pt\/wp-content\/uploads\/2024\/01\/0000-300x225.jpg 300w, https:\/\/guidetotheazores.pt\/wp-content\/uploads\/2024\/01\/0000-600x450.jpg 600w\" sizes=\"(max-width: 300px) 100vw, 300px\" \/>\t\t<\/a>\n\n\t\t\t\t\t<div class=\"hover-img\">\n\t\t\t\t<img decoding=\"async\" width=\"300\" height=\"225\" src=\"https:\/\/guidetotheazores.pt\/wp-content\/uploads\/2024\/01\/norberto-diver-banner-300x225.jpg\" class=\"attachment-woocommerce_thumbnail size-woocommerce_thumbnail\" alt=\"Norberto Diver - Guide to the Azores\" \/>\t\t\t<\/div>\n\t\t\t\n\t\t<div class=\"wrapp-swatches\"><\/div>\n\t<\/div>\n\n\t<div class=\"product-element-bottom product-information\">\n\t\t<h3 class=\"wd-entities-title\"><a href=\"https:\/\/guidetotheazores.pt\/pt-pt\/produto\/observacao-de-baleias\/\">Observa\u00e7\u00e3o de baleias no Faial<\/a><\/h3>\t\t\t\t<div class=\"product-rating-price\">\n\t\t\t<div class=\"wrapp-product-price\">\n\t\t\t\t\n        <\/a>\n                            <span class=\"details\">\n                        <a href=\"https:\/\/guidetotheazores.pt\/pt-pt\/partner\/norberto-diver-actividades-maritimas-lda\/\">Norberto Diver<\/a>                    <\/span>\n            \t\t\t\t\t\t\t<\/div>\n\t\t<\/div>\n\t\t\t\t<div class=\"fade-in-block wd-scroll\">\n\t\t\t<div class=\"hover-content wd-more-desc\">\n\t\t\t\t<div class=\"hover-content-inner wd-more-desc-inner\">\n\t\t\t\t\tDurante esta atividade, ter\u00e1s a oportunidade de observar baleias e golfinhos (cet\u00e1ceos) no seu habitat natural. A \u00e9poca de realiza\u00e7\u00e3o desta atividade na ilha do Faial decorre de abril a outubro. Podes participar nesta viagem independentemente da tua idade ou n\u00edvel de condi\u00e7\u00e3o f\u00edsica - todos s\u00e3o bem-vindos! Se tiveres alguma defici\u00eancia que exija assist\u00eancia especial, por favor avisa-nos com anteced\u00eancia.   \n\n<script src=\"https:\/\/fareharbor.com\/embeds\/script\/calendar\/norbertodiver\/items\/189719\/?asn=fhdn-eur&amp;asn-ref=guidetotheazores&amp;ref=guidetotheazores&amp;bookable-only=yes&amp;full-items=yes&amp;marketplace=yes&amp;flow=no&amp;branding=no\"><\/script>\n\nMeio dia - 4 horas\n\n\t\t\t\t<\/div>\n\t\t\t\t<a href=\"#\" rel=\"nofollow\" class=\"wd-more-desc-btn\" aria-label=\"Read more description\"><\/a>\n\t\t\t<\/div>\n\t\t\t<div class=\" wd-bottom-actions\">\n\t\t\t\t<div class=\"wrap-wishlist-button\"><\/div>\n\t\t\t\t<div class=\"wd-add-btn wd-add-btn-replace\">\n\t\t\t\t\t<a href=\"\" aria-describedby=\"woocommerce_loop_add_to_cart_link_describedby_11909\" data-quantity=\"1\" class=\"button product_type_external add-to-cart-loop\" data-product_id=\"11909\" data-product_sku=\"\" aria-label=\"Comprar &ldquo;Observa\u00e7\u00e3o de baleias no Faial&rdquo;\" rel=\"nofollow\"><span>Comprar produto<\/span><\/a>\t<span id=\"woocommerce_loop_add_to_cart_link_describedby_11909\" class=\"screen-reader-text\">\n\t\t\t<\/span>\n\t\t\t\t\t\t\t\t\t\t\t\t\t\t\t\t\t\t\t\t<\/div>\n\t\t\t\t<div class=\"wrap-quickview-button\"><\/div>\n\t\t\t<\/div>\n\n\t\t\t\t\t\t\n\t\t\t\t\t<\/div>\n\t<\/div>\n<\/div>\n<\/div>\n<div class=\"wd-product wd-hover-base wd-hover-with-fade wd-col product-grid-item product has-stars product-no-swatches type-product post-8770 status-publish instock product_cat-alojamento product_cat-alojamento-local-pt-pt product_cat-faial-pt-pt product_cat-todas-as-ilhas product_tag-ilhadofaial has-post-thumbnail virtual sold-individually taxable purchasable product-type-phive_booking\" data-loop=\"4\" data-id=\"8770\">\n\t\n\t\n<div class=\"product-wrapper\">\n\t<div class=\"content-product-imagin\"><\/div>\n\t<div class=\"product-element-top wd-quick-shop\">\n\t\t<a href=\"https:\/\/guidetotheazores.pt\/pt-pt\/produto\/casa-aguaplano-cottage\/\" class=\"product-image-link\" tabindex=\"-1\" aria-label=\"Casa Aguaplano Casa de campo acolhedora\">\n\t\t\t<img decoding=\"async\" width=\"300\" height=\"225\" src=\"https:\/\/guidetotheazores.pt\/wp-content\/uploads\/2021\/11\/Casa-Aguaplano-Cottage-300x225.jpeg\" class=\"attachment-woocommerce_thumbnail size-woocommerce_thumbnail\" alt=\"Casa de campo Casa Aguaplano\" srcset=\"https:\/\/guidetotheazores.pt\/wp-content\/uploads\/2021\/11\/Casa-Aguaplano-Cottage-300x225.jpeg 300w, https:\/\/guidetotheazores.pt\/wp-content\/uploads\/2021\/11\/Casa-Aguaplano-Cottage-768x576.jpeg 768w, https:\/\/guidetotheazores.pt\/wp-content\/uploads\/2021\/11\/Casa-Aguaplano-Cottage-192x144.jpeg 192w, https:\/\/guidetotheazores.pt\/wp-content\/uploads\/2021\/11\/Casa-Aguaplano-Cottage-384x288.jpeg 384w, https:\/\/guidetotheazores.pt\/wp-content\/uploads\/2021\/11\/Casa-Aguaplano-Cottage-90x67.jpeg 90w, https:\/\/guidetotheazores.pt\/wp-content\/uploads\/2021\/11\/Casa-Aguaplano-Cottage-180x135.jpeg 180w, https:\/\/guidetotheazores.pt\/wp-content\/uploads\/2021\/11\/Casa-Aguaplano-Cottage-561x421.jpeg 561w, https:\/\/guidetotheazores.pt\/wp-content\/uploads\/2021\/11\/Casa-Aguaplano-Cottage-265x199.jpeg 265w, https:\/\/guidetotheazores.pt\/wp-content\/uploads\/2021\/11\/Casa-Aguaplano-Cottage-531x398.jpeg 531w, https:\/\/guidetotheazores.pt\/wp-content\/uploads\/2021\/11\/Casa-Aguaplano-Cottage-364x273.jpeg 364w, https:\/\/guidetotheazores.pt\/wp-content\/uploads\/2021\/11\/Casa-Aguaplano-Cottage-728x546.jpeg 728w, https:\/\/guidetotheazores.pt\/wp-content\/uploads\/2021\/11\/Casa-Aguaplano-Cottage-608x456.jpeg 608w, https:\/\/guidetotheazores.pt\/wp-content\/uploads\/2021\/11\/Casa-Aguaplano-Cottage-758x569.jpeg 758w, https:\/\/guidetotheazores.pt\/wp-content\/uploads\/2021\/11\/Casa-Aguaplano-Cottage-600x450.jpeg 600w, https:\/\/guidetotheazores.pt\/wp-content\/uploads\/2021\/11\/Casa-Aguaplano-Cottage.jpeg 1024w\" sizes=\"(max-width: 300px) 100vw, 300px\" \/>\t\t<\/a>\n\n\t\t\t\t\t<div class=\"hover-img\">\n\t\t\t\t<img decoding=\"async\" width=\"300\" height=\"225\" src=\"https:\/\/guidetotheazores.pt\/wp-content\/uploads\/2021\/11\/Casa-Aguaplano-Eng-300x225.jpg\" class=\"attachment-woocommerce_thumbnail size-woocommerce_thumbnail\" alt=\"Casa Aguaplano - Guide to the Azores - Faial\" srcset=\"https:\/\/guidetotheazores.pt\/wp-content\/uploads\/2021\/11\/Casa-Aguaplano-Eng-300x225.jpg 300w, https:\/\/guidetotheazores.pt\/wp-content\/uploads\/2021\/11\/Casa-Aguaplano-Eng-600x450.jpg 600w\" sizes=\"(max-width: 300px) 100vw, 300px\" \/>\t\t\t<\/div>\n\t\t\t\n\t\t<div class=\"wrapp-swatches\"><\/div>\n\t<\/div>\n\n\t<div class=\"product-element-bottom product-information\">\n\t\t<h3 class=\"wd-entities-title\"><a href=\"https:\/\/guidetotheazores.pt\/pt-pt\/produto\/casa-aguaplano-cottage\/\">Casa Aguaplano Casa de campo acolhedora<\/a><\/h3>\t\t\t\t<div class=\"product-rating-price\">\n\t\t\t<div class=\"wrapp-product-price\">\n\t\t\t\t\n\t<span class=\"price\"><span class=\"woocommerce-Price-amount amount\"><bdi><span class=\"woocommerce-Price-currencySymbol\">&euro;<\/span>70.00<\/bdi><\/span>&nbsp;<span class = \"ph-bookings-display-cost-suffix\">Single\/Double<\/span><\/span>\n        <\/a>\n                            <span class=\"details\">\n                        <a href=\"https:\/\/guidetotheazores.pt\/pt-pt\/partner\/aguaplano\/\">Casa Aguaplano<\/a>                    <\/span>\n            \t\t\t\t\t\t\n\t\t\t\t<div class=\"star-rating\" role=\"img\" aria-label=\"Avalia\u00e7\u00e3o 5.00 de 5\">\n\t\t\t\t\t<span style=\"width:100%\">\n\t\t\tAvalia\u00e7\u00e3o <strong class=\"rating\">5.00<\/strong> de 5\t\t<\/span>\n\t\t\t\t<\/div>\n\n\t\t\n\t\t\t\t\t\t\t<\/div>\n\t\t<\/div>\n\t\t\t\t<div class=\"fade-in-block wd-scroll\">\n\t\t\t<div class=\"hover-content wd-more-desc\">\n\t\t\t\t<div class=\"hover-content-inner wd-more-desc-inner\">\n\t\t\t\t\tAconchegante casa de madeira de 30 m2 perto do Vulc\u00e3o dos Capelinhos com vista para o mar, fabuloso p\u00f4r do sol, p\u00e1tio para churrasco e todas as comodidades. A minutos das piscinas naturais e da Horta. \n\n&nbsp;\t\t\t\t<\/div>\n\t\t\t\t<a href=\"#\" rel=\"nofollow\" class=\"wd-more-desc-btn\" aria-label=\"Read more description\"><\/a>\n\t\t\t<\/div>\n\t\t\t<div class=\" wd-bottom-actions\">\n\t\t\t\t<div class=\"wrap-wishlist-button\"><\/div>\n\t\t\t\t<div class=\"wd-add-btn wd-add-btn-replace\">\n\t\t\t\t\t<a href=\"https:\/\/guidetotheazores.pt\/pt-pt\/produto\/casa-aguaplano-cottage\/\" aria-describedby=\"woocommerce_loop_add_to_cart_link_describedby_8770\" data-quantity=\"1\" class=\"button product_type_phive_booking add_to_cart_button add-to-cart-loop\" data-product_id=\"8770\" data-product_sku=\"\" aria-label=\"Leia mais sobre &ldquo;Casa Aguaplano Casa de campo acolhedora&rdquo;\" rel=\"nofollow\"><span>Reservar Agora<\/span><\/a>\t<span id=\"woocommerce_loop_add_to_cart_link_describedby_8770\" class=\"screen-reader-text\">\n\t\t\t<\/span>\n\t\t\t\t\t\t\t\t\t\t\t\t\t\t\t\t\t\t\t\t<\/div>\n\t\t\t\t<div class=\"wrap-quickview-button\"><\/div>\n\t\t\t<\/div>\n\n\t\t\t\t\t\t\n\t\t\t\t\t<\/div>\n\t<\/div>\n<\/div>\n<\/div>\n<\/div>\n<\/div><\/div>\t\t\t\t<\/div>\n\t\t\t\t<\/div>\n\t\t\t\t\t<\/div>\n\t\t<\/div>\n\t\t\t\t\t<\/div>\n\t\t<\/section>\n\t\t\t\t<section class=\"wd-negative-gap elementor-section elementor-top-section elementor-element elementor-element-e8a667f elementor-section-boxed elementor-section-height-default elementor-section-height-default\" data-id=\"e8a667f\" data-element_type=\"section\" data-e-type=\"section\">\n\t\t\t\t\t\t<div class=\"elementor-container elementor-column-gap-default\">\n\t\t\t\t\t<div class=\"elementor-column elementor-col-100 elementor-top-column elementor-element elementor-element-dfc8ef9\" data-id=\"dfc8ef9\" data-element_type=\"column\" data-e-type=\"column\">\n\t\t\t<div class=\"elementor-widget-wrap elementor-element-populated\">\n\t\t\t\t\t\t<div class=\"elementor-element elementor-element-00b5067 elementor-widget elementor-widget-wd_text_block\" data-id=\"00b5067\" data-element_type=\"widget\" data-e-type=\"widget\" data-widget_type=\"wd_text_block.default\">\n\t\t\t\t<div class=\"elementor-widget-container\">\n\t\t\t\t\t\t\t<div class=\"wd-text-block reset-last-child text-left\">\n\t\t\t\n\t\t\t<p> <\/p><h3 class=\"p1\"><span class=\"s1\"><b>Terceira<\/b><\/span><\/h3><ul><li><h4>Miradouro da Serra do Cume<\/h4><\/li><\/ul><div id=\"attachment_7546\" style=\"width: 810px\" class=\"wp-caption aligncenter\"><img decoding=\"async\" aria-describedby=\"caption-attachment-7546\" class=\" wd-lazy-fade wp-image-7546\" src=\"https:\/\/guidetotheazores.pt\/wp-content\/themes\/woodmart\/images\/lazy.svg\" data-src=\"https:\/\/guidetotheazores.pt\/wp-content\/uploads\/2022\/01\/Miradouro-do-Serra-do-Cume.jpg\" alt=\"Miradouro da Serra do Cume - Terceira - A\u00e7ores\" width=\"800\" height=\"532\" srcset=\"\" data-srcset=\"https:\/\/guidetotheazores.pt\/wp-content\/uploads\/2022\/01\/Miradouro-do-Serra-do-Cume.jpg 1024w, https:\/\/guidetotheazores.pt\/wp-content\/uploads\/2022\/01\/Miradouro-do-Serra-do-Cume-300x200.jpg 300w, https:\/\/guidetotheazores.pt\/wp-content\/uploads\/2022\/01\/Miradouro-do-Serra-do-Cume-768x511.jpg 768w, https:\/\/guidetotheazores.pt\/wp-content\/uploads\/2022\/01\/Miradouro-do-Serra-do-Cume-180x120.jpg 180w, https:\/\/guidetotheazores.pt\/wp-content\/uploads\/2022\/01\/Miradouro-do-Serra-do-Cume-561x373.jpg 561w, https:\/\/guidetotheazores.pt\/wp-content\/uploads\/2022\/01\/Miradouro-do-Serra-do-Cume-265x176.jpg 265w, https:\/\/guidetotheazores.pt\/wp-content\/uploads\/2022\/01\/Miradouro-do-Serra-do-Cume-531x353.jpg 531w, https:\/\/guidetotheazores.pt\/wp-content\/uploads\/2022\/01\/Miradouro-do-Serra-do-Cume-364x242.jpg 364w, https:\/\/guidetotheazores.pt\/wp-content\/uploads\/2022\/01\/Miradouro-do-Serra-do-Cume-728x484.jpg 728w, https:\/\/guidetotheazores.pt\/wp-content\/uploads\/2022\/01\/Miradouro-do-Serra-do-Cume-608x404.jpg 608w, https:\/\/guidetotheazores.pt\/wp-content\/uploads\/2022\/01\/Miradouro-do-Serra-do-Cume-758x504.jpg 758w, https:\/\/guidetotheazores.pt\/wp-content\/uploads\/2022\/01\/Miradouro-do-Serra-do-Cume-313x208.jpg 313w, https:\/\/guidetotheazores.pt\/wp-content\/uploads\/2022\/01\/Miradouro-do-Serra-do-Cume-600x399.jpg 600w, https:\/\/guidetotheazores.pt\/wp-content\/uploads\/2022\/01\/Miradouro-do-Serra-do-Cume-150x100.jpg 150w\" sizes=\"(max-width: 800px) 100vw, 800px\" \/><p id=\"caption-attachment-7546\" class=\"wp-caption-text\">Uma vista magn\u00edfica do Miradouro sobre o vale abaixo, com o seu labirinto carater\u00edstico de campos cultivados<\/p><\/div><ul><li><h4>Algar do Carvao<\/h4><\/li><\/ul><div id=\"attachment_7547\" style=\"width: 810px\" class=\"wp-caption aligncenter\"><img decoding=\"async\" aria-describedby=\"caption-attachment-7547\" class=\" wd-lazy-fade wp-image-7547\" src=\"https:\/\/guidetotheazores.pt\/wp-content\/themes\/woodmart\/images\/lazy.svg\" data-src=\"https:\/\/guidetotheazores.pt\/wp-content\/uploads\/2022\/01\/Algar-do-Carvao-Terceira-Azores.jpg\" alt=\"Algar do Carv\u00e3o\" width=\"800\" height=\"475\" srcset=\"\" data-srcset=\"https:\/\/guidetotheazores.pt\/wp-content\/uploads\/2022\/01\/Algar-do-Carvao-Terceira-Azores.jpg 1920w, https:\/\/guidetotheazores.pt\/wp-content\/uploads\/2022\/01\/Algar-do-Carvao-Terceira-Azores-300x178.jpg 300w, https:\/\/guidetotheazores.pt\/wp-content\/uploads\/2022\/01\/Algar-do-Carvao-Terceira-Azores-1024x607.jpg 1024w, https:\/\/guidetotheazores.pt\/wp-content\/uploads\/2022\/01\/Algar-do-Carvao-Terceira-Azores-768x456.jpg 768w, https:\/\/guidetotheazores.pt\/wp-content\/uploads\/2022\/01\/Algar-do-Carvao-Terceira-Azores-1536x911.jpg 1536w, https:\/\/guidetotheazores.pt\/wp-content\/uploads\/2022\/01\/Algar-do-Carvao-Terceira-Azores-561x333.jpg 561w, https:\/\/guidetotheazores.pt\/wp-content\/uploads\/2022\/01\/Algar-do-Carvao-Terceira-Azores-1122x666.jpg 1122w, https:\/\/guidetotheazores.pt\/wp-content\/uploads\/2022\/01\/Algar-do-Carvao-Terceira-Azores-265x157.jpg 265w, https:\/\/guidetotheazores.pt\/wp-content\/uploads\/2022\/01\/Algar-do-Carvao-Terceira-Azores-531x315.jpg 531w, https:\/\/guidetotheazores.pt\/wp-content\/uploads\/2022\/01\/Algar-do-Carvao-Terceira-Azores-364x216.jpg 364w, https:\/\/guidetotheazores.pt\/wp-content\/uploads\/2022\/01\/Algar-do-Carvao-Terceira-Azores-728x432.jpg 728w, https:\/\/guidetotheazores.pt\/wp-content\/uploads\/2022\/01\/Algar-do-Carvao-Terceira-Azores-608x361.jpg 608w, https:\/\/guidetotheazores.pt\/wp-content\/uploads\/2022\/01\/Algar-do-Carvao-Terceira-Azores-758x450.jpg 758w, https:\/\/guidetotheazores.pt\/wp-content\/uploads\/2022\/01\/Algar-do-Carvao-Terceira-Azores-1152x683.jpg 1152w, https:\/\/guidetotheazores.pt\/wp-content\/uploads\/2022\/01\/Algar-do-Carvao-Terceira-Azores-313x186.jpg 313w, https:\/\/guidetotheazores.pt\/wp-content\/uploads\/2022\/01\/Algar-do-Carvao-Terceira-Azores-600x356.jpg 600w, https:\/\/guidetotheazores.pt\/wp-content\/uploads\/2022\/01\/Algar-do-Carvao-Terceira-Azores-150x89.jpg 150w\" sizes=\"(max-width: 800px) 100vw, 800px\" \/><p id=\"caption-attachment-7547\" class=\"wp-caption-text\">O antigo tubo de lava est\u00e1 classificado como \"Monumento Nacional Regional\" devido \u00e0s suas caracter\u00edsticas peculiares<\/p><\/div>\n\t\t\t\t\t<\/div>\n\t\t\t\t\t\t<\/div>\n\t\t\t\t<\/div>\n\t\t\t\t<div class=\"facetwp-template facetwp-elementor-widget elementor-element elementor-element-8c90420 elementor-grid-3 elementor-grid-tablet-3 elementor-grid-mobile-2 elementor-products-grid elementor-wc-products elementor-widget elementor-widget-woocommerce-products\" data-id=\"8c90420\" data-element_type=\"widget\" data-e-type=\"widget\" data-widget_type=\"woocommerce-products.default\">\n\t\t\t\t<div class=\"elementor-widget-container\">\n\t\t\t\t\t<div class=\"woocommerce columns-3 \"><div class=\"wd-products-element\">\t\t\t<div class=\"wd-sticky-loader wd-content-loader\"><span class=\"wd-loader\"><\/span><\/div>\n\t\t\n<div class=\"products wd-products wd-grid-g grid-columns-4 elements-grid pagination-infinit title-line-two\" data-source=\"main_loop\" data-min_price=\"\" data-max_price=\"\" data-columns=\"4\" style=\"--wd-col-lg:4;--wd-col-md:4;--wd-col-sm:2;--wd-gap-lg:20px;--wd-gap-sm:10px;\">\n<div class=\"wd-product wd-hover-base wd-hover-with-fade wd-col product-grid-item product product-no-swatches type-product post-12966 status-publish last instock product_cat-atividades-pt-pt product_cat-caminhadas product_cat-geotourism-pt-pt product_cat-terceira-pt-pt product_cat-todas-as-ilhas product_cat-visitas-guiadas has-post-thumbnail virtual sold-individually taxable purchasable product-type-phive_booking\" data-loop=\"5\" data-id=\"12966\">\n\t\n\t\n<div class=\"product-wrapper\">\n\t<div class=\"content-product-imagin\"><\/div>\n\t<div class=\"product-element-top wd-quick-shop\">\n\t\t<a href=\"https:\/\/guidetotheazores.pt\/pt-pt\/produto\/jeep-safari-tour-full-day\/\" class=\"product-image-link\" tabindex=\"-1\" aria-label=\"Jeep Safari Tour &#8211; Full Day\">\n\t\t\t<img decoding=\"async\" width=\"300\" height=\"225\" src=\"https:\/\/guidetotheazores.pt\/wp-content\/uploads\/2024\/02\/9687-300x225.jpg\" class=\"attachment-woocommerce_thumbnail size-woocommerce_thumbnail\" alt=\"Azores Escape - Guide to the Azores\" srcset=\"https:\/\/guidetotheazores.pt\/wp-content\/uploads\/2024\/02\/9687-300x225.jpg 300w, https:\/\/guidetotheazores.pt\/wp-content\/uploads\/2024\/02\/9687-600x450.jpg 600w\" sizes=\"(max-width: 300px) 100vw, 300px\" \/>\t\t<\/a>\n\n\t\t\n\t\t<div class=\"wrapp-swatches\"><\/div>\n\t<\/div>\n\n\t<div class=\"product-element-bottom product-information\">\n\t\t<h3 class=\"wd-entities-title\"><a href=\"https:\/\/guidetotheazores.pt\/pt-pt\/produto\/jeep-safari-tour-full-day\/\">Jeep Safari Tour &#8211; Full Day<\/a><\/h3>\t\t\t\t<div class=\"product-rating-price\">\n\t\t\t<div class=\"wrapp-product-price\">\n\t\t\t\t\n\t<span class=\"price\"><span class=\"woocommerce-Price-amount amount\"><bdi><span class=\"woocommerce-Price-currencySymbol\">&euro;<\/span>85.00<\/bdi><\/span><\/span>\n        <\/a>\n                            <span class=\"details\">\n                        <a href=\"https:\/\/guidetotheazores.pt\/pt-pt\/partner\/www-azoresescape-pt\/\">Azores Escape<\/a>                    <\/span>\n            \t\t\t\t\t\t\t<\/div>\n\t\t<\/div>\n\t\t\t\t<div class=\"fade-in-block wd-scroll\">\n\t\t\t<div class=\"hover-content wd-more-desc\">\n\t\t\t\t<div class=\"hover-content-inner wd-more-desc-inner\">\n\t\t\t\t\tEscapadelas Selvagens: Aventura de dia inteiro num Jeep Safari na Ilha Terceira\r\n\r\nLiberte o seu explorador interior. Aperte o cinto e prepare-se para uma viagem cheia de adrenalina pelo cora\u00e7\u00e3o da Ilha Terceira.\r\n\r\nO nosso Jeep Safari de dia inteiro promete uma aventura todo-o-terreno como nenhuma outra. Deixe o comum.\r\n\r\nConecte-se com o interior da flores da Laurissilva; com a sua flora e fauna \u00fanicas de uma forma completamente diferente e aventureira a bordo dos nossos ve\u00edculos 4x4 descapot\u00e1veis preparados para aceder a lugares distintos. Para al\u00e9m disso conhe\u00e7a os pontos de maior interesse cultural e paisag\u00edstico da nossa ilha.\r\n<table class=\"t1\" style=\"height: 228px;\" width=\"461\" cellspacing=\"0\" cellpadding=\"0\">\r\n<tbody>\r\n<tr>\r\n<td class=\"td1\" valign=\"middle\">\r\n<p class=\"p1\"><span class=\"s1\">Individual Price<\/span><\/p>\r\n<\/td>\r\n<td class=\"td2\" colspan=\"2\" valign=\"middle\">\r\n<p class=\"p1\"><span class=\"s1\">305\u20ac<\/span><\/p>\r\n<\/td>\r\n<\/tr>\r\n<tr>\r\n<td class=\"td3\" valign=\"middle\">\r\n<p class=\"p1\"><span class=\"s1\">Price per person (2 to 3 pax)<\/span><\/p>\r\n<\/td>\r\n<td class=\"td4\" colspan=\"2\" valign=\"middle\">\r\n<p class=\"p1\"><span class=\"s1\">150\u20ac<\/span><\/p>\r\n<\/td>\r\n<\/tr>\r\n<tr>\r\n<td class=\"td1\" valign=\"middle\">\r\n<p class=\"p1\"><span class=\"s1\">Price per person (4 to 6 pax)<\/span><\/p>\r\n<\/td>\r\n<td class=\"td2\" colspan=\"2\" valign=\"middle\">\r\n<p class=\"p1\"><span class=\"s1\">95\u20ac<\/span><\/p>\r\n<\/td>\r\n<\/tr>\r\n<tr>\r\n<td class=\"td3\" valign=\"middle\">\r\n<p class=\"p1\"><span class=\"s1\">Price per person (&gt; 6 pax)<\/span><\/p>\r\n<\/td>\r\n<td class=\"td4\" colspan=\"2\" valign=\"middle\">\r\n<p class=\"p1\"><span class=\"s1\">85\u20ac<\/span><\/p>\r\n<\/td>\r\n<\/tr>\r\n<\/tbody>\r\n<\/table>\t\t\t\t<\/div>\n\t\t\t\t<a href=\"#\" rel=\"nofollow\" class=\"wd-more-desc-btn\" aria-label=\"Read more description\"><\/a>\n\t\t\t<\/div>\n\t\t\t<div class=\" wd-bottom-actions\">\n\t\t\t\t<div class=\"wrap-wishlist-button\"><\/div>\n\t\t\t\t<div class=\"wd-add-btn wd-add-btn-replace\">\n\t\t\t\t\t<a href=\"https:\/\/guidetotheazores.pt\/pt-pt\/produto\/jeep-safari-tour-full-day\/\" aria-describedby=\"woocommerce_loop_add_to_cart_link_describedby_12966\" data-quantity=\"1\" class=\"button product_type_phive_booking add_to_cart_button add-to-cart-loop\" data-product_id=\"12966\" data-product_sku=\"\" aria-label=\"Leia mais sobre &ldquo;Jeep Safari Tour - Full Day&rdquo;\" rel=\"nofollow\"><span>Reservar Agora<\/span><\/a>\t<span id=\"woocommerce_loop_add_to_cart_link_describedby_12966\" class=\"screen-reader-text\">\n\t\t\t<\/span>\n\t\t\t\t\t\t\t\t\t\t\t\t\t\t\t\t\t\t\t\t<\/div>\n\t\t\t\t<div class=\"wrap-quickview-button\"><\/div>\n\t\t\t<\/div>\n\n\t\t\t\t\t\t\n\t\t\t\t\t<\/div>\n\t<\/div>\n<\/div>\n<\/div>\n<div class=\"wd-product wd-hover-base wd-hover-with-fade wd-col product-grid-item product product-no-swatches type-product post-12807 status-publish first instock product_cat-atividades-pt-pt product_cat-terceira-pt-pt product_cat-todas-as-ilhas product_cat-visitas-guiadas has-post-thumbnail virtual sold-individually taxable purchasable product-type-phive_booking\" data-loop=\"6\" data-id=\"12807\">\n\t\n\t\n<div class=\"product-wrapper\">\n\t<div class=\"content-product-imagin\"><\/div>\n\t<div class=\"product-element-top wd-quick-shop\">\n\t\t<a href=\"https:\/\/guidetotheazores.pt\/pt-pt\/produto\/terceira-island-full-day-jeep-tour\/\" class=\"product-image-link\" tabindex=\"-1\" aria-label=\"Terceira Island &#8211; Full-Day Jeep Tour\">\n\t\t\t<img decoding=\"async\" width=\"300\" height=\"225\" src=\"https:\/\/guidetotheazores.pt\/wp-content\/uploads\/2024\/02\/f2-300x225.jpg\" class=\"attachment-woocommerce_thumbnail size-woocommerce_thumbnail\" alt=\"\" srcset=\"https:\/\/guidetotheazores.pt\/wp-content\/uploads\/2024\/02\/f2-300x225.jpg 300w, https:\/\/guidetotheazores.pt\/wp-content\/uploads\/2024\/02\/f2-600x450.jpg 600w\" sizes=\"(max-width: 300px) 100vw, 300px\">\t\t<\/a>\n\n\t\t\t\t\t<div class=\"hover-img\">\n\t\t\t\t<img decoding=\"async\" width=\"300\" height=\"225\" src=\"https:\/\/guidetotheazores.pt\/wp-content\/uploads\/2024\/02\/ab-300x225.jpg\" class=\"attachment-woocommerce_thumbnail size-woocommerce_thumbnail\" alt=\"\" srcset=\"https:\/\/guidetotheazores.pt\/wp-content\/uploads\/2024\/02\/ab-300x225.jpg 300w, https:\/\/guidetotheazores.pt\/wp-content\/uploads\/2024\/02\/ab-600x450.jpg 600w\" sizes=\"(max-width: 300px) 100vw, 300px\">\t\t\t<\/div>\n\t\t\t\n\t\t<div class=\"wrapp-swatches\"><\/div>\n\t<\/div>\n\n\t<div class=\"product-element-bottom product-information\">\n\t\t<h3 class=\"wd-entities-title\"><a href=\"https:\/\/guidetotheazores.pt\/pt-pt\/produto\/terceira-island-full-day-jeep-tour\/\">Terceira Island &#8211; Full-Day Jeep Tour<\/a><\/h3>\t\t\t\t<div class=\"product-rating-price\">\n\t\t\t<div class=\"wrapp-product-price\">\n\t\t\t\t\n\t<span class=\"price\"><span class=\"woocommerce-Price-amount amount\"><bdi><span class=\"woocommerce-Price-currencySymbol\">&euro;<\/span>69.00<\/bdi><\/span><\/span>\n        <\/a>\n                            <span class=\"details\">\n                        <a href=\"https:\/\/guidetotheazores.pt\/pt-pt\/partner\/www-spottours-pt\/\">Spot Tours<\/a>                    <\/span>\n            \t\t\t\t\t\t\t<\/div>\n\t\t<\/div>\n\t\t\t\t<div class=\"fade-in-block wd-scroll\">\n\t\t\t<div class=\"hover-content wd-more-desc\">\n\t\t\t\t<div class=\"hover-content-inner wd-more-desc-inner\">\n\t\t\t\t\tDescubra o melhor da Ilha Terceira numa viagem guiada de dia inteiro a partir de Angra do Hero\u00edsmo. O seu hotel em Angra \u00e9 o ponto de partida e chegada.\t\t\t\t<\/div>\n\t\t\t\t<a href=\"#\" rel=\"nofollow\" class=\"wd-more-desc-btn\" aria-label=\"Read more description\"><\/a>\n\t\t\t<\/div>\n\t\t\t<div class=\" wd-bottom-actions\">\n\t\t\t\t<div class=\"wrap-wishlist-button\"><\/div>\n\t\t\t\t<div class=\"wd-add-btn wd-add-btn-replace\">\n\t\t\t\t\t<a href=\"https:\/\/guidetotheazores.pt\/pt-pt\/produto\/terceira-island-full-day-jeep-tour\/\" aria-describedby=\"woocommerce_loop_add_to_cart_link_describedby_12807\" data-quantity=\"1\" class=\"button product_type_phive_booking add_to_cart_button add-to-cart-loop\" data-product_id=\"12807\" data-product_sku=\"\" aria-label=\"Leia mais sobre &ldquo;Terceira Island - Full-Day Jeep Tour&rdquo;\" rel=\"nofollow\"><span>Reservar Agora<\/span><\/a>\t<span id=\"woocommerce_loop_add_to_cart_link_describedby_12807\" class=\"screen-reader-text\">\n\t\t\t<\/span>\n\t\t\t\t\t\t\t\t\t\t\t\t\t\t\t\t\t\t\t\t<\/div>\n\t\t\t\t<div class=\"wrap-quickview-button\"><\/div>\n\t\t\t<\/div>\n\n\t\t\t\t\t\t\n\t\t\t\t\t<\/div>\n\t<\/div>\n<\/div>\n<\/div>\n<div class=\"wd-product wd-hover-base wd-hover-with-fade wd-col product-grid-item product product-no-swatches type-product post-12827 status-publish instock product_cat-atividades-pt-pt product_cat-caminhadas product_cat-terceira-pt-pt product_cat-todas-as-ilhas has-post-thumbnail virtual sold-individually taxable purchasable product-type-phive_booking\" data-loop=\"7\" data-id=\"12827\">\n\t\n\t\n<div class=\"product-wrapper\">\n\t<div class=\"content-product-imagin\"><\/div>\n\t<div class=\"product-element-top wd-quick-shop\">\n\t\t<a href=\"https:\/\/guidetotheazores.pt\/pt-pt\/produto\/terceira-island-half-day-hiking-trails\/\" class=\"product-image-link\" tabindex=\"-1\" aria-label=\"Terceira Island &#8211; Half-Day Hiking Trails\">\n\t\t\t<img decoding=\"async\" width=\"300\" height=\"225\" src=\"https:\/\/guidetotheazores.pt\/wp-content\/uploads\/2024\/02\/a8-300x225.jpg\" class=\"attachment-woocommerce_thumbnail size-woocommerce_thumbnail\" alt=\"\" srcset=\"https:\/\/guidetotheazores.pt\/wp-content\/uploads\/2024\/02\/a8-300x225.jpg 300w, https:\/\/guidetotheazores.pt\/wp-content\/uploads\/2024\/02\/a8-600x450.jpg 600w\" sizes=\"(max-width: 300px) 100vw, 300px\">\t\t<\/a>\n\n\t\t\t\t\t<div class=\"hover-img\">\n\t\t\t\t<img decoding=\"async\" width=\"300\" height=\"225\" src=\"https:\/\/guidetotheazores.pt\/wp-content\/uploads\/2024\/02\/b3-300x225.jpg\" class=\"attachment-woocommerce_thumbnail size-woocommerce_thumbnail\" alt=\"\" srcset=\"https:\/\/guidetotheazores.pt\/wp-content\/uploads\/2024\/02\/b3-300x225.jpg 300w, https:\/\/guidetotheazores.pt\/wp-content\/uploads\/2024\/02\/b3-600x450.jpg 600w\" sizes=\"(max-width: 300px) 100vw, 300px\">\t\t\t<\/div>\n\t\t\t\n\t\t<div class=\"wrapp-swatches\"><\/div>\n\t<\/div>\n\n\t<div class=\"product-element-bottom product-information\">\n\t\t<h3 class=\"wd-entities-title\"><a href=\"https:\/\/guidetotheazores.pt\/pt-pt\/produto\/terceira-island-half-day-hiking-trails\/\">Terceira Island &#8211; Half-Day Hiking Trails<\/a><\/h3>\t\t\t\t<div class=\"product-rating-price\">\n\t\t\t<div class=\"wrapp-product-price\">\n\t\t\t\t\n\t<span class=\"price\"><span class=\"woocommerce-Price-amount amount\"><bdi><span class=\"woocommerce-Price-currencySymbol\">&euro;<\/span>39.00<\/bdi><\/span><\/span>\n        <\/a>\n                            <span class=\"details\">\n                        <a href=\"https:\/\/guidetotheazores.pt\/pt-pt\/partner\/www-spottours-pt\/\">Spot Tours<\/a>                    <\/span>\n            \t\t\t\t\t\t\t<\/div>\n\t\t<\/div>\n\t\t\t\t<div class=\"fade-in-block wd-scroll\">\n\t\t\t<div class=\"hover-content wd-more-desc\">\n\t\t\t\t<div class=\"hover-content-inner wd-more-desc-inner\">\n\t\t\t\t\tO guia vai buscar todos os viajantes ao seu alojamento. Depois de deixar o alojamento, o guia leva todos os\t\t\t\t<\/div>\n\t\t\t\t<a href=\"#\" rel=\"nofollow\" class=\"wd-more-desc-btn\" aria-label=\"Read more description\"><\/a>\n\t\t\t<\/div>\n\t\t\t<div class=\" wd-bottom-actions\">\n\t\t\t\t<div class=\"wrap-wishlist-button\"><\/div>\n\t\t\t\t<div class=\"wd-add-btn wd-add-btn-replace\">\n\t\t\t\t\t<a href=\"https:\/\/guidetotheazores.pt\/pt-pt\/produto\/terceira-island-half-day-hiking-trails\/\" aria-describedby=\"woocommerce_loop_add_to_cart_link_describedby_12827\" data-quantity=\"1\" class=\"button product_type_phive_booking add_to_cart_button add-to-cart-loop\" data-product_id=\"12827\" data-product_sku=\"\" aria-label=\"Leia mais sobre &ldquo;Terceira Island - Half-Day Hiking Trails&rdquo;\" rel=\"nofollow\"><span>Reservar Agora<\/span><\/a>\t<span id=\"woocommerce_loop_add_to_cart_link_describedby_12827\" class=\"screen-reader-text\">\n\t\t\t<\/span>\n\t\t\t\t\t\t\t\t\t\t\t\t\t\t\t\t\t\t\t\t<\/div>\n\t\t\t\t<div class=\"wrap-quickview-button\"><\/div>\n\t\t\t<\/div>\n\n\t\t\t\t\t\t\n\t\t\t\t\t<\/div>\n\t<\/div>\n<\/div>\n<\/div>\n<\/div>\n<\/div><\/div>\t\t\t\t<\/div>\n\t\t\t\t<\/div>\n\t\t\t\t\t<\/div>\n\t\t<\/div>\n\t\t\t\t\t<\/div>\n\t\t<\/section>\n\t\t\t\t<section class=\"wd-negative-gap elementor-section elementor-top-section elementor-element elementor-element-6087852 elementor-section-boxed elementor-section-height-default elementor-section-height-default\" data-id=\"6087852\" data-element_type=\"section\" data-e-type=\"section\">\n\t\t\t\t\t\t<div class=\"elementor-container elementor-column-gap-default\">\n\t\t\t\t\t<div class=\"elementor-column elementor-col-100 elementor-top-column elementor-element elementor-element-53b83c0\" data-id=\"53b83c0\" data-element_type=\"column\" data-e-type=\"column\">\n\t\t\t<div class=\"elementor-widget-wrap elementor-element-populated\">\n\t\t\t\t\t\t<div class=\"elementor-element elementor-element-e1ba0bd elementor-widget elementor-widget-wd_text_block\" data-id=\"e1ba0bd\" data-element_type=\"widget\" data-e-type=\"widget\" data-widget_type=\"wd_text_block.default\">\n\t\t\t\t<div class=\"elementor-widget-container\">\n\t\t\t\t\t\t\t<div class=\"wd-text-block reset-last-child text-left\">\n\t\t\t\n\t\t\t<p> <\/p><hr><h3> <b style=\"font-size: 22px; color: var(--wd-title-color); text-transform: var(--wd-title-transform); text-align: var(--text-align); background-color: var(--wd-main-bgcolor);\">S\u00e3o Miguel<\/b><\/h3><ul><li><h4>Sete Cidades<\/h4><\/li><\/ul><div id=\"attachment_5728\" style=\"width: 810px\" class=\"wp-caption aligncenter\"><img decoding=\"async\" aria-describedby=\"caption-attachment-5728\" class=\" wd-lazy-fade wp-image-5728\" src=\"https:\/\/guidetotheazores.pt\/wp-content\/themes\/woodmart\/images\/lazy.svg\" data-src=\"https:\/\/guidetotheazores.pt\/wp-content\/uploads\/2020\/02\/sete-citades-Azores-Sao-Miguel.jpg\" alt=\"Sete Cidades - S\u00e3o MIguel - Azores\" width=\"800\" height=\"533\" srcset=\"\" data-srcset=\"https:\/\/guidetotheazores.pt\/wp-content\/uploads\/2020\/02\/sete-citades-Azores-Sao-Miguel.jpg 640w, https:\/\/guidetotheazores.pt\/wp-content\/uploads\/2020\/02\/sete-citades-Azores-Sao-Miguel-300x200.jpg 300w, https:\/\/guidetotheazores.pt\/wp-content\/uploads\/2020\/02\/sete-citades-Azores-Sao-Miguel-180x120.jpg 180w, https:\/\/guidetotheazores.pt\/wp-content\/uploads\/2020\/02\/sete-citades-Azores-Sao-Miguel-561x373.jpg 561w, https:\/\/guidetotheazores.pt\/wp-content\/uploads\/2020\/02\/sete-citades-Azores-Sao-Miguel-364x242.jpg 364w, https:\/\/guidetotheazores.pt\/wp-content\/uploads\/2020\/02\/sete-citades-Azores-Sao-Miguel-608x405.jpg 608w, https:\/\/guidetotheazores.pt\/wp-content\/uploads\/2020\/02\/sete-citades-Azores-Sao-Miguel-313x208.jpg 313w, https:\/\/guidetotheazores.pt\/wp-content\/uploads\/2020\/02\/sete-citades-Azores-Sao-Miguel-600x399.jpg 600w\" sizes=\"(max-width: 800px) 100vw, 800px\" \/><p id=\"caption-attachment-5728\" class=\"wp-caption-text\">A mundialmente famosa paisagem das Sete Cidades em S\u00e3o Miguel<\/p><\/div><ul><li><h4>Lagoa do Fogo<\/h4><\/li><\/ul><div id=\"attachment_5366\" style=\"width: 810px\" class=\"wp-caption aligncenter\"><img decoding=\"async\" aria-describedby=\"caption-attachment-5366\" class=\" wd-lazy-fade wp-image-5366\" src=\"https:\/\/guidetotheazores.pt\/wp-content\/themes\/woodmart\/images\/lazy.svg\" data-src=\"https:\/\/guidetotheazores.pt\/wp-content\/uploads\/2020\/01\/sao_miguel-2.jpg\" alt=\"Lagoa do Fogo - S\u00e3o Miguel - A\u00e7ores\" width=\"800\" height=\"443\" srcset=\"\" data-srcset=\"https:\/\/guidetotheazores.pt\/wp-content\/uploads\/2020\/01\/sao_miguel-2.jpg 730w, https:\/\/guidetotheazores.pt\/wp-content\/uploads\/2020\/01\/sao_miguel-2-600x332.jpg 600w, https:\/\/guidetotheazores.pt\/wp-content\/uploads\/2020\/01\/sao_miguel-2-300x166.jpg 300w, https:\/\/guidetotheazores.pt\/wp-content\/uploads\/2020\/01\/sao_miguel-2-728x404.jpg 728w, https:\/\/guidetotheazores.pt\/wp-content\/uploads\/2020\/01\/sao_miguel-2-561x310.jpg 561w, https:\/\/guidetotheazores.pt\/wp-content\/uploads\/2020\/01\/sao_miguel-2-364x201.jpg 364w, https:\/\/guidetotheazores.pt\/wp-content\/uploads\/2020\/01\/sao_miguel-2-608x336.jpg 608w, https:\/\/guidetotheazores.pt\/wp-content\/uploads\/2020\/01\/sao_miguel-2-313x173.jpg 313w\" sizes=\"(max-width: 800px) 100vw, 800px\" \/><p id=\"caption-attachment-5366\" class=\"wp-caption-text\">Um lago de cratera que parece pairar sobre o Oceano<\/p><\/div><ul><li><h4>Furnas<\/h4><\/li><\/ul><div id=\"attachment_5879\" style=\"width: 810px\" class=\"wp-caption aligncenter\"><img decoding=\"async\" aria-describedby=\"caption-attachment-5879\" class=\" wd-lazy-fade wp-image-5879\" src=\"https:\/\/guidetotheazores.pt\/wp-content\/themes\/woodmart\/images\/lazy.svg\" data-src=\"https:\/\/guidetotheazores.pt\/wp-content\/uploads\/2020\/02\/Thermal-baths-Furnas-Azores-1.jpg\" alt=\"Banhos termais Furnas A\u00e7ores\" width=\"800\" height=\"600\" srcset=\"\" data-srcset=\"https:\/\/guidetotheazores.pt\/wp-content\/uploads\/2020\/02\/Thermal-baths-Furnas-Azores-1.jpg 960w, https:\/\/guidetotheazores.pt\/wp-content\/uploads\/2020\/02\/Thermal-baths-Furnas-Azores-1-300x225.jpg 300w, https:\/\/guidetotheazores.pt\/wp-content\/uploads\/2020\/02\/Thermal-baths-Furnas-Azores-1-768x576.jpg 768w, https:\/\/guidetotheazores.pt\/wp-content\/uploads\/2020\/02\/Thermal-baths-Furnas-Azores-1-192x144.jpg 192w, https:\/\/guidetotheazores.pt\/wp-content\/uploads\/2020\/02\/Thermal-baths-Furnas-Azores-1-384x288.jpg 384w, https:\/\/guidetotheazores.pt\/wp-content\/uploads\/2020\/02\/Thermal-baths-Furnas-Azores-1-90x67.jpg 90w, https:\/\/guidetotheazores.pt\/wp-content\/uploads\/2020\/02\/Thermal-baths-Furnas-Azores-1-180x135.jpg 180w, https:\/\/guidetotheazores.pt\/wp-content\/uploads\/2020\/02\/Thermal-baths-Furnas-Azores-1-561x421.jpg 561w, https:\/\/guidetotheazores.pt\/wp-content\/uploads\/2020\/02\/Thermal-baths-Furnas-Azores-1-364x273.jpg 364w, https:\/\/guidetotheazores.pt\/wp-content\/uploads\/2020\/02\/Thermal-baths-Furnas-Azores-1-728x546.jpg 728w, https:\/\/guidetotheazores.pt\/wp-content\/uploads\/2020\/02\/Thermal-baths-Furnas-Azores-1-608x456.jpg 608w, https:\/\/guidetotheazores.pt\/wp-content\/uploads\/2020\/02\/Thermal-baths-Furnas-Azores-1-758x569.jpg 758w, https:\/\/guidetotheazores.pt\/wp-content\/uploads\/2020\/02\/Thermal-baths-Furnas-Azores-1-313x235.jpg 313w, https:\/\/guidetotheazores.pt\/wp-content\/uploads\/2020\/02\/Thermal-baths-Furnas-Azores-1-600x450.jpg 600w\" sizes=\"(max-width: 800px) 100vw, 800px\" \/><p id=\"caption-attachment-5879\" class=\"wp-caption-text\">As melhores \u00e1guas termais dos A\u00e7ores, bebe uma ch\u00e1vena de ch\u00e1 enquanto relaxas rodeado por uma natureza exuberante<\/p><\/div><ul><li><h4>Planta\u00e7\u00f5es de ch\u00e1<\/h4><\/li><\/ul><div id=\"attachment_5884\" style=\"width: 810px\" class=\"wp-caption aligncenter\"><img decoding=\"async\" aria-describedby=\"caption-attachment-5884\" class=\" wd-lazy-fade wp-image-5884\" src=\"https:\/\/guidetotheazores.pt\/wp-content\/themes\/woodmart\/images\/lazy.svg\" data-src=\"https:\/\/guidetotheazores.pt\/wp-content\/uploads\/2020\/02\/tea-plantation-Azores-2.jpg\" alt=\"Planta\u00e7\u00e3o de Ch\u00e1 - S\u00e3o MIguel - A\u00e7ores\" width=\"800\" height=\"535\" srcset=\"\" data-srcset=\"https:\/\/guidetotheazores.pt\/wp-content\/uploads\/2020\/02\/tea-plantation-Azores-2.jpg 640w, https:\/\/guidetotheazores.pt\/wp-content\/uploads\/2020\/02\/tea-plantation-Azores-2-300x201.jpg 300w, https:\/\/guidetotheazores.pt\/wp-content\/uploads\/2020\/02\/tea-plantation-Azores-2-180x120.jpg 180w, https:\/\/guidetotheazores.pt\/wp-content\/uploads\/2020\/02\/tea-plantation-Azores-2-561x375.jpg 561w, https:\/\/guidetotheazores.pt\/wp-content\/uploads\/2020\/02\/tea-plantation-Azores-2-364x243.jpg 364w, https:\/\/guidetotheazores.pt\/wp-content\/uploads\/2020\/02\/tea-plantation-Azores-2-608x407.jpg 608w, https:\/\/guidetotheazores.pt\/wp-content\/uploads\/2020\/02\/tea-plantation-Azores-2-313x209.jpg 313w, https:\/\/guidetotheazores.pt\/wp-content\/uploads\/2020\/02\/tea-plantation-Azores-2-600x401.jpg 600w\" sizes=\"(max-width: 800px) 100vw, 800px\" \/><p id=\"caption-attachment-5884\" class=\"wp-caption-text\">O \u00fanico lugar na Europa onde o ch\u00e1 cresce feliz e delicioso<\/p><\/div><h3><span style=\"color: #7a7a7a;\"><span style=\"font-size: 16px;\">Em termos de quantidade de atrac\u00e7\u00f5es e maravilhas naturais, S\u00e3o Miguel pode certamente ser considerada a melhor ilha dos A\u00e7ores para visitar, no entanto, pela mesma raz\u00e3o, \u00e9 tamb\u00e9m a mais concorrida, especialmente no ver\u00e3o.  <\/span><\/span><\/h3>\n\t\t\t\t\t<\/div>\n\t\t\t\t\t\t<\/div>\n\t\t\t\t<\/div>\n\t\t\t\t<div class=\"facetwp-template facetwp-elementor-widget elementor-element elementor-element-38bec02 elementor-grid-3 elementor-grid-tablet-3 elementor-grid-mobile-2 elementor-products-grid elementor-wc-products elementor-widget elementor-widget-woocommerce-products\" data-id=\"38bec02\" data-element_type=\"widget\" data-e-type=\"widget\" data-widget_type=\"woocommerce-products.default\">\n\t\t\t\t<div class=\"elementor-widget-container\">\n\t\t\t\t\t<div class=\"woocommerce columns-3 \"><div class=\"wd-products-element\">\t\t\t<div class=\"wd-sticky-loader wd-content-loader\"><span class=\"wd-loader\"><\/span><\/div>\n\t\t\n<div class=\"products wd-products wd-grid-g grid-columns-4 elements-grid pagination-infinit title-line-two\" data-source=\"main_loop\" data-min_price=\"\" data-max_price=\"\" data-columns=\"4\" style=\"--wd-col-lg:4;--wd-col-md:4;--wd-col-sm:2;--wd-gap-lg:20px;--wd-gap-sm:10px;\">\n<div class=\"wd-product wd-hover-base wd-hover-with-fade wd-col product-grid-item product product-no-swatches type-product post-25607 status-publish last instock product_cat-atividades-pt-pt product_cat-sao-miguel-pt-pt product_cat-todas-as-ilhas product_cat-visitas-guiadas product_tag-ilhasaomiguel has-post-thumbnail taxable shipping-taxable product-type-external\" data-loop=\"8\" data-id=\"25607\">\n\t\n\t\n<div class=\"product-wrapper\">\n\t<div class=\"content-product-imagin\"><\/div>\n\t<div class=\"product-element-top wd-quick-shop\">\n\t\t<a href=\"https:\/\/guidetotheazores.pt\/pt-pt\/produto\/safari-4x4-lagoa-do-fogo-meio-dia\/\" class=\"product-image-link\" tabindex=\"-1\" aria-label=\"Safari 4&#215;4 | Lagoa do Fogo &#8211; Meio dia\">\n\t\t\t<img decoding=\"async\" width=\"300\" height=\"225\" src=\"https:\/\/guidetotheazores.pt\/wp-content\/uploads\/2026\/05\/Safari-4x4-Lagoa-do-Fogo-\u2022-Half-Day-Safari-Azores-Guidetotheazores-300x225.webp\" class=\"attachment-woocommerce_thumbnail size-woocommerce_thumbnail\" alt=\"Safari 4x4 | Lagoa do Fogo - Meio Dia-Safari A\u00e7ores-Guia dos A\u00e7ores\" \/>\t\t<\/a>\n\n\t\t\t\t\t<div class=\"hover-img\">\n\t\t\t\t<img decoding=\"async\" width=\"300\" height=\"225\" src=\"https:\/\/guidetotheazores.pt\/wp-content\/uploads\/2026\/05\/Safari-4x4-Lagoa-do-Fogo-\u2022-Half-Day-Safari-Azores-Guidetotheazores-300x225.webp\" class=\"attachment-woocommerce_thumbnail size-woocommerce_thumbnail\" alt=\"Safari 4x4 | Lagoa do Fogo - Meio Dia-Safari A\u00e7ores-Guia dos A\u00e7ores\" \/>\t\t\t<\/div>\n\t\t\t\n\t\t<div class=\"wrapp-swatches\"><\/div>\n\t<\/div>\n\n\t<div class=\"product-element-bottom product-information\">\n\t\t<h3 class=\"wd-entities-title\"><a href=\"https:\/\/guidetotheazores.pt\/pt-pt\/produto\/safari-4x4-lagoa-do-fogo-meio-dia\/\">Safari 4&#215;4 | Lagoa do Fogo &#8211; Meio dia<\/a><\/h3>\t\t\t\t<div class=\"product-rating-price\">\n\t\t\t<div class=\"wrapp-product-price\">\n\t\t\t\t\n        <\/a>\n                            <span class=\"details\">\n                        <a href=\"https:\/\/guidetotheazores.pt\/pt-pt\/partner\/safari-azores\/\">Safari Azores<\/a>                    <\/span>\n            \t\t\t\t\t\t\t<\/div>\n\t\t<\/div>\n\t\t\t\t<div class=\"fade-in-block wd-scroll\">\n\t\t\t<div class=\"hover-content wd-more-desc\">\n\t\t\t\t<div class=\"hover-content-inner wd-more-desc-inner\">\n\t\t\t\t\tJunta-te a n\u00f3s numa excurs\u00e3o de meio dia \u00e0 Lagoa do Fogo, um dos locais mais emblem\u00e1ticos de S\u00e3o Miguel. Vamos levar-te por estradas sinuosas para desfrutares de vistas deslumbrantes da lagoa, rodeado por uma natureza intocada. \n\n<script src=\"https:\/\/fareharbor.com\/embeds\/script\/calendar\/safariazores\/items\/452447\/?asn=fhdn-eur&amp;asn-ref=guidetotheazores&amp;ref=guidetotheazores&amp;bookable-only=yes&amp;full-items=yes&amp;marketplace=yes&amp;flow=no&amp;branding=no\"><\/script>\n<div class=\"flex items-start gap-4 mb-4 last:mb-0\" data-v-a5b16f77=\"\">\n<div class=\"min-w-0 flex-1\">Dura\u00e7\u00e3o: 3 horas<\/div>\n<\/div>\n<div class=\"flex items-start gap-4 mb-4 last:mb-0\" data-v-a5b16f77=\"\">\n<div class=\"mt-1 shrink-0\"><\/div>\n<div class=\"min-w-0 flex-1\"><span class=\"fh-text fh-text--body-sm fh-text--medium\" data-v-3872b9c5=\"\">Ponto de encontro: <\/span>Posto de Turismo de Ponta Delgada<\/div>\n<\/div>\n<div class=\"flex items-start gap-4 mb-4 last:mb-0\" data-v-a5b16f77=\"\">\n<div class=\"mt-1 shrink-0\"><\/div>\n<div class=\"min-w-0 flex-1\"><span class=\"fh-text fh-text--body-sm fh-text--medium\" data-v-3872b9c5=\"\">Cancelamentos:<\/span>o cancelamento <span class=\"fh-text fh-text--body-sm fh-text--medium\" data-v-3872b9c5=\"\">gratuito<\/span>est\u00e1 dispon\u00edvel at\u00e9 24 horas antes da hora de in\u00edcio da excurs\u00e3o.<\/div>\n<\/div>\n<div class=\"flex items-start gap-4 mb-4 last:mb-0\" data-v-a5b16f77=\"\">\n<div class=\"mt-1 shrink-0\"><\/div>\n<div class=\"min-w-0 flex-1\"><span class=\"fh-text fh-text--body-sm fh-text--medium\" data-v-3872b9c5=\"\">Tamanho do grupo: <\/span>8<\/div>\n<\/div>\n<div class=\"flex items-start gap-4 mb-4 last:mb-0\" data-v-a5b16f77=\"\">\n<div class=\"mt-1 shrink-0\"><\/div>\n<div class=\"min-w-0 flex-1\"><span class=\"fh-text fh-text--body-sm fh-text--medium\" data-v-3872b9c5=\"\">Acessibilidade: <\/span>Acess\u00edvel a cadeiras de rodas. Cadeiras de beb\u00e9 e assentos elevat\u00f3rios est\u00e3o dispon\u00edveis mediante pedido. <\/div>\n<\/div>\t\t\t\t<\/div>\n\t\t\t\t<a href=\"#\" rel=\"nofollow\" class=\"wd-more-desc-btn\" aria-label=\"Read more description\"><\/a>\n\t\t\t<\/div>\n\t\t\t<div class=\" wd-bottom-actions\">\n\t\t\t\t<div class=\"wrap-wishlist-button\"><\/div>\n\t\t\t\t<div class=\"wd-add-btn wd-add-btn-replace\">\n\t\t\t\t\t<a href=\"\" aria-describedby=\"woocommerce_loop_add_to_cart_link_describedby_25607\" data-quantity=\"1\" class=\"button product_type_external add-to-cart-loop\" data-product_id=\"25607\" data-product_sku=\"\" aria-label=\"Comprar &ldquo;Safari 4x4 | Lagoa do Fogo - Meio dia&rdquo;\" rel=\"nofollow\"><span>Comprar produto<\/span><\/a>\t<span id=\"woocommerce_loop_add_to_cart_link_describedby_25607\" class=\"screen-reader-text\">\n\t\t\t<\/span>\n\t\t\t\t\t\t\t\t\t\t\t\t\t\t\t\t\t\t\t\t<\/div>\n\t\t\t\t<div class=\"wrap-quickview-button\"><\/div>\n\t\t\t<\/div>\n\n\t\t\t\t\t\t\n\t\t\t\t\t<\/div>\n\t<\/div>\n<\/div>\n<\/div>\n<div class=\"wd-product wd-hover-base wd-hover-with-fade wd-col product-grid-item product product-no-swatches type-product post-24829 status-publish first instock product_cat-atividades-pt-pt product_cat-sao-miguel-pt-pt product_cat-todas-as-ilhas product_cat-visitas-guiadas product_tag-ilhasaomiguel has-post-thumbnail taxable shipping-taxable product-type-external\" data-loop=\"9\" data-id=\"24829\">\n\t\n\t\n<div class=\"product-wrapper\">\n\t<div class=\"content-product-imagin\"><\/div>\n\t<div class=\"product-element-top wd-quick-shop\">\n\t\t<a href=\"https:\/\/guidetotheazores.pt\/pt-pt\/produto\/furnas-excursao-mistica-termas-e-jantar-incluidos\/\" class=\"product-image-link\" tabindex=\"-1\" aria-label=\"Furnas: Excurs\u00e3o m\u00edstica (Termas e jantar inclu\u00eddos)\">\n\t\t\t<img decoding=\"async\" width=\"300\" height=\"225\" src=\"https:\/\/guidetotheazores.pt\/wp-content\/uploads\/2026\/03\/cropped-Mystic-300x225.jpeg\" class=\"attachment-woocommerce_thumbnail size-woocommerce_thumbnail\" alt=\"\">\t\t<\/a>\n\n\t\t\t\t\t<div class=\"hover-img\">\n\t\t\t\t<img decoding=\"async\" width=\"300\" height=\"225\" src=\"https:\/\/guidetotheazores.pt\/wp-content\/uploads\/2025\/03\/Furnas-Mystic-Tour-Guide-to-the-Azores-IV-300x225.jpg\" class=\"attachment-woocommerce_thumbnail size-woocommerce_thumbnail\" alt=\"Furnas Mystic Tour - Guide to the Azores IV\" srcset=\"https:\/\/guidetotheazores.pt\/wp-content\/uploads\/2025\/03\/Furnas-Mystic-Tour-Guide-to-the-Azores-IV-300x225.jpg 300w, https:\/\/guidetotheazores.pt\/wp-content\/uploads\/2025\/03\/Furnas-Mystic-Tour-Guide-to-the-Azores-IV-600x450.jpg 600w\" sizes=\"(max-width: 300px) 100vw, 300px\" \/>\t\t\t<\/div>\n\t\t\t\n\t\t<div class=\"wrapp-swatches\"><\/div>\n\t<\/div>\n\n\t<div class=\"product-element-bottom product-information\">\n\t\t<h3 class=\"wd-entities-title\"><a href=\"https:\/\/guidetotheazores.pt\/pt-pt\/produto\/furnas-excursao-mistica-termas-e-jantar-incluidos\/\">Furnas: Excurs\u00e3o m\u00edstica (Termas e jantar inclu\u00eddos)<\/a><\/h3>\t\t\t\t<div class=\"product-rating-price\">\n\t\t\t<div class=\"wrapp-product-price\">\n\t\t\t\t\n        <\/a>\n                            <span class=\"details\">\n                        <a href=\"https:\/\/guidetotheazores.pt\/pt-pt\/partner\/wildscape-azores-tours\/\">WildScape Azores Tours<\/a>                    <\/span>\n            \t\t\t\t\t\t\t<\/div>\n\t\t<\/div>\n\t\t\t\t<div class=\"fade-in-block wd-scroll\">\n\t\t\t<div class=\"hover-content wd-more-desc\">\n\t\t\t\t<div class=\"hover-content-inner wd-more-desc-inner\">\n\t\t\t\t\tDescobre um Para\u00edso como nunca viste antes! As Furnas, aninhadas na caldeira das Furnas, no lado oriental da ilha de S\u00e3o Miguel, floresceram ao longo do tempo entre a sua vegeta\u00e7\u00e3o ex\u00f3tica e verdejante e a abund\u00e2ncia de \u00e1gua mineral e termal. \n\n<script src=\"https:\/\/fareharbor.com\/embeds\/script\/calendar\/wildscapeazores\/items\/543692\/?asn=fhdn-eur&amp;asn-ref=guidetotheazores&amp;ref=guidetotheazores&amp;bookable-only=yes&amp;full-items=yes&amp;marketplace=yes&amp;flow=no&amp;branding=no\"><\/script>\nDura\u00e7\u00e3o: 6 Horas\nPonto de encontro: Ponta Delgada, Lagoa ou Ribeira Grande\nCancelamentos: reembolso total at\u00e9 48h antes do in\u00edcio do passeio. Meia devolu\u00e7\u00e3o entre 48h e 24h. N\u00e3o h\u00e1 reembolso nas \u00faltimas 24h antes do in\u00edcio.\nIdade: 4+\nAcessibilidade: n\u00e3o acess\u00edvel  \t\t\t\t<\/div>\n\t\t\t\t<a href=\"#\" rel=\"nofollow\" class=\"wd-more-desc-btn\" aria-label=\"Read more description\"><\/a>\n\t\t\t<\/div>\n\t\t\t<div class=\" wd-bottom-actions\">\n\t\t\t\t<div class=\"wrap-wishlist-button\"><\/div>\n\t\t\t\t<div class=\"wd-add-btn wd-add-btn-replace\">\n\t\t\t\t\t<a href=\"\" aria-describedby=\"woocommerce_loop_add_to_cart_link_describedby_24829\" data-quantity=\"1\" class=\"button product_type_external add-to-cart-loop\" data-product_id=\"24829\" data-product_sku=\"\" aria-label=\"Comprar &ldquo;Furnas: Excurs\u00e3o m\u00edstica (Termas e jantar inclu\u00eddos)&rdquo;\" rel=\"nofollow\"><span>Comprar produto<\/span><\/a>\t<span id=\"woocommerce_loop_add_to_cart_link_describedby_24829\" class=\"screen-reader-text\">\n\t\t\t<\/span>\n\t\t\t\t\t\t\t\t\t\t\t\t\t\t\t\t\t\t\t\t<\/div>\n\t\t\t\t<div class=\"wrap-quickview-button\"><\/div>\n\t\t\t<\/div>\n\n\t\t\t\t\t\t\n\t\t\t\t\t<\/div>\n\t<\/div>\n<\/div>\n<\/div>\n<div class=\"wd-product wd-hover-base wd-hover-with-fade wd-col product-grid-item product product-no-swatches type-product post-17767 status-publish instock product_cat-atividades-pt-pt product_cat-sao-miguel-pt-pt product_cat-snorkeling-pt-pt product_cat-todas-as-ilhas product_cat-velejar product_tag-ilhasaomiguel has-post-thumbnail taxable shipping-taxable product-type-external\" data-loop=\"10\" data-id=\"17767\">\n\t\n\t\n<div class=\"product-wrapper\">\n\t<div class=\"content-product-imagin\"><\/div>\n\t<div class=\"product-element-top wd-quick-shop\">\n\t\t<a href=\"https:\/\/guidetotheazores.pt\/pt-pt\/produto\/passeios-de-barco-a-vela-passeio-de-barco-a-vela-privado-de-dia-inteiro\/\" class=\"product-image-link\" tabindex=\"-1\" aria-label=\"Passeios de barco \u00e0 vela &#8211; Passeio de barco \u00e0 vela privado de dia inteiro\">\n\t\t\t<img decoding=\"async\" width=\"300\" height=\"225\" src=\"https:\/\/guidetotheazores.pt\/wp-content\/uploads\/2024\/12\/IMG_6545-300x225.jpg\" class=\"attachment-woocommerce_thumbnail size-woocommerce_thumbnail\" alt=\"Passeios \u00e0 vela - Passeio de dia inteiro em veleiro privado - S\u00e3o Miguel - Guide to the Azores I\" srcset=\"https:\/\/guidetotheazores.pt\/wp-content\/uploads\/2024\/12\/IMG_6545-300x225.jpg 300w, https:\/\/guidetotheazores.pt\/wp-content\/uploads\/2024\/12\/IMG_6545-600x450.jpg 600w\" sizes=\"(max-width: 300px) 100vw, 300px\" \/>\t\t<\/a>\n\n\t\t\t\t\t<div class=\"hover-img\">\n\t\t\t\t<img decoding=\"async\" width=\"300\" height=\"225\" src=\"https:\/\/guidetotheazores.pt\/wp-content\/uploads\/2024\/12\/f2895878-358a-44a5-8bd3-b03337515beb-2-300x225.jpg\" class=\"attachment-woocommerce_thumbnail size-woocommerce_thumbnail\" alt=\"Passeios \u00e0 vela - Passeio de dia inteiro em veleiro privado - S\u00e3o Miguel - Guide to the Azores II\" srcset=\"https:\/\/guidetotheazores.pt\/wp-content\/uploads\/2024\/12\/f2895878-358a-44a5-8bd3-b03337515beb-2-300x225.jpg 300w, https:\/\/guidetotheazores.pt\/wp-content\/uploads\/2024\/12\/f2895878-358a-44a5-8bd3-b03337515beb-2-600x450.jpg 600w\" sizes=\"(max-width: 300px) 100vw, 300px\" \/>\t\t\t<\/div>\n\t\t\t\n\t\t<div class=\"wrapp-swatches\"><\/div>\n\t<\/div>\n\n\t<div class=\"product-element-bottom product-information\">\n\t\t<h3 class=\"wd-entities-title\"><a href=\"https:\/\/guidetotheazores.pt\/pt-pt\/produto\/passeios-de-barco-a-vela-passeio-de-barco-a-vela-privado-de-dia-inteiro\/\">Passeios de barco \u00e0 vela &#8211; Passeio de barco \u00e0 vela privado de dia inteiro<\/a><\/h3>\t\t\t\t<div class=\"product-rating-price\">\n\t\t\t<div class=\"wrapp-product-price\">\n\t\t\t\t\n        <\/a>\n                            <span class=\"details\">\n                        <a href=\"https:\/\/guidetotheazores.pt\/pt-pt\/partner\/sail4sailing\/\">Sail4Sailing<\/a>                    <\/span>\n            \t\t\t\t\t\t\t<\/div>\n\t\t<\/div>\n\t\t\t\t<div class=\"fade-in-block wd-scroll\">\n\t\t\t<div class=\"hover-content wd-more-desc\">\n\t\t\t\t<div class=\"hover-content-inner wd-more-desc-inner\">\n\t\t\t\t\tPasseio \u00e0 vela privado de dia inteiro com almo\u00e7o a bordo\n\nUm passeio maravilhoso a bordo do nosso moderno e luxuoso veleiro de cerca de 22 milhas n\u00e1uticas que pode ser desfrutado entre as 10h e as 17h durante todo o dia.\n\n \n\n<script src=\"https:\/\/fareharbor.com\/embeds\/script\/calendar\/sail4sailing\/items\/472751\/?asn=fhdn-eur&amp;asn-ref=guidetotheazores&amp;ref=guidetotheazores&amp;bookable-only=yes&amp;full-items=yes&amp;marketplace=yes&amp;flow=no&amp;branding=no\"><\/script>\n\nDura\u00e7\u00e3o: 7 horas\n\nMax 5 pax\n\nPonto de encontro: Marina - Portas do Mar - Ponta Delgada\t\t\t\t<\/div>\n\t\t\t\t<a href=\"#\" rel=\"nofollow\" class=\"wd-more-desc-btn\" aria-label=\"Read more description\"><\/a>\n\t\t\t<\/div>\n\t\t\t<div class=\" wd-bottom-actions\">\n\t\t\t\t<div class=\"wrap-wishlist-button\"><\/div>\n\t\t\t\t<div class=\"wd-add-btn wd-add-btn-replace\">\n\t\t\t\t\t<a href=\"\" aria-describedby=\"woocommerce_loop_add_to_cart_link_describedby_17767\" data-quantity=\"1\" class=\"button product_type_external add-to-cart-loop\" data-product_id=\"17767\" data-product_sku=\"\" aria-label=\"Comprar &ldquo;Passeios de barco \u00e0 vela - Passeio de barco \u00e0 vela privado de dia inteiro&rdquo;\" rel=\"nofollow\"><span>Comprar produto<\/span><\/a>\t<span id=\"woocommerce_loop_add_to_cart_link_describedby_17767\" class=\"screen-reader-text\">\n\t\t\t<\/span>\n\t\t\t\t\t\t\t\t\t\t\t\t\t\t\t\t\t\t\t\t<\/div>\n\t\t\t\t<div class=\"wrap-quickview-button\"><\/div>\n\t\t\t<\/div>\n\n\t\t\t\t\t\t\n\t\t\t\t\t<\/div>\n\t<\/div>\n<\/div>\n<\/div>\n<\/div>\n<\/div><\/div>\t\t\t\t<\/div>\n\t\t\t\t<\/div>\n\t\t\t\t\t<\/div>\n\t\t<\/div>\n\t\t\t\t\t<\/div>\n\t\t<\/section>\n\t\t\t\t<section class=\"wd-negative-gap elementor-section elementor-top-section elementor-element elementor-element-a97eb2e elementor-section-boxed elementor-section-height-default elementor-section-height-default\" data-id=\"a97eb2e\" data-element_type=\"section\" data-e-type=\"section\">\n\t\t\t\t\t\t<div class=\"elementor-container elementor-column-gap-default\">\n\t\t\t\t\t<div class=\"elementor-column elementor-col-100 elementor-top-column elementor-element elementor-element-52500c7\" data-id=\"52500c7\" data-element_type=\"column\" data-e-type=\"column\">\n\t\t\t<div class=\"elementor-widget-wrap elementor-element-populated\">\n\t\t\t\t\t\t<div class=\"elementor-element elementor-element-08b8815 elementor-widget elementor-widget-wd_text_block\" data-id=\"08b8815\" data-element_type=\"widget\" data-e-type=\"widget\" data-widget_type=\"wd_text_block.default\">\n\t\t\t\t<div class=\"elementor-widget-container\">\n\t\t\t\t\t\t\t<div class=\"wd-text-block reset-last-child text-left\">\n\t\t\t\n\t\t\t<p> <\/p><h3 class=\"p1\"><span class=\"s1\"><b>S\u00e3o Jorge<br><\/b><\/span><\/h3><ul><li><h4>Faj\u00e3 do Santo Cristo<\/h4><\/li><\/ul><div id=\"attachment_5410\" style=\"width: 810px\" class=\"wp-caption aligncenter\"><img decoding=\"async\" aria-describedby=\"caption-attachment-5410\" class=\" wd-lazy-fade wp-image-5410\" src=\"https:\/\/guidetotheazores.pt\/wp-content\/themes\/woodmart\/images\/lazy.svg\" data-src=\"https:\/\/guidetotheazores.pt\/wp-content\/uploads\/2020\/01\/Fajas-of-Sao-Jorge-Azores.jpg\" alt=\"Faj\u00e3 do Santo Cristo - S\u00e3o Jorge - A\u00e7ores\" width=\"800\" height=\"600\" srcset=\"\" data-srcset=\"https:\/\/guidetotheazores.pt\/wp-content\/uploads\/2020\/01\/Fajas-of-Sao-Jorge-Azores.jpg 2016w, https:\/\/guidetotheazores.pt\/wp-content\/uploads\/2020\/01\/Fajas-of-Sao-Jorge-Azores-600x450.jpg 600w, https:\/\/guidetotheazores.pt\/wp-content\/uploads\/2020\/01\/Fajas-of-Sao-Jorge-Azores-300x225.jpg 300w, https:\/\/guidetotheazores.pt\/wp-content\/uploads\/2020\/01\/Fajas-of-Sao-Jorge-Azores-1024x768.jpg 1024w, https:\/\/guidetotheazores.pt\/wp-content\/uploads\/2020\/01\/Fajas-of-Sao-Jorge-Azores-768x576.jpg 768w, https:\/\/guidetotheazores.pt\/wp-content\/uploads\/2020\/01\/Fajas-of-Sao-Jorge-Azores-1536x1152.jpg 1536w, https:\/\/guidetotheazores.pt\/wp-content\/uploads\/2020\/01\/Fajas-of-Sao-Jorge-Azores-192x144.jpg 192w, https:\/\/guidetotheazores.pt\/wp-content\/uploads\/2020\/01\/Fajas-of-Sao-Jorge-Azores-384x288.jpg 384w, https:\/\/guidetotheazores.pt\/wp-content\/uploads\/2020\/01\/Fajas-of-Sao-Jorge-Azores-90x67.jpg 90w, https:\/\/guidetotheazores.pt\/wp-content\/uploads\/2020\/01\/Fajas-of-Sao-Jorge-Azores-180x135.jpg 180w, https:\/\/guidetotheazores.pt\/wp-content\/uploads\/2020\/01\/Fajas-of-Sao-Jorge-Azores-561x421.jpg 561w, https:\/\/guidetotheazores.pt\/wp-content\/uploads\/2020\/01\/Fajas-of-Sao-Jorge-Azores-1122x842.jpg 1122w, https:\/\/guidetotheazores.pt\/wp-content\/uploads\/2020\/01\/Fajas-of-Sao-Jorge-Azores-364x273.jpg 364w, https:\/\/guidetotheazores.pt\/wp-content\/uploads\/2020\/01\/Fajas-of-Sao-Jorge-Azores-728x546.jpg 728w, https:\/\/guidetotheazores.pt\/wp-content\/uploads\/2020\/01\/Fajas-of-Sao-Jorge-Azores-608x456.jpg 608w, https:\/\/guidetotheazores.pt\/wp-content\/uploads\/2020\/01\/Fajas-of-Sao-Jorge-Azores-758x569.jpg 758w, https:\/\/guidetotheazores.pt\/wp-content\/uploads\/2020\/01\/Fajas-of-Sao-Jorge-Azores-1152x864.jpg 1152w, https:\/\/guidetotheazores.pt\/wp-content\/uploads\/2020\/01\/Fajas-of-Sao-Jorge-Azores-313x235.jpg 313w\" sizes=\"(max-width: 800px) 100vw, 800px\" \/><p id=\"caption-attachment-5410\" class=\"wp-caption-text\">Aprecia a surreal Faj\u00e3 (fluxo de lava) de Santo Cristo em S\u00e3o Jorge<\/p><\/div><p>\"As faj\u00e3s s\u00e3o basicamente fluxos de lava de erup\u00e7\u00f5es antigas que criaram, ao longo de mil\u00e9nios, novos territ\u00f3rios de terras baixas que se projetam para o oceano. algumas delas s\u00e3o bastante grandes e nelas foram constru\u00eddas aldeias, gra\u00e7as ao clima mais ameno, \u00e0 posi\u00e7\u00e3o abrigada e \u00e0s possibilidades agr\u00edcolas. A Faj\u00e3 da Caldeira do Santo Cristo \u00e9 uma das mais famosas, consistindo na verdade em duas faj\u00e3s distintas, ligadas por um trilho que \u00e9 uma boa caminhada para fazer. H\u00e1 um bar perto das lagoas criadas pela tempestade no inverno e \u00e9 um lugar m\u00e1gico para relaxar e passar o tempo a explorar.<\/p><ul><li><h4>Faj\u00e3 do Ouvidor<\/h4><\/li><\/ul><div id=\"attachment_5412\" style=\"width: 810px\" class=\"wp-caption aligncenter\"><img decoding=\"async\" aria-describedby=\"caption-attachment-5412\" class=\" wd-lazy-fade wp-image-5412\" src=\"https:\/\/guidetotheazores.pt\/wp-content\/themes\/woodmart\/images\/lazy.svg\" data-src=\"https:\/\/guidetotheazores.pt\/wp-content\/uploads\/2020\/01\/Fajas-Sao-Jorge-Azores.jpg\" alt=\"Faja do Ouvidor S\u00e3o Jorge A\u00e7ores\" width=\"800\" height=\"600\" srcset=\"\" data-srcset=\"https:\/\/guidetotheazores.pt\/wp-content\/uploads\/2020\/01\/Fajas-Sao-Jorge-Azores.jpg 2016w, https:\/\/guidetotheazores.pt\/wp-content\/uploads\/2020\/01\/Fajas-Sao-Jorge-Azores-600x450.jpg 600w, https:\/\/guidetotheazores.pt\/wp-content\/uploads\/2020\/01\/Fajas-Sao-Jorge-Azores-300x225.jpg 300w, https:\/\/guidetotheazores.pt\/wp-content\/uploads\/2020\/01\/Fajas-Sao-Jorge-Azores-1024x768.jpg 1024w, https:\/\/guidetotheazores.pt\/wp-content\/uploads\/2020\/01\/Fajas-Sao-Jorge-Azores-768x576.jpg 768w, https:\/\/guidetotheazores.pt\/wp-content\/uploads\/2020\/01\/Fajas-Sao-Jorge-Azores-1536x1152.jpg 1536w, https:\/\/guidetotheazores.pt\/wp-content\/uploads\/2020\/01\/Fajas-Sao-Jorge-Azores-192x144.jpg 192w, https:\/\/guidetotheazores.pt\/wp-content\/uploads\/2020\/01\/Fajas-Sao-Jorge-Azores-384x288.jpg 384w, https:\/\/guidetotheazores.pt\/wp-content\/uploads\/2020\/01\/Fajas-Sao-Jorge-Azores-90x67.jpg 90w, https:\/\/guidetotheazores.pt\/wp-content\/uploads\/2020\/01\/Fajas-Sao-Jorge-Azores-180x135.jpg 180w, https:\/\/guidetotheazores.pt\/wp-content\/uploads\/2020\/01\/Fajas-Sao-Jorge-Azores-561x421.jpg 561w, https:\/\/guidetotheazores.pt\/wp-content\/uploads\/2020\/01\/Fajas-Sao-Jorge-Azores-1122x842.jpg 1122w, https:\/\/guidetotheazores.pt\/wp-content\/uploads\/2020\/01\/Fajas-Sao-Jorge-Azores-364x273.jpg 364w, https:\/\/guidetotheazores.pt\/wp-content\/uploads\/2020\/01\/Fajas-Sao-Jorge-Azores-728x546.jpg 728w, https:\/\/guidetotheazores.pt\/wp-content\/uploads\/2020\/01\/Fajas-Sao-Jorge-Azores-608x456.jpg 608w, https:\/\/guidetotheazores.pt\/wp-content\/uploads\/2020\/01\/Fajas-Sao-Jorge-Azores-758x569.jpg 758w, https:\/\/guidetotheazores.pt\/wp-content\/uploads\/2020\/01\/Fajas-Sao-Jorge-Azores-1152x864.jpg 1152w, https:\/\/guidetotheazores.pt\/wp-content\/uploads\/2020\/01\/Fajas-Sao-Jorge-Azores-313x235.jpg 313w\" sizes=\"(max-width: 800px) 100vw, 800px\" \/><p id=\"caption-attachment-5412\" class=\"wp-caption-text\">Mais uma paisagem tipo \"Fim do Mundo\" na Faj\u00e3 do Ouvidor<\/p><\/div><p>A F\u00e3ja do Ouvidor tem uma forma espetacular de se apresentar quando se percorre a estreita estrada que a ela conduz. No fundo do mar existem algumas piscinas naturais e um pequeno porto de abrigo, um local ideal para desfrutar do sossego e das fant\u00e1sticas vistas da Graciosa e da Terceira num dia de c\u00e9u limpo.<\/p><ul><li><h4><a href=\"https:\/\/guidetotheazores.pt\/pt-pt\/todas-as-5-ilhas-do-grupo-central-de-uma-so-vez\/\">Ponta dos Rosais<\/a><\/h4><\/li><\/ul><div id=\"attachment_7484\" style=\"width: 810px\" class=\"wp-caption aligncenter\"><img decoding=\"async\" aria-describedby=\"caption-attachment-7484\" class=\" wd-lazy-fade wp-image-7484\" src=\"https:\/\/guidetotheazores.pt\/wp-content\/themes\/woodmart\/images\/lazy.svg\" data-src=\"https:\/\/guidetotheazores.pt\/wp-content\/uploads\/2021\/12\/Sao-Jorge-for-Video.jpg\" alt=\"Ponta dos Rosais - S\u00e3o Jorge - A\u00e7ores\" width=\"800\" height=\"438\" srcset=\"\" data-srcset=\"https:\/\/guidetotheazores.pt\/wp-content\/uploads\/2021\/12\/Sao-Jorge-for-Video.jpg 1280w, https:\/\/guidetotheazores.pt\/wp-content\/uploads\/2021\/12\/Sao-Jorge-for-Video-300x164.jpg 300w, https:\/\/guidetotheazores.pt\/wp-content\/uploads\/2021\/12\/Sao-Jorge-for-Video-1024x560.jpg 1024w, https:\/\/guidetotheazores.pt\/wp-content\/uploads\/2021\/12\/Sao-Jorge-for-Video-768x420.jpg 768w, https:\/\/guidetotheazores.pt\/wp-content\/uploads\/2021\/12\/Sao-Jorge-for-Video-561x307.jpg 561w, https:\/\/guidetotheazores.pt\/wp-content\/uploads\/2021\/12\/Sao-Jorge-for-Video-1122x614.jpg 1122w, https:\/\/guidetotheazores.pt\/wp-content\/uploads\/2021\/12\/Sao-Jorge-for-Video-265x145.jpg 265w, https:\/\/guidetotheazores.pt\/wp-content\/uploads\/2021\/12\/Sao-Jorge-for-Video-531x290.jpg 531w, https:\/\/guidetotheazores.pt\/wp-content\/uploads\/2021\/12\/Sao-Jorge-for-Video-364x199.jpg 364w, https:\/\/guidetotheazores.pt\/wp-content\/uploads\/2021\/12\/Sao-Jorge-for-Video-728x398.jpg 728w, https:\/\/guidetotheazores.pt\/wp-content\/uploads\/2021\/12\/Sao-Jorge-for-Video-608x333.jpg 608w, https:\/\/guidetotheazores.pt\/wp-content\/uploads\/2021\/12\/Sao-Jorge-for-Video-758x415.jpg 758w, https:\/\/guidetotheazores.pt\/wp-content\/uploads\/2021\/12\/Sao-Jorge-for-Video-1152x630.jpg 1152w, https:\/\/guidetotheazores.pt\/wp-content\/uploads\/2021\/12\/Sao-Jorge-for-Video-313x171.jpg 313w, https:\/\/guidetotheazores.pt\/wp-content\/uploads\/2021\/12\/Sao-Jorge-for-Video-600x328.jpg 600w, https:\/\/guidetotheazores.pt\/wp-content\/uploads\/2021\/12\/Sao-Jorge-for-Video-150x82.jpg 150w\" sizes=\"(max-width: 800px) 100vw, 800px\" \/><p id=\"caption-attachment-7484\" class=\"wp-caption-text\">Observa cinco ilhas dos A\u00e7ores de um ponto de vista espetacular<\/p><\/div><p>Na ponta ocidental de S\u00e3o Jorge, a espetacular zona da Ponta dos Rosais oferece uma <a href=\"https:\/\/guidetotheazores.pt\/pt-pt\/todas-as-5-ilhas-do-grupo-central-de-uma-so-vez\/\">vista inigual\u00e1vel<\/a> sobre as cinco ilhas do Grupo Central dos A\u00e7ores (S\u00e3o Jorge, Graciosa, Terceira, Pico e Faial). Al\u00e9m disso, h\u00e1 um farol bem preservado (operacional, n\u00e3o aberto ao p\u00fablico) e uma velha Vigia da Baleias restaurada que costumava ser uma instala\u00e7\u00e3o de observa\u00e7\u00e3o para os baleeiros para - adivinhaste - avistar baleias que passavam para fins de ca\u00e7a. Felizmente, a ca\u00e7a \u00e0s baleias foi proibida h\u00e1 muito tempo, mas com um pouco de sorte poder\u00e1s avist\u00e1-las com o telesc\u00f3pio que te \u00e9 fornecido e que circula livremente pela ilha.<\/p><ul><li><h4><a href=\"https:\/\/guidetotheazores.pt\/pt-pt\/o-cafe-organico-do-cafe-nunes-na-faja-dos-vimes-em-sao-jorge\/\">Planta\u00e7\u00e3o de Caf\u00e9 da Faj\u00e3 dos Vimes<\/a><\/h4><\/li><\/ul><div id=\"attachment_5167\" style=\"width: 810px\" class=\"wp-caption aligncenter\"><img decoding=\"async\" aria-describedby=\"caption-attachment-5167\" class=\" wd-lazy-fade wp-image-5167\" src=\"https:\/\/guidetotheazores.pt\/wp-content\/themes\/woodmart\/images\/lazy.svg\" data-src=\"https:\/\/guidetotheazores.pt\/wp-content\/uploads\/2020\/01\/Drying-Coffee-in-Faja-Dos-Vimes-Sao-Jorge.jpg\" alt=\"Secagem do caf\u00e9 na Faj\u00e3 dos Vimes - S\u00e3o Jorge\" width=\"800\" height=\"407\" srcset=\"\" data-srcset=\"https:\/\/guidetotheazores.pt\/wp-content\/uploads\/2020\/01\/Drying-Coffee-in-Faja-Dos-Vimes-Sao-Jorge.jpg 1440w, https:\/\/guidetotheazores.pt\/wp-content\/uploads\/2020\/01\/Drying-Coffee-in-Faja-Dos-Vimes-Sao-Jorge-600x305.jpg 600w, https:\/\/guidetotheazores.pt\/wp-content\/uploads\/2020\/01\/Drying-Coffee-in-Faja-Dos-Vimes-Sao-Jorge-300x153.jpg 300w, https:\/\/guidetotheazores.pt\/wp-content\/uploads\/2020\/01\/Drying-Coffee-in-Faja-Dos-Vimes-Sao-Jorge-1024x521.jpg 1024w, https:\/\/guidetotheazores.pt\/wp-content\/uploads\/2020\/01\/Drying-Coffee-in-Faja-Dos-Vimes-Sao-Jorge-768x390.jpg 768w, https:\/\/guidetotheazores.pt\/wp-content\/uploads\/2020\/01\/Drying-Coffee-in-Faja-Dos-Vimes-Sao-Jorge-561x285.jpg 561w, https:\/\/guidetotheazores.pt\/wp-content\/uploads\/2020\/01\/Drying-Coffee-in-Faja-Dos-Vimes-Sao-Jorge-1122x570.jpg 1122w, https:\/\/guidetotheazores.pt\/wp-content\/uploads\/2020\/01\/Drying-Coffee-in-Faja-Dos-Vimes-Sao-Jorge-364x185.jpg 364w, https:\/\/guidetotheazores.pt\/wp-content\/uploads\/2020\/01\/Drying-Coffee-in-Faja-Dos-Vimes-Sao-Jorge-728x370.jpg 728w, https:\/\/guidetotheazores.pt\/wp-content\/uploads\/2020\/01\/Drying-Coffee-in-Faja-Dos-Vimes-Sao-Jorge-608x309.jpg 608w, https:\/\/guidetotheazores.pt\/wp-content\/uploads\/2020\/01\/Drying-Coffee-in-Faja-Dos-Vimes-Sao-Jorge-758x385.jpg 758w, https:\/\/guidetotheazores.pt\/wp-content\/uploads\/2020\/01\/Drying-Coffee-in-Faja-Dos-Vimes-Sao-Jorge-1152x586.jpg 1152w, https:\/\/guidetotheazores.pt\/wp-content\/uploads\/2020\/01\/Drying-Coffee-in-Faja-Dos-Vimes-Sao-Jorge-313x159.jpg 313w\" sizes=\"(max-width: 800px) 100vw, 800px\" \/><p id=\"caption-attachment-5167\" class=\"wp-caption-text\">Gr\u00e3os de caf\u00e9 a secar ao sol no Caf\u00e9 Nunes, na Faj\u00e3 dos Vimes<\/p><\/div><p>Entre as dezenas de faj\u00e3s de S\u00e3o Jorge, a Faj\u00e3 dos Vimes tem um atrativo curioso para oferecer aos viajantes. No Caf\u0113 Nunes podes desfrutar de um bom expresso feito na casa do in\u00edcio ao fim. O caf\u00e9, gerido por uma fam\u00edlia, tem muitas plantas de caf\u00e9 nas suas terras e todo o processo de cultivo, secagem e torrefa\u00e7\u00e3o dos gr\u00e3os de caf\u00e9 \u00e9 feito no local, tornando-o assim um tipo de <a href=\"https:\/\/guidetotheazores.pt\/pt-pt\/o-cafe-organico-do-cafe-nunes-na-faja-dos-vimes-em-sao-jorge\/\">bar<\/a> verdadeiramente diferente num local inesperado.<\/p><p>Gra\u00e7as a estas caracter\u00edsticas muito peculiares, S\u00e3o Jorge pode ser uma das candidatas a ser definida como a melhor ilha dos A\u00e7ores, e \u00e9 certamente uma das mais selvagens e acidentadas!  <\/p>\n\t\t\t\t\t<\/div>\n\t\t\t\t\t\t<\/div>\n\t\t\t\t<\/div>\n\t\t\t\t\t<\/div>\n\t\t<\/div>\n\t\t\t\t\t<\/div>\n\t\t<\/section>\n\t\t\t\t<section class=\"wd-negative-gap elementor-section elementor-top-section elementor-element elementor-element-146c699 elementor-section-boxed elementor-section-height-default elementor-section-height-default\" data-id=\"146c699\" data-element_type=\"section\" data-e-type=\"section\">\n\t\t\t\t\t\t<div class=\"elementor-container elementor-column-gap-default\">\n\t\t\t\t\t<div class=\"elementor-column elementor-col-100 elementor-top-column elementor-element elementor-element-0cab425\" data-id=\"0cab425\" data-element_type=\"column\" data-e-type=\"column\">\n\t\t\t<div class=\"elementor-widget-wrap elementor-element-populated\">\n\t\t\t\t\t\t<div class=\"elementor-element elementor-element-24b14c3 elementor-widget elementor-widget-wd_text_block\" data-id=\"24b14c3\" data-element_type=\"widget\" data-e-type=\"widget\" data-widget_type=\"wd_text_block.default\">\n\t\t\t\t<div class=\"elementor-widget-container\">\n\t\t\t\t\t\t\t<div class=\"wd-text-block reset-last-child text-left\">\n\t\t\t\n\t\t\t<p> <\/p><hr><h3> <\/h3><h3 class=\"p1\"><span class=\"s1\"><b>Santa Maria<br><\/b><\/span><\/h3><ul><li><h4>Ribeira de Malo\u00e1s<\/h4><\/li><\/ul><div id=\"attachment_7541\" style=\"width: 810px\" class=\"wp-caption aligncenter\"><img decoding=\"async\" aria-describedby=\"caption-attachment-7541\" class=\" wd-lazy-fade wp-image-7541\" src=\"https:\/\/guidetotheazores.pt\/wp-content\/themes\/woodmart\/images\/lazy.svg\" data-src=\"https:\/\/guidetotheazores.pt\/wp-content\/uploads\/2022\/01\/Ribeira-de-Maloa%CC%81s.jpg\" alt=\"Ribeira de Malo\u00e1s - Santa Maria - A\u00e7ores\" width=\"800\" height=\"450\"><p id=\"caption-attachment-7541\" class=\"wp-caption-text\">Forma\u00e7\u00e3o geol\u00f3gica \u00fanica que resultou do contacto da lava com o mar<\/p><\/div><ul><li><h4>Baia de S\u00e3o Lourenco<\/h4><\/li><\/ul><p><img decoding=\"async\" class=\" wd-lazy-fade wp-image-7542 aligncenter\" src=\"https:\/\/guidetotheazores.pt\/wp-content\/themes\/woodmart\/images\/lazy.svg\" data-src=\"https:\/\/guidetotheazores.pt\/wp-content\/uploads\/2022\/01\/Baia-de-Sa%CC%83o-Lourenco-Santa-Maria-Azores.jpg\" alt=\"Baia de S\u00e3o Lourenco - Santa Maria - A\u00e7ores\" width=\"800\" height=\"600\"><\/p><hr><h3> <\/h3>\n\t\t\t\t\t<\/div>\n\t\t\t\t\t\t<\/div>\n\t\t\t\t<\/div>\n\t\t\t\t\t<\/div>\n\t\t<\/div>\n\t\t\t\t\t<\/div>\n\t\t<\/section>\n\t\t\t\t<section class=\"wd-negative-gap elementor-section elementor-top-section elementor-element elementor-element-ccf73c6 elementor-section-boxed elementor-section-height-default elementor-section-height-default\" data-id=\"ccf73c6\" data-element_type=\"section\" data-e-type=\"section\">\n\t\t\t\t\t\t<div class=\"elementor-container elementor-column-gap-default\">\n\t\t\t\t\t<div class=\"elementor-column elementor-col-100 elementor-top-column elementor-element elementor-element-ac3d59b\" data-id=\"ac3d59b\" data-element_type=\"column\" data-e-type=\"column\">\n\t\t\t<div class=\"elementor-widget-wrap elementor-element-populated\">\n\t\t\t\t\t\t<div class=\"elementor-element elementor-element-f6bebec elementor-widget elementor-widget-wd_text_block\" data-id=\"f6bebec\" data-element_type=\"widget\" data-e-type=\"widget\" data-widget_type=\"wd_text_block.default\">\n\t\t\t\t<div class=\"elementor-widget-container\">\n\t\t\t\t\t\t\t<div class=\"wd-text-block reset-last-child text-left\">\n\t\t\t\n\t\t\t<h3 class=\"p1\"><span class=\"s1\"><b>Pico<br><\/b><\/span><\/h3><ul><li><h4>Escalada do Pico<\/h4><\/li><\/ul><div id=\"attachment_5731\" style=\"width: 810px\" class=\"wp-caption aligncenter\"><img decoding=\"async\" aria-describedby=\"caption-attachment-5731\" class=\" wd-lazy-fade wp-image-5731\" src=\"https:\/\/guidetotheazores.pt\/wp-content\/themes\/woodmart\/images\/lazy.svg\" data-src=\"https:\/\/guidetotheazores.pt\/wp-content\/uploads\/2020\/02\/Pico-volcan-Azores.jpg\" alt=\"Montanha do Pico - Pico - A\u00e7ores\" width=\"800\" height=\"522\" srcset=\"\" data-srcset=\"https:\/\/guidetotheazores.pt\/wp-content\/uploads\/2020\/02\/Pico-volcan-Azores.jpg 1012w, https:\/\/guidetotheazores.pt\/wp-content\/uploads\/2020\/02\/Pico-volcan-Azores-300x196.jpg 300w, https:\/\/guidetotheazores.pt\/wp-content\/uploads\/2020\/02\/Pico-volcan-Azores-768x501.jpg 768w, https:\/\/guidetotheazores.pt\/wp-content\/uploads\/2020\/02\/Pico-volcan-Azores-561x366.jpg 561w, https:\/\/guidetotheazores.pt\/wp-content\/uploads\/2020\/02\/Pico-volcan-Azores-364x237.jpg 364w, https:\/\/guidetotheazores.pt\/wp-content\/uploads\/2020\/02\/Pico-volcan-Azores-728x475.jpg 728w, https:\/\/guidetotheazores.pt\/wp-content\/uploads\/2020\/02\/Pico-volcan-Azores-608x397.jpg 608w, https:\/\/guidetotheazores.pt\/wp-content\/uploads\/2020\/02\/Pico-volcan-Azores-758x494.jpg 758w, https:\/\/guidetotheazores.pt\/wp-content\/uploads\/2020\/02\/Pico-volcan-Azores-313x204.jpg 313w, https:\/\/guidetotheazores.pt\/wp-content\/uploads\/2020\/02\/Pico-volcan-Azores-600x391.jpg 600w\" sizes=\"(max-width: 800px) 100vw, 800px\" \/><p id=\"caption-attachment-5731\" class=\"wp-caption-text\">Sobe \u00e0 montanha mais alta de Portugal (2351 m )<\/p><\/div><p>A subida ao Pico (2351m de altitude) n\u00e3o \u00e9 um percurso f\u00e1cil, sobretudo a descida, mas pode ser feita por pessoas de qualquer idade e em boa forma f\u00edsica. Embora seja poss\u00edvel fazer a subida sozinho, sugerimos que contrates um guia experiente. A subida n\u00e3o \u00e9 demasiado t\u00e9cnica, mas os conselhos sobre o caminho a seguir e o que evitar s\u00e3o certamente \u00fateis. O caminho est\u00e1 bem marcado mas, mesmo assim, devido \u00e0 natureza rochosa da caminhada, \u00e9 sempre poss\u00edvel magoares-te se abordares o caminho de forma errada.<\/p><ul><li><h4>Patrim\u00f3nio da Unesco: Os muros secos protegiam as vinhas<\/h4><\/li><\/ul><div id=\"attachment_5510\" style=\"width: 810px\" class=\"wp-caption aligncenter\"><img decoding=\"async\" aria-describedby=\"caption-attachment-5510\" class=\" wd-lazy-fade wp-image-5510\" src=\"https:\/\/guidetotheazores.pt\/wp-content\/themes\/woodmart\/images\/lazy.svg\" data-src=\"https:\/\/guidetotheazores.pt\/wp-content\/uploads\/2020\/02\/Pico-vineyards-field-Azores.jpg\" alt=\"Vinha Patrim\u00f3nio Mundial da Unesco - Pico - A\u00e7ores\" width=\"800\" height=\"531\" srcset=\"\" data-srcset=\"https:\/\/guidetotheazores.pt\/wp-content\/uploads\/2020\/02\/Pico-vineyards-field-Azores.jpg 640w, https:\/\/guidetotheazores.pt\/wp-content\/uploads\/2020\/02\/Pico-vineyards-field-Azores-300x199.jpg 300w, https:\/\/guidetotheazores.pt\/wp-content\/uploads\/2020\/02\/Pico-vineyards-field-Azores-180x120.jpg 180w, https:\/\/guidetotheazores.pt\/wp-content\/uploads\/2020\/02\/Pico-vineyards-field-Azores-561x373.jpg 561w, https:\/\/guidetotheazores.pt\/wp-content\/uploads\/2020\/02\/Pico-vineyards-field-Azores-364x242.jpg 364w, https:\/\/guidetotheazores.pt\/wp-content\/uploads\/2020\/02\/Pico-vineyards-field-Azores-608x404.jpg 608w, https:\/\/guidetotheazores.pt\/wp-content\/uploads\/2020\/02\/Pico-vineyards-field-Azores-313x208.jpg 313w, https:\/\/guidetotheazores.pt\/wp-content\/uploads\/2020\/02\/Pico-vineyards-field-Azores-600x398.jpg 600w, https:\/\/guidetotheazores.pt\/wp-content\/uploads\/2020\/02\/Pico-vineyards-field-Azores-150x100.jpg 150w\" sizes=\"(max-width: 800px) 100vw, 800px\" \/><p id=\"caption-attachment-5510\" class=\"wp-caption-text\">Explora as incr\u00edveis vinhas do Pico<\/p><\/div><p>A intrincada rede de pequenos muros secos que protegem as vinhas \u00e9 um local \u00fanico e fant\u00e1stico para passear. Cada \"c\u00e9lula\" tem apenas um punhado de plantas no seu interior, protegendo-as assim do sal e do vento vindos do Oceano. Embora a parte ocidental da ilha esteja coberta por estas curiosas vinhas, uma grande parte est\u00e1 agora abandonada, embora nos \u00faltimos anos tenha havido um ressurgimento devido a estrangeiros e empres\u00e1rios locais que est\u00e3o a criar novas empresas vin\u00edcolas.<\/p>\n\t\t\t\t\t<\/div>\n\t\t\t\t\t\t<\/div>\n\t\t\t\t<\/div>\n\t\t\t\t<div class=\"facetwp-template facetwp-elementor-widget elementor-element elementor-element-fd83150 elementor-grid-3 elementor-grid-tablet-3 elementor-grid-mobile-2 elementor-products-grid elementor-wc-products elementor-widget elementor-widget-woocommerce-products\" data-id=\"fd83150\" data-element_type=\"widget\" data-e-type=\"widget\" data-widget_type=\"woocommerce-products.default\">\n\t\t\t\t<div class=\"elementor-widget-container\">\n\t\t\t\t\t<div class=\"woocommerce columns-3 \"><div class=\"wd-products-element\">\t\t\t<div class=\"wd-sticky-loader wd-content-loader\"><span class=\"wd-loader\"><\/span><\/div>\n\t\t\n<div class=\"products wd-products wd-grid-g grid-columns-4 elements-grid pagination-infinit title-line-two\" data-source=\"main_loop\" data-min_price=\"\" data-max_price=\"\" data-columns=\"4\" style=\"--wd-col-lg:4;--wd-col-md:4;--wd-col-sm:2;--wd-gap-lg:20px;--wd-gap-sm:10px;\">\n<div class=\"wd-product wd-hover-base wd-hover-with-fade wd-col product-grid-item product product-no-swatches type-product post-24739 status-publish last instock product_cat-atividades-pt-pt product_cat-caminhadas product_cat-pico-pt-pt product_cat-todas-as-ilhas product_tag-ilhadopico has-post-thumbnail taxable shipping-taxable product-type-external\" data-loop=\"11\" data-id=\"24739\">\n\t\n\t\n<div class=\"product-wrapper\">\n\t<div class=\"content-product-imagin\"><\/div>\n\t<div class=\"product-element-top wd-quick-shop\">\n\t\t<a href=\"https:\/\/guidetotheazores.pt\/pt-pt\/produto\/pico-west-coast-hike\/\" class=\"product-image-link\" tabindex=\"-1\" aria-label=\"Pico West Coast Hike\">\n\t\t\t<img decoding=\"async\" width=\"300\" height=\"225\" src=\"https:\/\/guidetotheazores.pt\/wp-content\/uploads\/2026\/05\/20240327_143919-quadrado-scaled-1-300x225.webp\" class=\"attachment-woocommerce_thumbnail size-woocommerce_thumbnail\" alt=\"Pico West Coast Hike-Tripix-Guidetotheazores\" \/>\t\t<\/a>\n\n\t\t\t\t\t<div class=\"hover-img\">\n\t\t\t\t<img decoding=\"async\" width=\"300\" height=\"225\" src=\"https:\/\/guidetotheazores.pt\/wp-content\/uploads\/2026\/05\/20240327_143919-quadrado-scaled-1-300x225.webp\" class=\"attachment-woocommerce_thumbnail size-woocommerce_thumbnail\" alt=\"Pico West Coast Hike-Tripix-Guidetotheazores\" \/>\t\t\t<\/div>\n\t\t\t\n\t\t<div class=\"wrapp-swatches\"><\/div>\n\t<\/div>\n\n\t<div class=\"product-element-bottom product-information\">\n\t\t<h3 class=\"wd-entities-title\"><a href=\"https:\/\/guidetotheazores.pt\/pt-pt\/produto\/pico-west-coast-hike\/\">Pico West Coast Hike<\/a><\/h3>\t\t\t\t<div class=\"product-rating-price\">\n\t\t\t<div class=\"wrapp-product-price\">\n\t\t\t\t\n        <\/a>\n                            <span class=\"details\">\n                        <a href=\"https:\/\/guidetotheazores.pt\/pt-pt\/partner\/tripix\/\">Tripix Azores<\/a>                    <\/span>\n            \t\t\t\t\t\t\t<\/div>\n\t\t<\/div>\n\t\t\t\t<div class=\"fade-in-block wd-scroll\">\n\t\t\t<div class=\"hover-content wd-more-desc\">\n\t\t\t\t<div class=\"hover-content-inner wd-more-desc-inner\">\n\t\t\t\t\tCaminha ao longo da costa ocidental intocada da ilha do Pico, onde fal\u00e9sias dram\u00e1ticas se encontram com o Atl\u00e2ntico sem fim. Percorre trilhos panor\u00e2micos, explora paisagens vulc\u00e2nicas escondidas e mergulha na beleza natural da ilha. Espera-te uma viagem pela natureza, pela hist\u00f3ria e por vistas deslumbrantes sobre o oceano!  \n\n<script src=\"https:\/\/fareharbor.com\/embeds\/script\/calendar\/tripixazores\/items\/634168\/?asn=fhdn-eur&amp;asn-ref=guidetotheazores&amp;ref=guidetotheazores&amp;bookable-only=yes&amp;full-items=yes&amp;marketplace=yes&amp;flow=no&amp;branding=no\"><\/script>\n<div class=\"flex items-start gap-4 mb-4 last:mb-0\" data-v-a5b16f77=\"\">\n<div class=\"min-w-0 flex-1\"><span class=\"fh-text fh-text--body-sm fh-text--medium\" data-v-3872b9c5=\"\">Dura\u00e7\u00e3o: <\/span>4 horas<\/div>\n<\/div>\n<div class=\"flex items-start gap-4 mb-4 last:mb-0\" data-v-a5b16f77=\"\">\n<div class=\"mt-1 shrink-0\"><\/div>\n<div class=\"min-w-0 flex-1\"><span class=\"fh-text fh-text--body-sm fh-text--medium\" data-v-3872b9c5=\"\">Ponto de encontro: <\/span>Escrit\u00f3rio do Tripix A\u00e7ores<\/div>\n<\/div>\n<div class=\"flex items-start gap-4 mb-4 last:mb-0\" data-v-a5b16f77=\"\">\n<div class=\"mt-1 shrink-0\"><\/div>\n<div class=\"min-w-0 flex-1\"><span class=\"fh-text fh-text--body-sm fh-text--medium\" data-v-3872b9c5=\"\">Idade: <\/span>6+<\/div>\n<\/div>\t\t\t\t<\/div>\n\t\t\t\t<a href=\"#\" rel=\"nofollow\" class=\"wd-more-desc-btn\" aria-label=\"Read more description\"><\/a>\n\t\t\t<\/div>\n\t\t\t<div class=\" wd-bottom-actions\">\n\t\t\t\t<div class=\"wrap-wishlist-button\"><\/div>\n\t\t\t\t<div class=\"wd-add-btn wd-add-btn-replace\">\n\t\t\t\t\t<a href=\"\" aria-describedby=\"woocommerce_loop_add_to_cart_link_describedby_24739\" data-quantity=\"1\" class=\"button product_type_external add-to-cart-loop\" data-product_id=\"24739\" data-product_sku=\"\" aria-label=\"Comprar &ldquo;Pico West Coast Hike&rdquo;\" rel=\"nofollow\"><span>Comprar produto<\/span><\/a>\t<span id=\"woocommerce_loop_add_to_cart_link_describedby_24739\" class=\"screen-reader-text\">\n\t\t\t<\/span>\n\t\t\t\t\t\t\t\t\t\t\t\t\t\t\t\t\t\t\t\t<\/div>\n\t\t\t\t<div class=\"wrap-quickview-button\"><\/div>\n\t\t\t<\/div>\n\n\t\t\t\t\t\t\n\t\t\t\t\t<\/div>\n\t<\/div>\n<\/div>\n<\/div>\n<div class=\"wd-product wd-hover-base wd-hover-with-fade wd-col product-grid-item product product-no-swatches type-product post-23921 status-publish first instock product_cat-atividades-pt-pt product_cat-biking-pt-pt product_cat-pico-pt-pt product_cat-todas-as-ilhas product_tag-ilhadopico has-post-thumbnail taxable shipping-taxable product-type-external\" data-loop=\"12\" data-id=\"23921\">\n\t\n\t\n<div class=\"product-wrapper\">\n\t<div class=\"content-product-imagin\"><\/div>\n\t<div class=\"product-element-top wd-quick-shop\">\n\t\t<a href=\"https:\/\/guidetotheazores.pt\/pt-pt\/produto\/passeio-de-bicicleta-pelas-vinhas-do-pico\/\" class=\"product-image-link\" tabindex=\"-1\" aria-label=\"Passeio de Bicicleta pelas Vinhas do Pico\">\n\t\t\t<img decoding=\"async\" width=\"300\" height=\"225\" src=\"https:\/\/guidetotheazores.pt\/wp-content\/uploads\/2026\/05\/bicicletaevinhas-300x225.webp\" class=\"attachment-woocommerce_thumbnail size-woocommerce_thumbnail\" alt=\"Pico Vineyards Bike Tour - Guide to the Azores\" \/>\t\t<\/a>\n\n\t\t\t\t\t<div class=\"hover-img\">\n\t\t\t\t<img decoding=\"async\" width=\"300\" height=\"225\" src=\"https:\/\/guidetotheazores.pt\/wp-content\/uploads\/2026\/05\/lajido-scaled-1-300x225.webp\" class=\"attachment-woocommerce_thumbnail size-woocommerce_thumbnail\" alt=\"Pico Vineyards Bike Tour - Guide to the Azores\" \/>\t\t\t<\/div>\n\t\t\t\n\t\t<div class=\"wrapp-swatches\"><\/div>\n\t<\/div>\n\n\t<div class=\"product-element-bottom product-information\">\n\t\t<h3 class=\"wd-entities-title\"><a href=\"https:\/\/guidetotheazores.pt\/pt-pt\/produto\/passeio-de-bicicleta-pelas-vinhas-do-pico\/\">Passeio de Bicicleta pelas Vinhas do Pico<\/a><\/h3>\t\t\t\t<div class=\"product-rating-price\">\n\t\t\t<div class=\"wrapp-product-price\">\n\t\t\t\t\n        <\/a>\n                            <span class=\"details\">\n                        <a href=\"https:\/\/guidetotheazores.pt\/pt-pt\/partner\/tripix\/\">Tripix Azores<\/a>                    <\/span>\n            \t\t\t\t\t\t\t<\/div>\n\t\t<\/div>\n\t\t\t\t<div class=\"fade-in-block wd-scroll\">\n\t\t\t<div class=\"hover-content wd-more-desc\">\n\t\t\t\t<div class=\"hover-content-inner wd-more-desc-inner\">\n\t\t\t\t\tDescobre o encanto \u00fanico da Ilha do Pico num inesquec\u00edvel passeio de bicicleta pela paisagem vinhateira, Patrim\u00f3nio Mundial da UNESCO. Segue a costa rochosa e explora as pitorescas aldeias de casas de pedra vulc\u00e2nica, as adegas e as vinhas luxuriantes que definem a tradi\u00e7\u00e3o vin\u00edcola da ilha. Ao longo do caminho, desfruta de vistas deslumbrantes sobre o Atl\u00e2ntico e mergulha na rica hist\u00f3ria e cultura do ic\u00f3nico patrim\u00f3nio vin\u00edcola do Pico. Perfeito para aventureiros e amantes do vinho, este passeio \u00e9 uma viagem pelo cora\u00e7\u00e3o dos tesouros mais famosos da Ilha da Montanha.   \n\n&nbsp;\n\n<script src=\"https:\/\/fareharbor.com\/embeds\/script\/calendar\/tripixazores\/items\/614419\/?asn=fhdn-eur&amp;asn-ref=guidetotheazores&amp;ref=guidetotheazores&amp;bookable-only=yes&amp;full-items=yes&amp;marketplace=yes&amp;flow=no&amp;branding=no\"><\/script>\n\nDura\u00e7\u00e3o - 3 Horas\nPonto de encontro - Escrit\u00f3rio da Tripix Azores\nIdade - 10+\t\t\t\t<\/div>\n\t\t\t\t<a href=\"#\" rel=\"nofollow\" class=\"wd-more-desc-btn\" aria-label=\"Read more description\"><\/a>\n\t\t\t<\/div>\n\t\t\t<div class=\" wd-bottom-actions\">\n\t\t\t\t<div class=\"wrap-wishlist-button\"><\/div>\n\t\t\t\t<div class=\"wd-add-btn wd-add-btn-replace\">\n\t\t\t\t\t<a href=\"\" aria-describedby=\"woocommerce_loop_add_to_cart_link_describedby_23921\" data-quantity=\"1\" class=\"button product_type_external add-to-cart-loop\" data-product_id=\"23921\" data-product_sku=\"\" aria-label=\"Comprar &ldquo;Passeio de Bicicleta pelas Vinhas do Pico&rdquo;\" rel=\"nofollow\"><span>Comprar produto<\/span><\/a>\t<span id=\"woocommerce_loop_add_to_cart_link_describedby_23921\" class=\"screen-reader-text\">\n\t\t\t<\/span>\n\t\t\t\t\t\t\t\t\t\t\t\t\t\t\t\t\t\t\t\t<\/div>\n\t\t\t\t<div class=\"wrap-quickview-button\"><\/div>\n\t\t\t<\/div>\n\n\t\t\t\t\t\t\n\t\t\t\t\t<\/div>\n\t<\/div>\n<\/div>\n<\/div>\n<div class=\"wd-product wd-hover-base wd-hover-with-fade wd-col product-grid-item product product-no-swatches type-product post-13880 status-publish instock product_cat-atividades-pt-pt product_cat-caminhadas product_cat-pico-pt-pt product_cat-todas-as-ilhas product_tag-ilhadopico has-post-thumbnail virtual sold-individually taxable purchasable product-type-phive_booking\" data-loop=\"13\" data-id=\"13880\">\n\t\n\t\n<div class=\"product-wrapper\">\n\t<div class=\"content-product-imagin\"><\/div>\n\t<div class=\"product-element-top wd-quick-shop\">\n\t\t<a href=\"https:\/\/guidetotheazores.pt\/pt-pt\/produto\/subida-a-montanha-do-pico\/\" class=\"product-image-link\" tabindex=\"-1\" aria-label=\"Sobe \u00e0 Montanha do Pico: O ponto mais alto de Portugal &#8211; 2351 metros\">\n\t\t\t<img decoding=\"async\" width=\"300\" height=\"225\" src=\"https:\/\/guidetotheazores.pt\/wp-content\/uploads\/2025\/04\/WhatsApp-Image-2025-04-16-at-11.59.39-1-300x225.jpeg\" class=\"attachment-woocommerce_thumbnail size-woocommerce_thumbnail\" alt=\"\" srcset=\"https:\/\/guidetotheazores.pt\/wp-content\/uploads\/2025\/04\/WhatsApp-Image-2025-04-16-at-11.59.39-1-300x225.jpeg 300w, https:\/\/guidetotheazores.pt\/wp-content\/uploads\/2025\/04\/WhatsApp-Image-2025-04-16-at-11.59.39-1-1024x768.jpeg 1024w, https:\/\/guidetotheazores.pt\/wp-content\/uploads\/2025\/04\/WhatsApp-Image-2025-04-16-at-11.59.39-1-768x576.jpeg 768w, https:\/\/guidetotheazores.pt\/wp-content\/uploads\/2025\/04\/WhatsApp-Image-2025-04-16-at-11.59.39-1-1536x1152.jpeg 1536w, https:\/\/guidetotheazores.pt\/wp-content\/uploads\/2025\/04\/WhatsApp-Image-2025-04-16-at-11.59.39-1-600x450.jpeg 600w, https:\/\/guidetotheazores.pt\/wp-content\/uploads\/2025\/04\/WhatsApp-Image-2025-04-16-at-11.59.39-1-150x113.jpeg 150w, https:\/\/guidetotheazores.pt\/wp-content\/uploads\/2025\/04\/WhatsApp-Image-2025-04-16-at-11.59.39-1.jpeg 1920w\" sizes=\"(max-width: 300px) 100vw, 300px\">\t\t<\/a>\n\n\t\t\t\t\t<div class=\"hover-img\">\n\t\t\t\t<img decoding=\"async\" width=\"300\" height=\"225\" src=\"https:\/\/guidetotheazores.pt\/wp-content\/uploads\/2025\/04\/WhatsApp-Image-2025-04-16-at-11.59.39-300x225.jpeg\" class=\"attachment-woocommerce_thumbnail size-woocommerce_thumbnail\" alt=\"\" srcset=\"https:\/\/guidetotheazores.pt\/wp-content\/uploads\/2025\/04\/WhatsApp-Image-2025-04-16-at-11.59.39-300x225.jpeg 300w, https:\/\/guidetotheazores.pt\/wp-content\/uploads\/2025\/04\/WhatsApp-Image-2025-04-16-at-11.59.39-600x450.jpeg 600w\" sizes=\"(max-width: 300px) 100vw, 300px\">\t\t\t<\/div>\n\t\t\t\n\t\t<div class=\"wrapp-swatches\"><\/div>\n\t<\/div>\n\n\t<div class=\"product-element-bottom product-information\">\n\t\t<h3 class=\"wd-entities-title\"><a href=\"https:\/\/guidetotheazores.pt\/pt-pt\/produto\/subida-a-montanha-do-pico\/\">Sobe \u00e0 Montanha do Pico: O ponto mais alto de Portugal &#8211; 2351 metros<\/a><\/h3>\t\t\t\t<div class=\"product-rating-price\">\n\t\t\t<div class=\"wrapp-product-price\">\n\t\t\t\t\n\t<span class=\"price\"><span class=\"woocommerce-Price-amount amount\"><bdi><span class=\"woocommerce-Price-currencySymbol\">&euro;<\/span>79.00<\/bdi><\/span><\/span>\n        <\/a>\n                            <span class=\"details\">\n                        <a href=\"https:\/\/guidetotheazores.pt\/pt-pt\/partner\/goclimbazores\/\">goclimbazores<\/a>                    <\/span>\n            \t\t\t\t\t\t\t<\/div>\n\t\t<\/div>\n\t\t\t\t<div class=\"fade-in-block wd-scroll\">\n\t\t\t<div class=\"hover-content wd-more-desc\">\n\t\t\t\t<div class=\"hover-content-inner wd-more-desc-inner\">\n\t\t\t\t\tFaz uma caminhada de um dia at\u00e9 ao cume da Montanha do Pico (2351m), o ponto mais alto de Portugal!\t\t\t\t<\/div>\n\t\t\t\t<a href=\"#\" rel=\"nofollow\" class=\"wd-more-desc-btn\" aria-label=\"Read more description\"><\/a>\n\t\t\t<\/div>\n\t\t\t<div class=\" wd-bottom-actions\">\n\t\t\t\t<div class=\"wrap-wishlist-button\"><\/div>\n\t\t\t\t<div class=\"wd-add-btn wd-add-btn-replace\">\n\t\t\t\t\t<a href=\"https:\/\/guidetotheazores.pt\/pt-pt\/produto\/subida-a-montanha-do-pico\/\" aria-describedby=\"woocommerce_loop_add_to_cart_link_describedby_13880\" data-quantity=\"1\" class=\"button product_type_phive_booking add_to_cart_button add-to-cart-loop\" data-product_id=\"13880\" data-product_sku=\"\" aria-label=\"Leia mais sobre &ldquo;Sobe \u00e0 Montanha do Pico: O ponto mais alto de Portugal - 2351 metros&rdquo;\" rel=\"nofollow\"><span>Reservar Agora<\/span><\/a>\t<span id=\"woocommerce_loop_add_to_cart_link_describedby_13880\" class=\"screen-reader-text\">\n\t\t\t<\/span>\n\t\t\t\t\t\t\t\t\t\t\t\t\t\t\t\t\t\t\t\t<\/div>\n\t\t\t\t<div class=\"wrap-quickview-button\"><\/div>\n\t\t\t<\/div>\n\n\t\t\t\t\t\t\n\t\t\t\t\t<\/div>\n\t<\/div>\n<\/div>\n<\/div>\n<\/div>\n<\/div><\/div>\t\t\t\t<\/div>\n\t\t\t\t<\/div>\n\t\t\t\t\t<\/div>\n\t\t<\/div>\n\t\t\t\t\t<\/div>\n\t\t<\/section>\n\t\t\t\t<section class=\"wd-negative-gap elementor-section elementor-top-section elementor-element elementor-element-d631522 elementor-section-boxed elementor-section-height-default elementor-section-height-default\" data-id=\"d631522\" data-element_type=\"section\" data-e-type=\"section\">\n\t\t\t\t\t\t<div class=\"elementor-container elementor-column-gap-default\">\n\t\t\t\t\t<div class=\"elementor-column elementor-col-100 elementor-top-column elementor-element elementor-element-2ee6cb3\" data-id=\"2ee6cb3\" data-element_type=\"column\" data-e-type=\"column\">\n\t\t\t<div class=\"elementor-widget-wrap elementor-element-populated\">\n\t\t\t\t\t\t<div class=\"elementor-element elementor-element-0abe923 elementor-widget elementor-widget-wd_text_block\" data-id=\"0abe923\" data-element_type=\"widget\" data-e-type=\"widget\" data-widget_type=\"wd_text_block.default\">\n\t\t\t\t<div class=\"elementor-widget-container\">\n\t\t\t\t\t\t\t<div class=\"wd-text-block reset-last-child text-left\">\n\t\t\t\n\t\t\t<h3 class=\"p1\"><span class=\"s1\"><b>Graciosa<br><\/b><\/span><\/h3><ul><li><h4>Furna do Enxofre<\/h4><\/li><\/ul><div id=\"attachment_7532\" style=\"width: 810px\" class=\"wp-caption aligncenter\"><img decoding=\"async\" aria-describedby=\"caption-attachment-7532\" class=\" wd-lazy-fade wp-image-7532\" src=\"https:\/\/guidetotheazores.pt\/wp-content\/themes\/woodmart\/images\/lazy.svg\" data-src=\"https:\/\/guidetotheazores.pt\/wp-content\/uploads\/2022\/01\/Furna-do-Enxofre-Graciosa-Azores.jpg\" alt=\"Furna do Enxofre - Graciosa - A\u00e7ores\" width=\"800\" height=\"535\" srcset=\"\" data-srcset=\"https:\/\/guidetotheazores.pt\/wp-content\/uploads\/2022\/01\/Furna-do-Enxofre-Graciosa-Azores.jpg 640w, https:\/\/guidetotheazores.pt\/wp-content\/uploads\/2022\/01\/Furna-do-Enxofre-Graciosa-Azores-300x201.jpg 300w, https:\/\/guidetotheazores.pt\/wp-content\/uploads\/2022\/01\/Furna-do-Enxofre-Graciosa-Azores-180x120.jpg 180w, https:\/\/guidetotheazores.pt\/wp-content\/uploads\/2022\/01\/Furna-do-Enxofre-Graciosa-Azores-561x375.jpg 561w, https:\/\/guidetotheazores.pt\/wp-content\/uploads\/2022\/01\/Furna-do-Enxofre-Graciosa-Azores-265x177.jpg 265w, https:\/\/guidetotheazores.pt\/wp-content\/uploads\/2022\/01\/Furna-do-Enxofre-Graciosa-Azores-531x355.jpg 531w, https:\/\/guidetotheazores.pt\/wp-content\/uploads\/2022\/01\/Furna-do-Enxofre-Graciosa-Azores-364x243.jpg 364w, https:\/\/guidetotheazores.pt\/wp-content\/uploads\/2022\/01\/Furna-do-Enxofre-Graciosa-Azores-608x407.jpg 608w, https:\/\/guidetotheazores.pt\/wp-content\/uploads\/2022\/01\/Furna-do-Enxofre-Graciosa-Azores-313x209.jpg 313w, https:\/\/guidetotheazores.pt\/wp-content\/uploads\/2022\/01\/Furna-do-Enxofre-Graciosa-Azores-600x401.jpg 600w, https:\/\/guidetotheazores.pt\/wp-content\/uploads\/2022\/01\/Furna-do-Enxofre-Graciosa-Azores-150x100.jpg 150w\" sizes=\"(max-width: 800px) 100vw, 800px\" \/><p id=\"caption-attachment-7532\" class=\"wp-caption-text\">A gruta profunda da Furna do Enxofre na Graciosa<\/p><\/div><ul><li><h4>Termas do Carapacho<\/h4><\/li><\/ul><div id=\"attachment_7533\" style=\"width: 810px\" class=\"wp-caption aligncenter\"><img decoding=\"async\" aria-describedby=\"caption-attachment-7533\" class=\" wd-lazy-fade wp-image-7533\" src=\"https:\/\/guidetotheazores.pt\/wp-content\/themes\/woodmart\/images\/lazy.svg\" data-src=\"https:\/\/guidetotheazores.pt\/wp-content\/uploads\/2022\/01\/Termas-do-Carapacho-Graciosa-Azores.jpg\" alt=\"Termas do Carapacho - Graciosa - A\u00e7ores\" width=\"800\" height=\"532\" srcset=\"\" data-srcset=\"https:\/\/guidetotheazores.pt\/wp-content\/uploads\/2022\/01\/Termas-do-Carapacho-Graciosa-Azores.jpg 650w, https:\/\/guidetotheazores.pt\/wp-content\/uploads\/2022\/01\/Termas-do-Carapacho-Graciosa-Azores-300x199.jpg 300w, https:\/\/guidetotheazores.pt\/wp-content\/uploads\/2022\/01\/Termas-do-Carapacho-Graciosa-Azores-180x120.jpg 180w, https:\/\/guidetotheazores.pt\/wp-content\/uploads\/2022\/01\/Termas-do-Carapacho-Graciosa-Azores-561x373.jpg 561w, https:\/\/guidetotheazores.pt\/wp-content\/uploads\/2022\/01\/Termas-do-Carapacho-Graciosa-Azores-265x176.jpg 265w, https:\/\/guidetotheazores.pt\/wp-content\/uploads\/2022\/01\/Termas-do-Carapacho-Graciosa-Azores-531x353.jpg 531w, https:\/\/guidetotheazores.pt\/wp-content\/uploads\/2022\/01\/Termas-do-Carapacho-Graciosa-Azores-364x242.jpg 364w, https:\/\/guidetotheazores.pt\/wp-content\/uploads\/2022\/01\/Termas-do-Carapacho-Graciosa-Azores-608x404.jpg 608w, https:\/\/guidetotheazores.pt\/wp-content\/uploads\/2022\/01\/Termas-do-Carapacho-Graciosa-Azores-313x208.jpg 313w, https:\/\/guidetotheazores.pt\/wp-content\/uploads\/2022\/01\/Termas-do-Carapacho-Graciosa-Azores-600x399.jpg 600w, https:\/\/guidetotheazores.pt\/wp-content\/uploads\/2022\/01\/Termas-do-Carapacho-Graciosa-Azores-150x100.jpg 150w\" sizes=\"(max-width: 800px) 100vw, 800px\" \/><p id=\"caption-attachment-7533\" class=\"wp-caption-text\">Relaxa na \u00e1gua termal das Termas do Carapacho, Graciosa<\/p><\/div><hr><h3> <\/h3>\n\t\t\t\t\t<\/div>\n\t\t\t\t\t\t<\/div>\n\t\t\t\t<\/div>\n\t\t\t\t\t<\/div>\n\t\t<\/div>\n\t\t\t\t\t<\/div>\n\t\t<\/section>\n\t\t\t\t<section class=\"wd-negative-gap elementor-section elementor-top-section elementor-element elementor-element-403d33b1 elementor-section-boxed elementor-section-height-default elementor-section-height-default\" data-id=\"403d33b1\" data-element_type=\"section\" data-e-type=\"section\">\n\t\t\t\t\t\t<div class=\"elementor-container elementor-column-gap-default\">\n\t\t\t\t\t<div class=\"elementor-column elementor-col-100 elementor-top-column elementor-element elementor-element-4c5bf7a3\" data-id=\"4c5bf7a3\" data-element_type=\"column\" data-e-type=\"column\">\n\t\t\t<div class=\"elementor-widget-wrap elementor-element-populated\">\n\t\t\t\t\t\t<div class=\"elementor-element elementor-element-f9a3767 elementor-widget elementor-widget-wd_text_block\" data-id=\"f9a3767\" data-element_type=\"widget\" data-e-type=\"widget\" data-widget_type=\"wd_text_block.default\">\n\t\t\t\t<div class=\"elementor-widget-container\">\n\t\t\t\t\t\t\t<div class=\"wd-text-block reset-last-child text-left\">\n\t\t\t\n\t\t\t<hr><h3><b style=\"font-size: 22px; color: var(--wd-title-color); text-transform: var(--wd-title-transform); text-align: var(--text-align); background-color: var(--wd-main-bgcolor);\">Flores<\/b><\/h3><ul><li><h4>Po\u00e7o da Ribeira do Ferreiro - Faja Grande<\/h4><\/li><\/ul><div id=\"attachment_5655\" style=\"width: 810px\" class=\"wp-caption aligncenter\"><img decoding=\"async\" aria-describedby=\"caption-attachment-5655\" class=\" wd-lazy-fade wp-image-5655\" src=\"https:\/\/guidetotheazores.pt\/wp-content\/themes\/woodmart\/images\/lazy.svg\" data-src=\"https:\/\/guidetotheazores.pt\/wp-content\/uploads\/2020\/02\/Flores-Azores.jpg\" alt=\"Faj\u00e3 Grande - Flores - A\u00e7ores\" width=\"800\" height=\"536\" srcset=\"\" data-srcset=\"https:\/\/guidetotheazores.pt\/wp-content\/uploads\/2020\/02\/Flores-Azores.jpg 850w, https:\/\/guidetotheazores.pt\/wp-content\/uploads\/2020\/02\/Flores-Azores-300x201.jpg 300w, https:\/\/guidetotheazores.pt\/wp-content\/uploads\/2020\/02\/Flores-Azores-768x514.jpg 768w, https:\/\/guidetotheazores.pt\/wp-content\/uploads\/2020\/02\/Flores-Azores-180x120.jpg 180w, https:\/\/guidetotheazores.pt\/wp-content\/uploads\/2020\/02\/Flores-Azores-561x376.jpg 561w, https:\/\/guidetotheazores.pt\/wp-content\/uploads\/2020\/02\/Flores-Azores-364x244.jpg 364w, https:\/\/guidetotheazores.pt\/wp-content\/uploads\/2020\/02\/Flores-Azores-728x487.jpg 728w, https:\/\/guidetotheazores.pt\/wp-content\/uploads\/2020\/02\/Flores-Azores-608x407.jpg 608w, https:\/\/guidetotheazores.pt\/wp-content\/uploads\/2020\/02\/Flores-Azores-758x507.jpg 758w, https:\/\/guidetotheazores.pt\/wp-content\/uploads\/2020\/02\/Flores-Azores-313x210.jpg 313w, https:\/\/guidetotheazores.pt\/wp-content\/uploads\/2020\/02\/Flores-Azores-600x402.jpg 600w\" sizes=\"(max-width: 800px) 100vw, 800px\" \/><p id=\"caption-attachment-5655\" class=\"wp-caption-text\">A incr\u00edvel paisagem criada por centenas de quedas de \u00e1gua nas Flores<\/p><\/div><ul><li><h4>Ba\u00eda de Alagoa<\/h4><\/li><\/ul><div id=\"attachment_7537\" style=\"width: 810px\" class=\"wp-caption aligncenter\"><img decoding=\"async\" aria-describedby=\"caption-attachment-7537\" class=\" wd-lazy-fade wp-image-7537 size-full\" src=\"https:\/\/guidetotheazores.pt\/wp-content\/themes\/woodmart\/images\/lazy.svg\" data-src=\"https:\/\/guidetotheazores.pt\/wp-content\/uploads\/2022\/01\/Alagoa-Bay-Flores-Azores.jpg\" alt=\"Ba\u00eda de Alagoa - Flores - A\u00e7ores\" width=\"800\" height=\"530\" srcset=\"\" data-srcset=\"https:\/\/guidetotheazores.pt\/wp-content\/uploads\/2022\/01\/Alagoa-Bay-Flores-Azores.jpg 800w, https:\/\/guidetotheazores.pt\/wp-content\/uploads\/2022\/01\/Alagoa-Bay-Flores-Azores-300x199.jpg 300w, https:\/\/guidetotheazores.pt\/wp-content\/uploads\/2022\/01\/Alagoa-Bay-Flores-Azores-768x509.jpg 768w, https:\/\/guidetotheazores.pt\/wp-content\/uploads\/2022\/01\/Alagoa-Bay-Flores-Azores-180x120.jpg 180w, https:\/\/guidetotheazores.pt\/wp-content\/uploads\/2022\/01\/Alagoa-Bay-Flores-Azores-561x372.jpg 561w, https:\/\/guidetotheazores.pt\/wp-content\/uploads\/2022\/01\/Alagoa-Bay-Flores-Azores-265x176.jpg 265w, https:\/\/guidetotheazores.pt\/wp-content\/uploads\/2022\/01\/Alagoa-Bay-Flores-Azores-531x352.jpg 531w, https:\/\/guidetotheazores.pt\/wp-content\/uploads\/2022\/01\/Alagoa-Bay-Flores-Azores-364x241.jpg 364w, https:\/\/guidetotheazores.pt\/wp-content\/uploads\/2022\/01\/Alagoa-Bay-Flores-Azores-728x482.jpg 728w, https:\/\/guidetotheazores.pt\/wp-content\/uploads\/2022\/01\/Alagoa-Bay-Flores-Azores-608x403.jpg 608w, https:\/\/guidetotheazores.pt\/wp-content\/uploads\/2022\/01\/Alagoa-Bay-Flores-Azores-758x502.jpg 758w, https:\/\/guidetotheazores.pt\/wp-content\/uploads\/2022\/01\/Alagoa-Bay-Flores-Azores-313x207.jpg 313w, https:\/\/guidetotheazores.pt\/wp-content\/uploads\/2022\/01\/Alagoa-Bay-Flores-Azores-600x398.jpg 600w, https:\/\/guidetotheazores.pt\/wp-content\/uploads\/2022\/01\/Alagoa-Bay-Flores-Azores-150x99.jpg 150w\" sizes=\"(max-width: 800px) 100vw, 800px\" \/><p id=\"caption-attachment-7537\" class=\"wp-caption-text\">Ber\u00e7o dos primeiros colonos das Flores, a ba\u00eda de Alagoa \u00e9 agora um parque de campismo com uma localiza\u00e7\u00e3o deslumbrante<\/p><\/div><hr><p> <\/p>\n\t\t\t\t\t<\/div>\n\t\t\t\t\t\t<\/div>\n\t\t\t\t<\/div>\n\t\t\t\t<div class=\"elementor-element elementor-element-4e4fbdc elementor-grid-3 elementor-grid-tablet-3 elementor-grid-mobile-2 elementor-products-grid elementor-wc-products elementor-widget elementor-widget-woocommerce-products\" data-id=\"4e4fbdc\" data-element_type=\"widget\" data-e-type=\"widget\" data-widget_type=\"woocommerce-products.default\">\n\t\t\t\t<div class=\"elementor-widget-container\">\n\t\t\t\t\t<div class=\"woocommerce columns-3 \"><div class=\"wd-products-element\">\t\t\t<div class=\"wd-sticky-loader wd-content-loader\"><span class=\"wd-loader\"><\/span><\/div>\n\t\t\n<div class=\"products wd-products wd-grid-g grid-columns-4 elements-grid pagination-infinit title-line-two\" data-source=\"main_loop\" data-min_price=\"\" data-max_price=\"\" data-columns=\"4\" style=\"--wd-col-lg:4;--wd-col-md:4;--wd-col-sm:2;--wd-gap-lg:20px;--wd-gap-sm:10px;\">\n<div class=\"wd-product wd-hover-base wd-hover-with-fade wd-col product-grid-item product product-no-swatches type-product post-25140 status-publish last instock product_cat-atividades-pt-pt product_cat-flores-pt-pt product_cat-todas-as-ilhas product_cat-visitas-guiadas product_tag-ilhadaflores has-post-thumbnail taxable shipping-taxable product-type-external\" data-loop=\"14\" data-id=\"25140\">\n\t\n\t\n<div class=\"product-wrapper\">\n\t<div class=\"content-product-imagin\"><\/div>\n\t<div class=\"product-element-top wd-quick-shop\">\n\t\t<a href=\"https:\/\/guidetotheazores.pt\/pt-pt\/produto\/trilho-dos-4-lagos-com-almoco\/\" class=\"product-image-link\" tabindex=\"-1\" aria-label=\"Trilho dos 4 lagos com almo\u00e7o\">\n\t\t\t<img decoding=\"async\" width=\"300\" height=\"225\" src=\"https:\/\/guidetotheazores.pt\/wp-content\/uploads\/2026\/05\/4-Lakes-Trail-with-Lunch-Experienceoc-Guidetotheazores1-300x225.jpg\" class=\"attachment-woocommerce_thumbnail size-woocommerce_thumbnail\" alt=\"Trilho dos 4 Lagos com Almo\u00e7o-Experi\u00eanciaoc-Guia dos A\u00e7ores\" \/>\t\t<\/a>\n\n\t\t\t\t\t<div class=\"hover-img\">\n\t\t\t\t<img decoding=\"async\" width=\"300\" height=\"225\" src=\"https:\/\/guidetotheazores.pt\/wp-content\/uploads\/2026\/05\/4-Lakes-Trail-with-Lunch-Experienceoc-Guidetotheazores2-300x225.jpg\" class=\"attachment-woocommerce_thumbnail size-woocommerce_thumbnail\" alt=\"Trilho dos 4 Lagos com Almo\u00e7o-Experi\u00eanciaoc-Guia dos A\u00e7ores\" \/>\t\t\t<\/div>\n\t\t\t\n\t\t<div class=\"wrapp-swatches\"><\/div>\n\t<\/div>\n\n\t<div class=\"product-element-bottom product-information\">\n\t\t<h3 class=\"wd-entities-title\"><a href=\"https:\/\/guidetotheazores.pt\/pt-pt\/produto\/trilho-dos-4-lagos-com-almoco\/\">Trilho dos 4 lagos com almo\u00e7o<\/a><\/h3>\t\t\t\t<div class=\"product-rating-price\">\n\t\t\t<div class=\"wrapp-product-price\">\n\t\t\t\t\n        <\/a>\n                            <span class=\"details\">\n                        <a href=\"https:\/\/guidetotheazores.pt\/pt-pt\/partner\/experience-oc\/\">Experience OC<\/a>                    <\/span>\n            \t\t\t\t\t\t\t<\/div>\n\t\t<\/div>\n\t\t\t\t<div class=\"fade-in-block wd-scroll\">\n\t\t\t<div class=\"hover-content wd-more-desc\">\n\t\t\t\t<div class=\"hover-content-inner wd-more-desc-inner\">\n\t\t\t\t\tEste percurso leva-te ao planalto central, onde a natureza se revela na sua forma mais pura.\n\nCome\u00e7amos no miradouro das Lagoas Negra e Comprida, que oferece uma vista deslumbrante de duas das paisagens mais famosas da ilha. De seguida, dirigimo-nos para a Lagoa Seca e Lagoa Branca, uma zona tranquila e repleta de aves migrat\u00f3rias e aut\u00f3ctones. \n\n<script src=\"https:\/\/fareharbor.com\/embeds\/script\/calendar\/experienceoc\/items\/127182\/?asn=fhdn-eur&amp;asn-ref=guidetotheazores&amp;ref=guidetotheazores&amp;bookable-only=yes&amp;full-items=yes&amp;marketplace=yes&amp;flow=no&amp;branding=no\"><\/script>\n\nDura\u00e7\u00e3o: 4 horas\n\nPonto de encontro: Experimenta OC\n\nCancelamentos: cancelamentos efectuados com menos de 72 horas de anteced\u00eancia - ser\u00e1 cobrado 100% do valor total\t\t\t\t<\/div>\n\t\t\t\t<a href=\"#\" rel=\"nofollow\" class=\"wd-more-desc-btn\" aria-label=\"Read more description\"><\/a>\n\t\t\t<\/div>\n\t\t\t<div class=\" wd-bottom-actions\">\n\t\t\t\t<div class=\"wrap-wishlist-button\"><\/div>\n\t\t\t\t<div class=\"wd-add-btn wd-add-btn-replace\">\n\t\t\t\t\t<a href=\"\" aria-describedby=\"woocommerce_loop_add_to_cart_link_describedby_25140\" data-quantity=\"1\" class=\"button product_type_external add-to-cart-loop\" data-product_id=\"25140\" data-product_sku=\"\" aria-label=\"Comprar &ldquo;Trilho dos 4 lagos com almo\u00e7o&rdquo;\" rel=\"nofollow\"><span>Comprar produto<\/span><\/a>\t<span id=\"woocommerce_loop_add_to_cart_link_describedby_25140\" class=\"screen-reader-text\">\n\t\t\t<\/span>\n\t\t\t\t\t\t\t\t\t\t\t\t\t\t\t\t\t\t\t\t<\/div>\n\t\t\t\t<div class=\"wrap-quickview-button\"><\/div>\n\t\t\t<\/div>\n\n\t\t\t\t\t\t\n\t\t\t\t\t<\/div>\n\t<\/div>\n<\/div>\n<\/div>\n<div class=\"wd-product wd-hover-base wd-hover-with-fade wd-col product-grid-item product product-no-swatches type-product post-14220 status-publish first instock product_cat-alojamento product_cat-alojamento-local-pt-pt product_cat-flores-pt-pt product_cat-todas-as-ilhas product_tag-ilhadaflores has-post-thumbnail virtual sold-individually taxable purchasable product-type-phive_booking\" data-loop=\"15\" data-id=\"14220\">\n\t\n\t\n<div class=\"product-wrapper\">\n\t<div class=\"content-product-imagin\"><\/div>\n\t<div class=\"product-element-top wd-quick-shop\">\n\t\t<a href=\"https:\/\/guidetotheazores.pt\/pt-pt\/produto\/casa-atlantida-t1mar\/\" class=\"product-image-link\" tabindex=\"-1\" aria-label=\"Casa do Mar &#8211; Flores\">\n\t\t\t<img decoding=\"async\" width=\"300\" height=\"225\" src=\"https:\/\/guidetotheazores.pt\/wp-content\/uploads\/2024\/02\/3-2-300x225.jpg\" class=\"attachment-woocommerce_thumbnail size-woocommerce_thumbnail\" alt=\"\" srcset=\"https:\/\/guidetotheazores.pt\/wp-content\/uploads\/2024\/02\/3-2-300x225.jpg 300w, https:\/\/guidetotheazores.pt\/wp-content\/uploads\/2024\/02\/3-2-600x450.jpg 600w\" sizes=\"(max-width: 300px) 100vw, 300px\">\t\t<\/a>\n\n\t\t\t\t\t<div class=\"hover-img\">\n\t\t\t\t<img decoding=\"async\" width=\"300\" height=\"225\" src=\"https:\/\/guidetotheazores.pt\/wp-content\/uploads\/2024\/02\/2-300x225.jpg\" class=\"attachment-woocommerce_thumbnail size-woocommerce_thumbnail\" alt=\"Casa Atlantida - Guide to the Azores - Flores\" srcset=\"https:\/\/guidetotheazores.pt\/wp-content\/uploads\/2024\/02\/2-300x225.jpg 300w, https:\/\/guidetotheazores.pt\/wp-content\/uploads\/2024\/02\/2-600x450.jpg 600w\" sizes=\"(max-width: 300px) 100vw, 300px\" \/>\t\t\t<\/div>\n\t\t\t\n\t\t<div class=\"wrapp-swatches\"><\/div>\n\t<\/div>\n\n\t<div class=\"product-element-bottom product-information\">\n\t\t<h3 class=\"wd-entities-title\"><a href=\"https:\/\/guidetotheazores.pt\/pt-pt\/produto\/casa-atlantida-t1mar\/\">Casa do Mar &#8211; Flores<\/a><\/h3>\t\t\t\t<div class=\"product-rating-price\">\n\t\t\t<div class=\"wrapp-product-price\">\n\t\t\t\t\n\t<span class=\"price\"><span class=\"woocommerce-Price-amount amount\"><bdi><span class=\"woocommerce-Price-currencySymbol\">&euro;<\/span>130.00<\/bdi><\/span>&nbsp;<span class = \"ph-bookings-display-cost-suffix\">From<\/span><\/span>\n        <\/a>\n                            <span class=\"details\">\n                        <a href=\"https:\/\/guidetotheazores.pt\/pt-pt\/partner\/casa-atlantida\/\">Casa Atlantida<\/a>                    <\/span>\n            \t\t\t\t\t\t\t<\/div>\n\t\t<\/div>\n\t\t\t\t<div class=\"fade-in-block wd-scroll\">\n\t\t\t<div class=\"hover-content wd-more-desc\">\n\t\t\t\t<div class=\"hover-content-inner wd-more-desc-inner\">\n\t\t\t\t\tA \"Casa do Mar\" \u00e9 uma casa de pedra com vista panor\u00e2mica sobre o oceano e o p\u00f4r do sol, com acesso direto ao mar.\n\nTem um quarto com vista para o mar, uma sala de estar com uma cama individual e televis\u00e3o, uma casa de banho e uma cozinha equipada (m\u00e1quina de lavar loi\u00e7a e utens\u00edlios dom\u00e9sticos). A roupa de cama e as toalhas s\u00e3o fornecidas.\n\nPedimos-te que pagues 25 euros por pessoa no momento do check-in para impostos e taxas n\u00e3o inclu\u00eddos.\n\nA casa \u00e9 nova e est\u00e1 decorada de forma acolhedora\t\t\t\t<\/div>\n\t\t\t\t<a href=\"#\" rel=\"nofollow\" class=\"wd-more-desc-btn\" aria-label=\"Read more description\"><\/a>\n\t\t\t<\/div>\n\t\t\t<div class=\" wd-bottom-actions\">\n\t\t\t\t<div class=\"wrap-wishlist-button\"><\/div>\n\t\t\t\t<div class=\"wd-add-btn wd-add-btn-replace\">\n\t\t\t\t\t<a href=\"https:\/\/guidetotheazores.pt\/pt-pt\/produto\/casa-atlantida-t1mar\/\" aria-describedby=\"woocommerce_loop_add_to_cart_link_describedby_14220\" data-quantity=\"1\" class=\"button product_type_phive_booking add_to_cart_button add-to-cart-loop\" data-product_id=\"14220\" data-product_sku=\"\" aria-label=\"Leia mais sobre &ldquo;Casa do Mar - Flores&rdquo;\" rel=\"nofollow\"><span>Reservar Agora<\/span><\/a>\t<span id=\"woocommerce_loop_add_to_cart_link_describedby_14220\" class=\"screen-reader-text\">\n\t\t\t<\/span>\n\t\t\t\t\t\t\t\t\t\t\t\t\t\t\t\t\t\t\t\t<\/div>\n\t\t\t\t<div class=\"wrap-quickview-button\"><\/div>\n\t\t\t<\/div>\n\n\t\t\t\t\t\t\n\t\t\t\t\t<\/div>\n\t<\/div>\n<\/div>\n<\/div>\n<div class=\"wd-product wd-hover-base wd-hover-with-fade wd-col product-grid-item product product-no-swatches type-product post-25144 status-publish instock product_cat-atividades-pt-pt product_cat-flores-pt-pt product_cat-todas-as-ilhas product_cat-visitas-guiadas product_tag-ilhadaflores has-post-thumbnail taxable shipping-taxable product-type-external\" data-loop=\"16\" data-id=\"25144\">\n\t\n\t\n<div class=\"product-wrapper\">\n\t<div class=\"content-product-imagin\"><\/div>\n\t<div class=\"product-element-top wd-quick-shop\">\n\t\t<a href=\"https:\/\/guidetotheazores.pt\/pt-pt\/produto\/experiencia-extrema-nas-cascatas-com-piquenique\/\" class=\"product-image-link\" tabindex=\"-1\" aria-label=\"Experi\u00eancia extrema nas cascatas com piquenique\">\n\t\t\t<img decoding=\"async\" width=\"300\" height=\"225\" src=\"https:\/\/guidetotheazores.pt\/wp-content\/uploads\/2026\/05\/Extreme-Waterfalls-Experience-with-Picnic-Experienceoc-Guidetotheazores-300x225.webp\" class=\"attachment-woocommerce_thumbnail size-woocommerce_thumbnail\" alt=\"Experi\u00eancia extrema nas cascatas com piquenique-Experienceoc-Guidetotheazores\" \/>\t\t<\/a>\n\n\t\t\t\t\t<div class=\"hover-img\">\n\t\t\t\t<img decoding=\"async\" width=\"300\" height=\"225\" src=\"https:\/\/guidetotheazores.pt\/wp-content\/uploads\/2026\/05\/Extreme-Waterfalls-Experience-with-Picnic-Experienceoc-Guidetotheazores-300x225.webp\" class=\"attachment-woocommerce_thumbnail size-woocommerce_thumbnail\" alt=\"Experi\u00eancia extrema nas cascatas com piquenique-Experienceoc-Guidetotheazores\" \/>\t\t\t<\/div>\n\t\t\t\n\t\t<div class=\"wrapp-swatches\"><\/div>\n\t<\/div>\n\n\t<div class=\"product-element-bottom product-information\">\n\t\t<h3 class=\"wd-entities-title\"><a href=\"https:\/\/guidetotheazores.pt\/pt-pt\/produto\/experiencia-extrema-nas-cascatas-com-piquenique\/\">Experi\u00eancia extrema nas cascatas com piquenique<\/a><\/h3>\t\t\t\t<div class=\"product-rating-price\">\n\t\t\t<div class=\"wrapp-product-price\">\n\t\t\t\t\n        <\/a>\n                            <span class=\"details\">\n                        <a href=\"https:\/\/guidetotheazores.pt\/pt-pt\/partner\/experience-oc\/\">Experience OC<\/a>                    <\/span>\n            \t\t\t\t\t\t\t<\/div>\n\t\t<\/div>\n\t\t\t\t<div class=\"fade-in-block wd-scroll\">\n\t\t\t<div class=\"hover-content wd-more-desc\">\n\t\t\t\t<div class=\"hover-content-inner wd-more-desc-inner\">\n\t\t\t\t\tUm trilho desafiante que te leva \u00e0s cascatas escondidas da Ilha das Flores, reconhecidas pelo Turismo de Portugal mas pouco visitadas pelos turistas. Acompanhado por guias locais, seguir\u00e1s por caminhos menos conhecidos, parando para te banhares na paisagem natural \u00fanica do Atl\u00e2ntico Norte. \n\n<script src=\"https:\/\/fareharbor.com\/embeds\/script\/calendar\/experienceoc\/items\/277532\/?asn=fhdn-eur&amp;asn-ref=guidetotheazores&amp;ref=guidetotheazores&amp;bookable-only=yes&amp;full-items=yes&amp;marketplace=yes&amp;flow=no&amp;branding=no\"><\/script>\n\nDura\u00e7\u00e3o: 6 horas\n\nPonto de encontro: Experimenta a loja OC\n\nCancelamentos: cancelamentos efectuados com menos de 72 horas de anteced\u00eancia: ser\u00e1 cobrado 100% do montante total\n\nIdade: 16+\t\t\t\t<\/div>\n\t\t\t\t<a href=\"#\" rel=\"nofollow\" class=\"wd-more-desc-btn\" aria-label=\"Read more description\"><\/a>\n\t\t\t<\/div>\n\t\t\t<div class=\" wd-bottom-actions\">\n\t\t\t\t<div class=\"wrap-wishlist-button\"><\/div>\n\t\t\t\t<div class=\"wd-add-btn wd-add-btn-replace\">\n\t\t\t\t\t<a href=\"\" aria-describedby=\"woocommerce_loop_add_to_cart_link_describedby_25144\" data-quantity=\"1\" class=\"button product_type_external add-to-cart-loop\" data-product_id=\"25144\" data-product_sku=\"\" aria-label=\"Comprar &ldquo;Experi\u00eancia extrema nas cascatas com piquenique&rdquo;\" rel=\"nofollow\"><span>Comprar produto<\/span><\/a>\t<span id=\"woocommerce_loop_add_to_cart_link_describedby_25144\" class=\"screen-reader-text\">\n\t\t\t<\/span>\n\t\t\t\t\t\t\t\t\t\t\t\t\t\t\t\t\t\t\t\t<\/div>\n\t\t\t\t<div class=\"wrap-quickview-button\"><\/div>\n\t\t\t<\/div>\n\n\t\t\t\t\t\t\n\t\t\t\t\t<\/div>\n\t<\/div>\n<\/div>\n<\/div>\n<\/div>\n<\/div><\/div>\t\t\t\t<\/div>\n\t\t\t\t<\/div>\n\t\t\t\t<div class=\"elementor-element elementor-element-5078deb9 color-scheme-inherit text-left elementor-widget elementor-widget-text-editor\" data-id=\"5078deb9\" data-element_type=\"widget\" data-e-type=\"widget\" data-widget_type=\"text-editor.default\">\n\t\t\t\t<div class=\"elementor-widget-container\">\n\t\t\t\t\t\t\t\t\t<div class=\"mceTemp\"> <\/div><hr><h2> <\/h2><h2>Itiner\u00e1rios<\/h2><p>Ent\u00e3o, se tens pouco tempo para as tuas f\u00e9rias, qual \u00e9 a melhor ilha dos A\u00e7ores para visitar? Qual o grupo de ilhas que deves visitar? A resposta est\u00e1 basicamente no tempo que tens para as tuas f\u00e9rias<\/p><h3> <\/h3><h3>7 dias: S\u00e3o Miguel<\/h3><p><span style=\"font-family: 'Exo 2', sans-serif; font-size: 16px; font-style: normal; font-weight: 400; color: var( --e-global-color-text ); text-align: var(--text-align); background-color: var(--wd-main-bgcolor);\">S\u00e3o Miguel \u00e9 suficientemente grande e tem muitas atrac\u00e7\u00f5es para ser considerada uma op\u00e7\u00e3o em si mesma. A ilha oferece suficientes coisas para ver e fazer para valer a pena ser explorada durante uma semana ou mais. \u00c9 de longe a rota mais f\u00e1cil, porque h\u00e1 voos directos de v\u00e1rias cidades europeias e americanas.<\/span><\/p><hr><h3> <\/h3><h3>7 dias: O Grupo Ocidental<\/h3><p><span style=\"font-family: 'Exo 2', sans-serif; font-size: 16px; font-style: normal; font-weight: 400; color: var( --e-global-color-text ); text-align: var(--text-align); background-color: var(--wd-main-bgcolor);\">Dada a dist\u00e2ncia a que se encontra o grupo ocidental (Flores e Corvo) e a relativa pouca frequ\u00eancia de voos das outras ilhas, esta \u00e9 uma viagem separada que deve ser planeada. A partir de Ponta Delgada podes voar para as Flores ou para o Corvo.<\/span><\/p><hr><h3> <\/h3><h3>10 a 15 dias: O Tri\u00e2ngulo<\/h3><p><span style=\"font-family: 'Exo 2', sans-serif; font-size: 16px; font-style: normal; font-weight: 400; color: var( --e-global-color-text ); text-align: var(--text-align); background-color: var(--wd-main-bgcolor);\">O chamado tri\u00e2ngulo compreende o Faial, o Pico e S\u00e3o Jorge. em 10 a 15 dias ou mais, podes visitar e desfrutar das tr\u00eas ilhas e, o melhor de tudo, podes faz\u00ea-lo sem voos adicionais, porque as tr\u00eas ilhas est\u00e3o ligadas por um servi\u00e7o de ferry durante todo o ano.<\/span><\/p><p>Este passeio pode ser feito com uma viagem de ida e volta de Lisboa para o Faial, a partir daqui podes deslocar-te entre as tr\u00eas ilhas utilizando o servi\u00e7o de ferry da Atlantico Line (Faial-Pico 20 min, Pico- S\u00e3o Jorge 1 hora e meia)<\/p><hr><h3> <\/h3><h3>10 a 15 dias: Grupo Oriental + Terceira<\/h3><p><span style=\"font-family: 'Exo 2', sans-serif; font-size: 16px; font-style: normal; font-weight: 400; color: var( --e-global-color-text ); text-align: var(--text-align); background-color: var(--wd-main-bgcolor);\">O grupo oriental \u00e9 constitu\u00eddo por S\u00e3o Miguel e Santa Maria, sendo que a Terceira faz parte do grupo central, mas a frequ\u00eancia de voos entre estas tr\u00eas ilhas faz com que seja um circuito por si s\u00f3 a realizar em 10 a 15 dias. H\u00e1 voos di\u00e1rios entre as ilhas.<\/span><\/p><hr><h3> <\/h3><h3>20 dias: O Grupo Central<\/h3><p><span style=\"font-family: 'Exo 2', sans-serif; font-size: 16px; font-style: normal; font-weight: 400; color: var( --e-global-color-text ); text-align: var(--text-align); background-color: var(--wd-main-bgcolor);\">O &#8220;Grupo Central&#8221; \u00e9 basicamente o &#8220;Tri\u00e2ngulo&#8221; com a adi\u00e7\u00e3o da Terceira e da Graciosa. Durante o ver\u00e3o (de junho a outubro) h\u00e1 servi\u00e7os regulares de ferry entre todas elas, o que te d\u00e1 a oportunidade de explorar 5 ilhas em 20 dias ou mais, sem voos adicionais. No entanto, o ferry que faz a liga\u00e7\u00e3o entre a Graciosa e a Terceira (Linha Branca) funciona duas vezes por semana (segunda e sexta-feira), pelo que a viagem tem de ser cuidadosamente planeada. No entanto, se perderes um ferry, ter\u00e1s a possibilidade de fazer um percurso de avi\u00e3o. Os voos entre as ilhas custam normalmente 60 a 80 euros por trajeto.<\/span><\/p><h3>30 dias ou mais: Todos os nove saltos pelas ilhas dos A\u00e7ores<\/h3><p><span style=\"font-family: 'Exo 2', sans-serif; font-size: 16px; font-style: normal; font-weight: 400; color: var( --e-global-color-text ); text-align: var(--text-align); background-color: var(--wd-main-bgcolor);\">Dado que cada ilha tem o seu pr\u00f3prio <\/span><a style=\"font-family: &#039;Exo 2&#039;, sans-serif; font-size: 16px; font-style: normal; font-weight: 400; text-align: var(--text-align); background-color: var(--wd-main-bgcolor);\" href=\"https:\/\/en.wikipedia.org\/wiki\/Category:Airports_in_the_Azores\" target=\"_blank\" rel=\"noopener\">aeroporto<\/a><span style=\"font-family: 'Exo 2', sans-serif; font-size: 16px; font-style: normal; font-weight: 400; color: var( --e-global-color-text ); text-align: var(--text-align); background-color: var(--wd-main-bgcolor);\">embora muito pequenas em alguns casos, \u00e9 perfeitamente poss\u00edvel planear uma viagem por todas as 9 ilhas, combinando voos e ferries (onde e quando poss\u00edvel). Devido aos muitos transbordos e desafios log\u00edsticos, esta viagem precisa de pelo menos um m\u00eas (ou mais) para ser vi\u00e1vel.<\/span><\/p><h2>Ent\u00e3o, qual \u00e9 a melhor ilha dos A\u00e7ores?<\/h2><p>\u00c9 provavelmente imposs\u00edvel responder, uma vez que cada ilha tem peculiaridades e atrac\u00e7\u00f5es que te deixar\u00e3o sem palavras, e uma cultura e tradi\u00e7\u00f5es muito particulares e diferentes umas das outras. De qualquer forma, para aqueles que j\u00e1 estiveram neste arquip\u00e9lago paradis\u00edaco, convidamos-te a participar na sondagem e a dizer-nos qual \u00e9 a <a href=\"https:\/\/guidetotheazores.pt\/uploads_poll\/what-is-your-favourite-island-in-the-azores\/\">melhor ilha dos A\u00e7ores!<\/a><\/p>\t\t\t\t\t\t\t\t<\/div>\n\t\t\t\t<\/div>\n\t\t\t\t<div class=\"elementor-element elementor-element-4edc470 elementor-grid-3 elementor-grid-tablet-3 elementor-grid-mobile-2 elementor-products-grid elementor-wc-products elementor-widget elementor-widget-woocommerce-products\" data-id=\"4edc470\" data-element_type=\"widget\" data-e-type=\"widget\" data-widget_type=\"woocommerce-products.default\">\n\t\t\t\t<div class=\"elementor-widget-container\">\n\t\t\t\t\t<div class=\"woocommerce columns-3 \"><div class=\"wd-products-element\">\t\t\t<div class=\"wd-sticky-loader wd-content-loader\"><span class=\"wd-loader\"><\/span><\/div>\n\t\t\n<div class=\"products wd-products wd-grid-g grid-columns-4 elements-grid pagination-infinit title-line-two\" data-source=\"main_loop\" data-min_price=\"\" data-max_price=\"\" data-columns=\"4\" style=\"--wd-col-lg:4;--wd-col-md:4;--wd-col-sm:2;--wd-gap-lg:20px;--wd-gap-sm:10px;\">\n<div class=\"wd-product wd-hover-base wd-hover-with-fade wd-col product-grid-item product product-no-swatches type-product post-13586 status-publish last instock product_cat-alojamento product_cat-alojamento-local-pt-pt product_cat-faial-pt-pt product_cat-todas-as-ilhas product_tag-ilhadofaial has-post-thumbnail virtual sold-individually taxable purchasable product-type-phive_booking\" data-loop=\"17\" data-id=\"13586\">\n\t\n\t\n<div class=\"product-wrapper\">\n\t<div class=\"content-product-imagin\"><\/div>\n\t<div class=\"product-element-top wd-quick-shop\">\n\t\t<a href=\"https:\/\/guidetotheazores.pt\/pt-pt\/produto\/quarto-triplo-com-casa-de-banho-privativa-e-cozinha\/\" class=\"product-image-link\" tabindex=\"-1\" aria-label=\"Quarto triplo com casa de banho privativa e cozinha\">\n\t\t\t<img decoding=\"async\" width=\"300\" height=\"225\" src=\"https:\/\/guidetotheazores.pt\/wp-content\/uploads\/2024\/02\/Mar-Rosa-Guide-to-the-Azores-IX-300x225.jpg\" class=\"attachment-woocommerce_thumbnail size-woocommerce_thumbnail\" alt=\"Mar Rosa - Guide to the Azores\" srcset=\"https:\/\/guidetotheazores.pt\/wp-content\/uploads\/2024\/02\/Mar-Rosa-Guide-to-the-Azores-IX-300x225.jpg 300w, https:\/\/guidetotheazores.pt\/wp-content\/uploads\/2024\/02\/Mar-Rosa-Guide-to-the-Azores-IX-600x450.jpg 600w\" sizes=\"(max-width: 300px) 100vw, 300px\" \/>\t\t<\/a>\n\n\t\t\t\t\t<div class=\"hover-img\">\n\t\t\t\t<img decoding=\"async\" width=\"300\" height=\"225\" src=\"https:\/\/guidetotheazores.pt\/wp-content\/uploads\/2024\/02\/dff61645-49b1-4f4a-bded-e53d6317b67d-300x225.jpg\" class=\"attachment-woocommerce_thumbnail size-woocommerce_thumbnail\" alt=\"\" srcset=\"https:\/\/guidetotheazores.pt\/wp-content\/uploads\/2024\/02\/dff61645-49b1-4f4a-bded-e53d6317b67d-300x225.jpg 300w, https:\/\/guidetotheazores.pt\/wp-content\/uploads\/2024\/02\/dff61645-49b1-4f4a-bded-e53d6317b67d-600x450.jpg 600w\" sizes=\"(max-width: 300px) 100vw, 300px\">\t\t\t<\/div>\n\t\t\t\n\t\t<div class=\"wrapp-swatches\"><\/div>\n\t<\/div>\n\n\t<div class=\"product-element-bottom product-information\">\n\t\t<h3 class=\"wd-entities-title\"><a href=\"https:\/\/guidetotheazores.pt\/pt-pt\/produto\/quarto-triplo-com-casa-de-banho-privativa-e-cozinha\/\">Quarto triplo com casa de banho privativa e cozinha<\/a><\/h3>\t\t\t\t<div class=\"product-rating-price\">\n\t\t\t<div class=\"wrapp-product-price\">\n\t\t\t\t\n\t<span class=\"price\"><span class=\"woocommerce-Price-amount amount\"><bdi><span class=\"woocommerce-Price-currencySymbol\">&euro;<\/span>72.00<\/bdi><\/span><\/span>\n        <\/a>\n                            <span class=\"details\">\n                        <a href=\"https:\/\/guidetotheazores.pt\/pt-pt\/partner\/mar-rosa\/\">Mar Rosa<\/a>                    <\/span>\n            \t\t\t\t\t\t\t<\/div>\n\t\t<\/div>\n\t\t\t\t<div class=\"fade-in-block wd-scroll\">\n\t\t\t<div class=\"hover-content wd-more-desc\">\n\t\t\t\t<div class=\"hover-content-inner wd-more-desc-inner\">\n\t\t\t\t\tQuarto triplo com uma cama de casal e uma cama individual no quarto cont\u00edguo. Este quarto tamb\u00e9m tem uma casa de banho privativa com um chuveiro italiano, bem como uma cozinha no p\u00e1tio em frente ao quarto\t\t\t\t<\/div>\n\t\t\t\t<a href=\"#\" rel=\"nofollow\" class=\"wd-more-desc-btn\" aria-label=\"Read more description\"><\/a>\n\t\t\t<\/div>\n\t\t\t<div class=\" wd-bottom-actions\">\n\t\t\t\t<div class=\"wrap-wishlist-button\"><\/div>\n\t\t\t\t<div class=\"wd-add-btn wd-add-btn-replace\">\n\t\t\t\t\t<a href=\"https:\/\/guidetotheazores.pt\/pt-pt\/produto\/quarto-triplo-com-casa-de-banho-privativa-e-cozinha\/\" aria-describedby=\"woocommerce_loop_add_to_cart_link_describedby_13586\" data-quantity=\"1\" class=\"button product_type_phive_booking add_to_cart_button add-to-cart-loop\" data-product_id=\"13586\" data-product_sku=\"\" aria-label=\"Leia mais sobre &ldquo;Quarto triplo com casa de banho privativa e cozinha&rdquo;\" rel=\"nofollow\"><span>Reservar Agora<\/span><\/a>\t<span id=\"woocommerce_loop_add_to_cart_link_describedby_13586\" class=\"screen-reader-text\">\n\t\t\t<\/span>\n\t\t\t\t\t\t\t\t\t\t\t\t\t\t\t\t\t\t\t\t<\/div>\n\t\t\t\t<div class=\"wrap-quickview-button\"><\/div>\n\t\t\t<\/div>\n\n\t\t\t\t\t\t\n\t\t\t\t\t<\/div>\n\t<\/div>\n<\/div>\n<\/div>\n<div class=\"wd-product wd-hover-base wd-hover-with-fade wd-col product-grid-item product product-no-swatches type-product post-13213 status-publish first instock product_cat-alojamento product_cat-alojamento-local-pt-pt product_cat-terceira-pt-pt product_cat-todas-as-ilhas product_tag-ilhaterceira has-post-thumbnail virtual sold-individually taxable purchasable product-type-phive_booking\" data-loop=\"18\" data-id=\"13213\">\n\t\n\t\n<div class=\"product-wrapper\">\n\t<div class=\"content-product-imagin\"><\/div>\n\t<div class=\"product-element-top wd-quick-shop\">\n\t\t<a href=\"https:\/\/guidetotheazores.pt\/pt-pt\/produto\/o-refugio-patio-bbq-100-privado-espacoso-e-sereno-%e2%9b%b1\/\" class=\"product-image-link\" tabindex=\"-1\" aria-label=\"O Ref\u00fagio &#8211; P\u00e1tio &amp; BBQ | 100% privado | Espa\u00e7oso e tranquilo \u26f1\">\n\t\t\t<img decoding=\"async\" width=\"300\" height=\"225\" src=\"https:\/\/guidetotheazores.pt\/wp-content\/uploads\/2024\/02\/O-Refugio-Guide-to-the-Azores-family-room-squared-300x225.jpg\" class=\"attachment-woocommerce_thumbnail size-woocommerce_thumbnail\" alt=\"O Refugio - Guide to the Azores - family-room-squared\" srcset=\"https:\/\/guidetotheazores.pt\/wp-content\/uploads\/2024\/02\/O-Refugio-Guide-to-the-Azores-family-room-squared-300x225.jpg 300w, https:\/\/guidetotheazores.pt\/wp-content\/uploads\/2024\/02\/O-Refugio-Guide-to-the-Azores-family-room-squared-600x450.jpg 600w\" sizes=\"(max-width: 300px) 100vw, 300px\" \/>\t\t<\/a>\n\n\t\t\t\t\t<div class=\"hover-img\">\n\t\t\t\t<img decoding=\"async\" width=\"300\" height=\"225\" src=\"https:\/\/guidetotheazores.pt\/wp-content\/uploads\/2024\/02\/O-Refugio-Guide-to-the-Azores-wood-bench-300x225.jpg\" class=\"attachment-woocommerce_thumbnail size-woocommerce_thumbnail\" alt=\"O Refugio - Guide to the Azores - bancada de madeira\" srcset=\"https:\/\/guidetotheazores.pt\/wp-content\/uploads\/2024\/02\/O-Refugio-Guide-to-the-Azores-wood-bench-300x225.jpg 300w, https:\/\/guidetotheazores.pt\/wp-content\/uploads\/2024\/02\/O-Refugio-Guide-to-the-Azores-wood-bench-600x450.jpg 600w\" sizes=\"(max-width: 300px) 100vw, 300px\" \/>\t\t\t<\/div>\n\t\t\t\n\t\t<div class=\"wrapp-swatches\"><\/div>\n\t<\/div>\n\n\t<div class=\"product-element-bottom product-information\">\n\t\t<h3 class=\"wd-entities-title\"><a href=\"https:\/\/guidetotheazores.pt\/pt-pt\/produto\/o-refugio-patio-bbq-100-privado-espacoso-e-sereno-%e2%9b%b1\/\">O Ref\u00fagio &#8211; P\u00e1tio &amp; BBQ | 100% privado | Espa\u00e7oso e tranquilo \u26f1<\/a><\/h3>\t\t\t\t<div class=\"product-rating-price\">\n\t\t\t<div class=\"wrapp-product-price\">\n\t\t\t\t\n\t<span class=\"price\"><span class=\"woocommerce-Price-amount amount\"><bdi><span class=\"woocommerce-Price-currencySymbol\">&euro;<\/span>80.00<\/bdi><\/span><\/span>\n        <\/a>\n                            <span class=\"details\">\n                        <a href=\"https:\/\/guidetotheazores.pt\/pt-pt\/partner\/o-refugio\/\">O Ref\u00fagio<\/a>                    <\/span>\n            \t\t\t\t\t\t\t<\/div>\n\t\t<\/div>\n\t\t\t\t<div class=\"fade-in-block wd-scroll\">\n\t\t\t<div class=\"hover-content wd-more-desc\">\n\t\t\t\t<div class=\"hover-content-inner wd-more-desc-inner\">\n\t\t\t\t\tNo Ref\u00fagio, vais sentir-te em casa. Gostamos de espa\u00e7os confort\u00e1veis, calmos e rodeados pela natureza e deix\u00e1mos isso transparecer nos nossos alojamentos.\n\nM\u00e1ximo 3 pessoas\t\t\t\t<\/div>\n\t\t\t\t<a href=\"#\" rel=\"nofollow\" class=\"wd-more-desc-btn\" aria-label=\"Read more description\"><\/a>\n\t\t\t<\/div>\n\t\t\t<div class=\" wd-bottom-actions\">\n\t\t\t\t<div class=\"wrap-wishlist-button\"><\/div>\n\t\t\t\t<div class=\"wd-add-btn wd-add-btn-replace\">\n\t\t\t\t\t<a href=\"https:\/\/guidetotheazores.pt\/pt-pt\/produto\/o-refugio-patio-bbq-100-privado-espacoso-e-sereno-%e2%9b%b1\/\" aria-describedby=\"woocommerce_loop_add_to_cart_link_describedby_13213\" data-quantity=\"1\" class=\"button product_type_phive_booking add_to_cart_button add-to-cart-loop\" data-product_id=\"13213\" data-product_sku=\"\" aria-label=\"Leia mais sobre &ldquo;O Ref\u00fagio - P\u00e1tio &amp; BBQ | 100% privado | Espa\u00e7oso e tranquilo \u26f1&rdquo;\" rel=\"nofollow\"><span>Reservar Agora<\/span><\/a>\t<span id=\"woocommerce_loop_add_to_cart_link_describedby_13213\" class=\"screen-reader-text\">\n\t\t\t<\/span>\n\t\t\t\t\t\t\t\t\t\t\t\t\t\t\t\t\t\t\t\t<\/div>\n\t\t\t\t<div class=\"wrap-quickview-button\"><\/div>\n\t\t\t<\/div>\n\n\t\t\t\t\t\t\n\t\t\t\t\t<\/div>\n\t<\/div>\n<\/div>\n<\/div>\n<div class=\"wd-product wd-hover-base wd-hover-with-fade wd-col product-grid-item product product-no-swatches type-product post-25345 status-publish instock product_cat-atividades-pt-pt product_cat-sao-miguel-pt-pt product_cat-todas-as-ilhas product_cat-visitas-guiadas product_tag-ilhasaomiguel has-post-thumbnail taxable shipping-taxable product-type-external\" data-loop=\"19\" data-id=\"25345\">\n\t\n\t\n<div class=\"product-wrapper\">\n\t<div class=\"content-product-imagin\"><\/div>\n\t<div class=\"product-element-top wd-quick-shop\">\n\t\t<a href=\"https:\/\/guidetotheazores.pt\/pt-pt\/produto\/furnas-night-experience\/\" class=\"product-image-link\" tabindex=\"-1\" aria-label=\"Furnas Night Experience\">\n\t\t\t<img decoding=\"async\" width=\"300\" height=\"225\" src=\"https:\/\/guidetotheazores.pt\/wp-content\/uploads\/2026\/05\/Furnas-Night-Experience_Into-the-Wild-Guidetotheazores-300x225.webp\" class=\"attachment-woocommerce_thumbnail size-woocommerce_thumbnail\" alt=\"Furnas Night Experience_Into the Wild-Guidetotheazores\" \/>\t\t<\/a>\n\n\t\t\t\t\t<div class=\"hover-img\">\n\t\t\t\t<img decoding=\"async\" width=\"300\" height=\"225\" src=\"https:\/\/guidetotheazores.pt\/wp-content\/uploads\/2026\/05\/Furnas-Night-Experience_Into-the-Wild-Guidetotheazores-300x225.webp\" class=\"attachment-woocommerce_thumbnail size-woocommerce_thumbnail\" alt=\"Furnas Night Experience_Into the Wild-Guidetotheazores\" \/>\t\t\t<\/div>\n\t\t\t\n\t\t<div class=\"wrapp-swatches\"><\/div>\n\t<\/div>\n\n\t<div class=\"product-element-bottom product-information\">\n\t\t<h3 class=\"wd-entities-title\"><a href=\"https:\/\/guidetotheazores.pt\/pt-pt\/produto\/furnas-night-experience\/\">Furnas Night Experience<\/a><\/h3>\t\t\t\t<div class=\"product-rating-price\">\n\t\t\t<div class=\"wrapp-product-price\">\n\t\t\t\t\n        <\/a>\n                            <span class=\"details\">\n                        <a href=\"https:\/\/guidetotheazores.pt\/pt-pt\/partner\/into-the-wild-azores\/\">Into the Wild Azores<\/a>                    <\/span>\n            \t\t\t\t\t\t\t<\/div>\n\t\t<\/div>\n\t\t\t\t<div class=\"fade-in-block wd-scroll\">\n\t\t\t<div class=\"hover-content wd-more-desc\">\n\t\t\t\t<div class=\"hover-content-inner wd-more-desc-inner\">\n\t\t\t\t\tAssiste e banha o teu corpo nas \u00e1guas termais geot\u00e9rmicas do Vale das Furnas \u00e0 noite, numa esp\u00e9cie de grande aventura rom\u00e2ntica e encantadora sob as estrelas.\n\n<script src=\"https:\/\/fareharbor.com\/embeds\/script\/calendar\/intothewildazorestours\/items\/124749\/?asn=fhdn-eur&amp;asn-ref=guidetotheazores&amp;ref=guidetotheazores&amp;bookable-only=yes&amp;full-items=yes&amp;marketplace=yes&amp;flow=no&amp;branding=no\"><\/script>\n<div class=\"flex items-start gap-4 mb-4 last:mb-0\" data-v-a5b16f77=\"\">\n<div class=\"min-w-0 flex-1\"><span class=\"fh-text fh-text--body-sm fh-text--medium\" data-v-3872b9c5=\"\">Dura\u00e7\u00e3o: <\/span>6 h \/ 6h 30<\/div>\n<\/div>\n<div class=\"flex items-start gap-4 mb-4 last:mb-0\" data-v-a5b16f77=\"\">\n<div class=\"mt-1 shrink-0\"><\/div>\n<div class=\"min-w-0 flex-1\"><span class=\"fh-text fh-text--body-sm fh-text--medium\" data-v-3872b9c5=\"\">Ponto de encontro: <\/span>Recolha no Hotel ou em qualquer outra resid\u00eancia nos arredores de Ponta Delgada<\/div>\n<\/div>\t\t\t\t<\/div>\n\t\t\t\t<a href=\"#\" rel=\"nofollow\" class=\"wd-more-desc-btn\" aria-label=\"Read more description\"><\/a>\n\t\t\t<\/div>\n\t\t\t<div class=\" wd-bottom-actions\">\n\t\t\t\t<div class=\"wrap-wishlist-button\"><\/div>\n\t\t\t\t<div class=\"wd-add-btn wd-add-btn-replace\">\n\t\t\t\t\t<a href=\"\" aria-describedby=\"woocommerce_loop_add_to_cart_link_describedby_25345\" data-quantity=\"1\" class=\"button product_type_external add-to-cart-loop\" data-product_id=\"25345\" data-product_sku=\"\" aria-label=\"Comprar &ldquo;Furnas Night Experience&rdquo;\" rel=\"nofollow\"><span>Comprar produto<\/span><\/a>\t<span id=\"woocommerce_loop_add_to_cart_link_describedby_25345\" class=\"screen-reader-text\">\n\t\t\t<\/span>\n\t\t\t\t\t\t\t\t\t\t\t\t\t\t\t\t\t\t\t\t<\/div>\n\t\t\t\t<div class=\"wrap-quickview-button\"><\/div>\n\t\t\t<\/div>\n\n\t\t\t\t\t\t\n\t\t\t\t\t<\/div>\n\t<\/div>\n<\/div>\n<\/div>\n<\/div>\n<\/div><\/div>\t\t\t\t<\/div>\n\t\t\t\t<\/div>\n\t\t\t\t\t<\/div>\n\t\t<\/div>\n\t\t\t\t\t<\/div>\n\t\t<\/section>\n\t\t\t\t<\/div>\n\t\t","protected":false},"excerpt":{"rendered":"<p>Os A\u00e7ores s\u00e3o 9 ilhas exuberantes no meio do Oceano Atl\u00e2ntico. Situam-se a cerca de 1.500 km da costa de Portugal e est\u00e3o suficientemente afastadas umas das outras, com exce\u00e7\u00e3o das tr\u00eas ilhas do Faial, Pico e S\u00e3o Jorge (o Tri\u00e2ngulo dos A\u00e7ores). Ent\u00e3o, se tens pouco tempo para as tuas f\u00e9rias, qual \u00e9 a melhor ilha dos A\u00e7ores para visitar? Que grupo de ilhas deves visitar?<\/p>\n","protected":false},"author":1,"featured_media":8508,"comment_status":"open","ping_status":"open","sticky":true,"template":"","format":"standard","meta":{"_acf_changed":false,"footnotes":""},"categories":[471,469],"tags":[],"class_list":["post-8724","post","type-post","status-publish","format-standard","has-post-thumbnail","hentry","category-atraccoes-dos-acores","category-sobre-os-acores"],"acf":[],"_links":{"self":[{"href":"https:\/\/guidetotheazores.pt\/pt-pt\/wp-json\/wp\/v2\/posts\/8724","targetHints":{"allow":["GET"]}}],"collection":[{"href":"https:\/\/guidetotheazores.pt\/pt-pt\/wp-json\/wp\/v2\/posts"}],"about":[{"href":"https:\/\/guidetotheazores.pt\/pt-pt\/wp-json\/wp\/v2\/types\/post"}],"author":[{"embeddable":true,"href":"https:\/\/guidetotheazores.pt\/pt-pt\/wp-json\/wp\/v2\/users\/1"}],"replies":[{"embeddable":true,"href":"https:\/\/guidetotheazores.pt\/pt-pt\/wp-json\/wp\/v2\/comments?post=8724"}],"version-history":[{"count":2,"href":"https:\/\/guidetotheazores.pt\/pt-pt\/wp-json\/wp\/v2\/posts\/8724\/revisions"}],"predecessor-version":[{"id":20952,"href":"https:\/\/guidetotheazores.pt\/pt-pt\/wp-json\/wp\/v2\/posts\/8724\/revisions\/20952"}],"wp:featuredmedia":[{"embeddable":true,"href":"https:\/\/guidetotheazores.pt\/pt-pt\/wp-json\/wp\/v2\/media\/8508"}],"wp:attachment":[{"href":"https:\/\/guidetotheazores.pt\/pt-pt\/wp-json\/wp\/v2\/media?parent=8724"}],"wp:term":[{"taxonomy":"category","embeddable":true,"href":"https:\/\/guidetotheazores.pt\/pt-pt\/wp-json\/wp\/v2\/categories?post=8724"},{"taxonomy":"post_tag","embeddable":true,"href":"https:\/\/guidetotheazores.pt\/pt-pt\/wp-json\/wp\/v2\/tags?post=8724"}],"curies":[{"name":"wp","href":"https:\/\/api.w.org\/{rel}","templated":true}]}}